{"id":808,"date":"2014-04-26T02:03:48","date_gmt":"2014-04-26T02:03:48","guid":{"rendered":"http:\/\/www.socepel.com.br\/wpress\/?p=808"},"modified":"2014-04-28T02:05:49","modified_gmt":"2014-04-28T02:05:49","slug":"calendario-de-vacinas-para-criancas-com-sindrome-de-down-do-estado-de-sao-paulo","status":"publish","type":"post","link":"https:\/\/socepel.com.br\/?p=808","title":{"rendered":"Calend\u00e1rio de Vacinas para Crian\u00e7as com S\u00edndrome de Down do Estado de S\u00e3o Paulo"},"content":{"rendered":"<p><strong>Crian\u00e7as com Down t\u00eam vacina\u00e7\u00e3o diferenciada no Estado de S\u00e3o Paulo<\/strong><\/p>\n<p>Uma iniciativa das secretarias de Estado da Sa\u00fade e dos Direitos das Pessoas com Defici\u00eancia do Estado de S\u00e3o Paulo possibilitou o acesso das crian\u00e7as e adolescentes\u00a0 portadores da S\u00edndrome de Down \u00e0s vacinas que n\u00e3o fazem parte do calend\u00e1rio de vacina\u00e7\u00e3o do Minist\u00e9rio da Sa\u00fade e que costumavam ser oferecidas somente por cl\u00ednicas privadas.<\/p>\n<p>Como \u00e9 uma a\u00e7\u00e3o do Governo do Estado de S\u00e3o Paulo, somente os moradores dessa regi\u00e3o do pa\u00eds poder\u00e3o ser beneficiadas com as vacinas diferenciadas, que n\u00e3o s\u00e3o encontradas na rede p\u00fablica.<\/p>\n<p>Quando do lan\u00e7amento desse calend\u00e1rio (mar\u00e7o de 2009) as vacinas pneumoc\u00f3cica e meningoc\u00f3cica C, Varicela (catapora) e Influenza (gripe) n\u00e3o estavam dispon\u00edveis no calend\u00e1rio do Minist\u00e9rios da Sa\u00fade, mas hoje em dia j\u00e1 fazem parte, portanto apenas a vacina contra a Hepatite A ser\u00e1 oferecida a mais nesse calend\u00e1rio diferenciado. Lembrando que atualmente a vacina contra a Influenza (gripe) est\u00e1 sendo oferecido pelo Minist\u00e9rio da Sa\u00fade, por\u00e9m h\u00e1 restri\u00e7\u00e3o em rela\u00e7\u00e3o a faixas et\u00e1rias e grupos\u00a0 populacionais.<\/p>\n<p>Mas aten\u00e7\u00e3o, esse calend\u00e1rio difere do calend\u00e1rio do Minist\u00e9rio da Sa\u00fade em quantidade e periodicidade das aplica\u00e7\u00f5es.<\/p>\n<p>Essa s\u00edndrome \u00e9 distinguida por um \u201cdefeitinho\u201d no cromossomo 21, chamada de Trissomia do 21, que causa defici\u00eancia de habilidades cognitivas e do desenvolvimento f\u00edsico.<\/p>\n<p>O cromossomo 21 tem a fun\u00e7\u00e3o de adequa\u00e7\u00e3o do sistema imunol\u00f3gico. \u00c9 por isso que as crian\u00e7as portadoras da S\u00edndrome de Down est\u00e3o mais suscet\u00edveis a viroses e infec\u00e7\u00f5es por bact\u00e9rias do que uma crian\u00e7a com perfeito funcionamento do cromossomo 21, explica o pediatra e geneticista Zan Mustacchi, chefe do Departamento de Gen\u00e9tica do Hospital Estadual Infantil Darcy Vargas.<\/p>\n<p>Fique atento &#8211; Como o risco de doen\u00e7as \u00e9 maior, o calend\u00e1rio vacinal deve ser diferenciado. As doen\u00e7as infecciosas s\u00e3o a segunda maior causa de morte entre as\u00a0 pessoas portadoras da S\u00edndrome de Down (90% dessas pessoas apresentam baixa imunidade).<\/p>\n<p>Abaixo o calend\u00e1rio recomendado pelo Estado da Sa\u00fade e dos Direitos das Pessoas com Defici\u00eancia do Estado de S\u00e3o Paulo publicada pelo Di\u00e1rio Oficial no dia 21\/03\/2009:<\/p>\n<p>Calend\u00e1rio de Vacinas para crian\u00e7as com s\u00edndrome de Down<\/p>\n<p>Fonte: http:\/\/pt.scribd.com\/doc\/220040871\/Calendario-de-Vacinas-para-Criancas-com-Sindrome-de-Down-do-Estado-de-Sao-Paulo<\/p>\n<p>&nbsp;<\/p>\n","protected":false},"excerpt":{"rendered":"<p>Crian\u00e7as com Down t\u00eam vacina\u00e7\u00e3o diferenciada no Estado de S\u00e3o Paulo Uma iniciativa das secretarias de Estado da Sa\u00fade e dos Direitos das Pessoas com Defici\u00eancia do Estado de S\u00e3o Paulo possibilitou o acesso das crian\u00e7as e adolescentes\u00a0 portadores da S\u00edndrome de Down \u00e0s vacinas que n\u00e3o fazem parte do calend\u00e1rio de vacina\u00e7\u00e3o do Minist\u00e9rio [&hellip;]<\/p>\n","protected":false},"author":4,"featured_media":0,"comment_status":"open","ping_status":"open","sticky":false,"template":"","format":"standard","meta":{"footnotes":""},"categories":[43,48],"tags":[],"class_list":["post-808","post","type-post","status-publish","format-standard","hentry","category-noticia","category-saude"],"_links":{"self":[{"href":"https:\/\/socepel.com.br\/index.php?rest_route=\/wp\/v2\/posts\/808","targetHints":{"allow":["GET"]}}],"collection":[{"href":"https:\/\/socepel.com.br\/index.php?rest_route=\/wp\/v2\/posts"}],"about":[{"href":"https:\/\/socepel.com.br\/index.php?rest_route=\/wp\/v2\/types\/post"}],"author":[{"embeddable":true,"href":"https:\/\/socepel.com.br\/index.php?rest_route=\/wp\/v2\/users\/4"}],"replies":[{"embeddable":true,"href":"https:\/\/socepel.com.br\/index.php?rest_route=%2Fwp%2Fv2%2Fcomments&post=808"}],"version-history":[{"count":1,"href":"https:\/\/socepel.com.br\/index.php?rest_route=\/wp\/v2\/posts\/808\/revisions"}],"predecessor-version":[{"id":809,"href":"https:\/\/socepel.com.br\/index.php?rest_route=\/wp\/v2\/posts\/808\/revisions\/809"}],"wp:attachment":[{"href":"https:\/\/socepel.com.br\/index.php?rest_route=%2Fwp%2Fv2%2Fmedia&parent=808"}],"wp:term":[{"taxonomy":"category","embeddable":true,"href":"https:\/\/socepel.com.br\/index.php?rest_route=%2Fwp%2Fv2%2Fcategories&post=808"},{"taxonomy":"post_tag","embeddable":true,"href":"https:\/\/socepel.com.br\/index.php?rest_route=%2Fwp%2Fv2%2Ftags&post=808"}],"curies":[{"name":"wp","href":"https:\/\/api.w.org\/{rel}","templated":true}]}}