{"id":806,"date":"2014-04-26T01:57:35","date_gmt":"2014-04-26T01:57:35","guid":{"rendered":"http:\/\/www.socepel.com.br\/wpress\/?p=806"},"modified":"2014-04-28T02:00:51","modified_gmt":"2014-04-28T02:00:51","slug":"sindrome-de-down-na-pauta-da-moda","status":"publish","type":"post","link":"https:\/\/socepel.com.br\/?p=806","title":{"rendered":"S\u00edndrome de Down na pauta da moda"},"content":{"rendered":"<ul>\n<li>Em homenagem \u00e0s m\u00e3es brasileiras, marca de<\/li>\n<\/ul>\n<p>sapatos convida m\u00e3e de filha com a s\u00edndrome para fotografar cat\u00e1logo de moda que circular\u00e1 em maio<\/p>\n<ul>\n<li>Objetivo \u00e9 valorizar a beleza real e a<\/li>\n<\/ul>\n<p>hist\u00f3ria de supera\u00e7\u00e3o na maternidade e,<\/p>\n<p>assim, refor\u00e7ar a autoestima e quebrar mitos<\/p>\n<p>Especial para Di\u00e1rio da manh\u00e3<\/p>\n<p>Ela tem quatro anos. O cabelo liso ressaltam seus olhos grandes e espertos, de gente curiosa, e chama aten\u00e7\u00e3o por onde passa. J\u00falia Aratake, ou \u201cPituca\u201d, como \u00e9 chamada carinhosamente pelos pais, \u00e9 portadora de s\u00edndrome de Down. O diagn\u00f3stico veio cedo, no quarto m\u00eas de gravidez. A not\u00edcia, que foi um susto no primeiro momento para sua m\u00e3e, Alessandra Aratake, tornou-se apenas um detalhe na medida em que o amor incondicional tomou conta da rela\u00e7\u00e3o entre as duas.<\/p>\n<p>Esta hist\u00f3ria estar\u00e1 estampada nos outdoors de Goi\u00e2nia e Bras\u00edlia nos pr\u00f3ximos dias. M\u00e3e e filha foram convidadas pela Nanda Manu para serem as estrelas da nova edi\u00e7\u00e3o da campanha \u201cNanda Manu, Brasileira da Cabe\u00e7a aos P\u00e9s\u201d, que est\u00e1 convidando mulheres de verdade para fotografar os cat\u00e1logos da grife de cal\u00e7ados goiana. A edi\u00e7\u00e3o especial de maio ser\u00e1 a homenagem da marca ao Dia das M\u00e3es. As sess\u00e3o de fotos foi realizada no bosque do Condom\u00ednio Horizontal Jardins Athenas.<\/p>\n<p>EMO\u00c7\u00c3O<\/p>\n<p>Alessandra fala que estrelar a campanha ao lado da filha a deixa muito feliz e realizada. \u201cQuero aproveitar esta oportunidade para mostrar que a s\u00edndrome n\u00e3o escolhe cor e nem classe social, e que a aceita\u00e7\u00e3o das diferen\u00e7as n\u00e3o precisa passar pelo preconceito\u201d, fala Alessandra, cuja luta representa a de milhares de outras m\u00e3es que t\u00eam filhos com mesmo diagn\u00f3stico. Segundo dados do Instituto Brasileiro de Geografia e Estat\u00edstica (IBGE), o n\u00famero de casos no Pa\u00eds supera os 300 mil.<\/p>\n<p>Ao tomar conhecimento sobre a hist\u00f3ria de Alessandra, o propriet\u00e1rio da grife, Flor\u00eancio J\u00fanior, logo vislumbrou que este deveria ser mais um exemplo a ser divulgado atrav\u00e9s da campanha \u201cNanda Manu, Brasileira da Cabe\u00e7a aos P\u00e9s\u201d, que neste m\u00eas de maio ir\u00e1 homenagear as m\u00e3es. Ele explica que a inten\u00e7\u00e3o da campanha \u00e9 mostrar que a beleza da mulher vai al\u00e9m dos padr\u00f5es est\u00e9ticos e continua existindo mesmo em um contexto de adversidades. \u201cA vida \u00e9 imperfeita e a beleza consiste em saber lidar com os desafios. Queremos traduzir isto no mundo da moda\u201d, diz.<\/p>\n<p>Ele acrescenta que esta edi\u00e7\u00e3o especial ao Dia das M\u00e3es, a expectativa \u00e9 que a campanha estimule a aceita\u00e7\u00e3o das diferen\u00e7as, a come\u00e7ar na rela\u00e7\u00e3o entre m\u00e3e e filho. \u201cQuando a gente apresenta hist\u00f3rias reais, que passam longe da perfei\u00e7\u00e3o, a gente est\u00e1 estimulando que as pessoas que vivem a mesma realidade se aceitem e se gostem mais. Em outras palavras, queremos refor\u00e7ar a autoestima das mulheres\u201d, completou.<\/p>\n<p>HIST\u00d3RIAS REAIS<\/p>\n<p>Quando soube da m\u00e1-forma\u00e7\u00e3o gen\u00e9tica da filha, Alessandra lembra que a rea\u00e7\u00e3o inicial foi semelhante a um luto. \u201cNo come\u00e7o foi dif\u00edcil, quando uma mulher engravida cria in\u00fameras expectativas. A minha idade na \u00e9poca estava fora do grupo de risco e descobrir que a J\u00falia exigiria uma s\u00e9rie de cuidados me deixou assustada\u201d.<\/p>\n<p>Contudo, a ang\u00fastia passou na medida em que ela descobriu como \u00e9 especial ser m\u00e3e de uma crian\u00e7a com S\u00edndrome de Down. A inseguran\u00e7a relacionada aos cuidados necess\u00e1rios com a filha e as situa\u00e7\u00f5es de preconceito, que ainda existem, ficaram para tr\u00e1s. \u201cNunca imaginei amar algu\u00e9m dessa forma. Costumo dizer que o cromossomo a mais da doen\u00e7a significa o cromossomo a mais do amor\u201d, diz Alessandra que, ap\u00f3s o nascimento, chegou a se mudar para S\u00e3o Paulo para que a filha fosse operada por problemas card\u00edacos.<\/p>\n<p>A vontade de saber mais do assunto e conhecer outras crian\u00e7as com a s\u00edndrome, fez com que Alessandra e mais quatro m\u00e3es criassem a Associa\u00e7\u00e3o Mais 21, voltada para a troca de informa\u00e7\u00f5es e experi\u00eancias de crian\u00e7as que t\u00eam o diagn\u00f3stico.<\/p>\n<p>Alessandra \u00e9 a segunda modelo real que participa da campanha \u201cNanda Manu, Brasileira da Cabe\u00e7a aos P\u00e9s\u201d. A iniciativa foi lan\u00e7ada em mar\u00e7o deste ano com o cat\u00e1logo de lan\u00e7amento da cole\u00e7\u00e3o outono-inverno. Para estrelar o material publicit\u00e1rio, foi convidada a paratleta Marinalva Almeida. M\u00e3e de tr\u00eas filhos, Marinalva perdeu a perna esquerda, aos 15 anos de idade, em um acidente com moto, e hoje tornou-se esportista e modelo. At\u00e9 o final do ano, a marca pretende quebrar outros tabus, convidando mulheres que quebram o padr\u00e3o da moda para apresentar sua beleza real.<\/p>\n<p>Fonte: http:\/\/www.dm.com.br\/texto\/174473-sandrome-de-down-na-pauta-da-moda<\/p>\n","protected":false},"excerpt":{"rendered":"<p>Em homenagem \u00e0s m\u00e3es brasileiras, marca de sapatos convida m\u00e3e de filha com a s\u00edndrome para fotografar cat\u00e1logo de moda que circular\u00e1 em maio Objetivo \u00e9 valorizar a beleza real e a hist\u00f3ria de supera\u00e7\u00e3o na maternidade e, assim, refor\u00e7ar a autoestima e quebrar mitos Especial para Di\u00e1rio da manh\u00e3 Ela tem quatro anos. O [&hellip;]<\/p>\n","protected":false},"author":4,"featured_media":0,"comment_status":"open","ping_status":"open","sticky":false,"template":"","format":"standard","meta":{"footnotes":""},"categories":[28,43],"tags":[],"class_list":["post-806","post","type-post","status-publish","format-standard","hentry","category-geral","category-noticia"],"_links":{"self":[{"href":"https:\/\/socepel.com.br\/index.php?rest_route=\/wp\/v2\/posts\/806","targetHints":{"allow":["GET"]}}],"collection":[{"href":"https:\/\/socepel.com.br\/index.php?rest_route=\/wp\/v2\/posts"}],"about":[{"href":"https:\/\/socepel.com.br\/index.php?rest_route=\/wp\/v2\/types\/post"}],"author":[{"embeddable":true,"href":"https:\/\/socepel.com.br\/index.php?rest_route=\/wp\/v2\/users\/4"}],"replies":[{"embeddable":true,"href":"https:\/\/socepel.com.br\/index.php?rest_route=%2Fwp%2Fv2%2Fcomments&post=806"}],"version-history":[{"count":1,"href":"https:\/\/socepel.com.br\/index.php?rest_route=\/wp\/v2\/posts\/806\/revisions"}],"predecessor-version":[{"id":807,"href":"https:\/\/socepel.com.br\/index.php?rest_route=\/wp\/v2\/posts\/806\/revisions\/807"}],"wp:attachment":[{"href":"https:\/\/socepel.com.br\/index.php?rest_route=%2Fwp%2Fv2%2Fmedia&parent=806"}],"wp:term":[{"taxonomy":"category","embeddable":true,"href":"https:\/\/socepel.com.br\/index.php?rest_route=%2Fwp%2Fv2%2Fcategories&post=806"},{"taxonomy":"post_tag","embeddable":true,"href":"https:\/\/socepel.com.br\/index.php?rest_route=%2Fwp%2Fv2%2Ftags&post=806"}],"curies":[{"name":"wp","href":"https:\/\/api.w.org\/{rel}","templated":true}]}}