{"id":802,"date":"2014-04-25T01:26:20","date_gmt":"2014-04-25T01:26:20","guid":{"rendered":"http:\/\/www.socepel.com.br\/wpress\/?p=802"},"modified":"2014-04-28T01:31:48","modified_gmt":"2014-04-28T01:31:48","slug":"curso-do-pronatec-forma-20-mulheres-em-libras-intermediario","status":"publish","type":"post","link":"https:\/\/socepel.com.br\/?p=802","title":{"rendered":"Curso do Pronatec forma 20 mulheres em Libras intermedi\u00e1rio"},"content":{"rendered":"<p><b><a href=\"http:\/\/www.socepel.com.br\/wpress\/wp-content\/uploads\/2014\/04\/Noticia_20140425-1_Imagem.jpg\"><img loading=\"lazy\" decoding=\"async\" class=\"aligncenter size-full wp-image-803\" alt=\"Noticia_20140425-1_Imagem\" src=\"http:\/\/www.socepel.com.br\/wpress\/wp-content\/uploads\/2014\/04\/Noticia_20140425-1_Imagem.jpg\" width=\"500\" height=\"375\" srcset=\"https:\/\/socepel.com.br\/wp-content\/uploads\/2014\/04\/Noticia_20140425-1_Imagem.jpg 500w, https:\/\/socepel.com.br\/wp-content\/uploads\/2014\/04\/Noticia_20140425-1_Imagem-300x225.jpg 300w\" sizes=\"auto, (max-width: 500px) 100vw, 500px\" \/><\/a>\u00a0 PALMITOS &#8211;<\/b> A Administra\u00e7\u00e3o Municipal de Palmitos por meio da Secretaria de Assist\u00eancia Social do munic\u00edpio e o Programa Nacional de Acesso ao Ensino T\u00e9cnico e Emprego \u2013 Pronatec realizou, na quarta-feira, dia 16, a formatura do curso de L\u00edngua Brasileira de Sinais \u2013 Libras, n\u00edvel intermedi\u00e1rio. A formatura foi realizada no audit\u00f3rio da prefeitura.<\/p>\n<p>A secret\u00e1ria de Assist\u00eancia Social, Andreza Slomski, declara que sente orgulho em ver tantas mulheres se formando, resultado do empenho das equipes de apoio, e dos alunos que buscam este conhecimento para poder aplicar em suas \u00e1reas de atua\u00e7\u00e3o. \u201cAs pessoas que est\u00e3o se formando s\u00e3o aquelas que se desafiaram a aprender um novo processo de comunica\u00e7\u00e3o, para se tornar protagonistas no processo de inclus\u00e3o daqueles que, por falta da audi\u00e7\u00e3o e da fala, t\u00eam a necessidade de comunicar-se atrav\u00e9s da l\u00edngua de sinais\u201d, comenta.<\/p>\n<p>O professor da turma, Anderson Luchese, referiu \u00e0 import\u00e2ncia de ter profissionais que interpretem a l\u00edngua de sinais e a experi\u00eancia de poder ensinar esta linguagem. Representando os cursos Pronatec, a diretora do SEST\/SENAT, Geila Beck, explica que a entidade desenvolve cursos de qualifica\u00e7\u00e3o profissional atrav\u00e9s do Pronatec, objetivando contribuir para a expans\u00e3o e democratiza\u00e7\u00e3o da oferta de cursos de educa\u00e7\u00e3o profissional, em diversas \u00e1reas do conhecimento.<\/p>\n<p>As 20 mulheres formadas foram:\u00a0Josiane Taide Prediger, Clair Neuruth Wink Aita, Cleonice Zimmermann, Deisi Gugel, Dirce Jappe Denschenski, Leda Maria Matte Perin, Lourdes Elena Soares, Lubna Danieli Fruhauf, Margot Steffens Mior, Maria Cristina Carvalho de Lima, Marileusa Schmitz Pereira, Odete Tretto, Raquel Cristina Dalcero, Rosanes Izabel Guzzon Scheidt, Roselei Maria Bernardi Reinheimer, Sirlei Galvagni Schneider, Soeli Midtelstedt Hoppe, Vanessa Dortelmann Pires, Vanessa Izabel Secchi e Vera Cristina Huppes Mior.<\/p>\n<p><b><a href=\"http:\/\/www.socepel.com.br\/wpress\/wp-content\/uploads\/2014\/04\/Noticia_20140425-2_Imagem.jpg\"><img loading=\"lazy\" decoding=\"async\" class=\"aligncenter size-full wp-image-804\" alt=\"Noticia_20140425-2_Imagem\" src=\"http:\/\/www.socepel.com.br\/wpress\/wp-content\/uploads\/2014\/04\/Noticia_20140425-2_Imagem.jpg\" width=\"600\" height=\"435\" srcset=\"https:\/\/socepel.com.br\/wp-content\/uploads\/2014\/04\/Noticia_20140425-2_Imagem.jpg 600w, https:\/\/socepel.com.br\/wp-content\/uploads\/2014\/04\/Noticia_20140425-2_Imagem-300x217.jpg 300w\" sizes=\"auto, (max-width: 600px) 100vw, 600px\" \/><\/a>Foto: Aline Reinheimer<\/b><\/p>\n<p>Fonte: http:\/\/www.adjorisc.com.br\/jornais\/expressodoeste\/cidades\/curso-do-pronatec-forma-20-mulheres-em-libras-intermediario-1.1452041<\/p>\n","protected":false},"excerpt":{"rendered":"<p>\u00a0 PALMITOS &#8211; A Administra\u00e7\u00e3o Municipal de Palmitos por meio da Secretaria de Assist\u00eancia Social do munic\u00edpio e o Programa Nacional de Acesso ao Ensino T\u00e9cnico e Emprego \u2013 Pronatec realizou, na quarta-feira, dia 16, a formatura do curso de L\u00edngua Brasileira de Sinais \u2013 Libras, n\u00edvel intermedi\u00e1rio. A formatura foi realizada no audit\u00f3rio da [&hellip;]<\/p>\n","protected":false},"author":4,"featured_media":0,"comment_status":"open","ping_status":"open","sticky":false,"template":"","format":"standard","meta":{"footnotes":""},"categories":[19,43],"tags":[],"class_list":["post-802","post","type-post","status-publish","format-standard","hentry","category-educacao","category-noticia"],"_links":{"self":[{"href":"https:\/\/socepel.com.br\/index.php?rest_route=\/wp\/v2\/posts\/802","targetHints":{"allow":["GET"]}}],"collection":[{"href":"https:\/\/socepel.com.br\/index.php?rest_route=\/wp\/v2\/posts"}],"about":[{"href":"https:\/\/socepel.com.br\/index.php?rest_route=\/wp\/v2\/types\/post"}],"author":[{"embeddable":true,"href":"https:\/\/socepel.com.br\/index.php?rest_route=\/wp\/v2\/users\/4"}],"replies":[{"embeddable":true,"href":"https:\/\/socepel.com.br\/index.php?rest_route=%2Fwp%2Fv2%2Fcomments&post=802"}],"version-history":[{"count":1,"href":"https:\/\/socepel.com.br\/index.php?rest_route=\/wp\/v2\/posts\/802\/revisions"}],"predecessor-version":[{"id":805,"href":"https:\/\/socepel.com.br\/index.php?rest_route=\/wp\/v2\/posts\/802\/revisions\/805"}],"wp:attachment":[{"href":"https:\/\/socepel.com.br\/index.php?rest_route=%2Fwp%2Fv2%2Fmedia&parent=802"}],"wp:term":[{"taxonomy":"category","embeddable":true,"href":"https:\/\/socepel.com.br\/index.php?rest_route=%2Fwp%2Fv2%2Fcategories&post=802"},{"taxonomy":"post_tag","embeddable":true,"href":"https:\/\/socepel.com.br\/index.php?rest_route=%2Fwp%2Fv2%2Ftags&post=802"}],"curies":[{"name":"wp","href":"https:\/\/api.w.org\/{rel}","templated":true}]}}