{"id":799,"date":"2014-04-25T01:18:07","date_gmt":"2014-04-25T01:18:07","guid":{"rendered":"http:\/\/www.socepel.com.br\/wpress\/?p=799"},"modified":"2014-04-28T01:21:22","modified_gmt":"2014-04-28T01:21:22","slug":"libras-com-arte-incentiva-conscientizacao-nos-12-anos-da-lingua-de-sinais","status":"publish","type":"post","link":"https:\/\/socepel.com.br\/?p=799","title":{"rendered":"Libras com Arte incentiva conscientiza\u00e7\u00e3o nos 12 anos da l\u00edngua de sinais"},"content":{"rendered":"<p><a href=\"http:\/\/www.socepel.com.br\/wpress\/wp-content\/uploads\/2014\/04\/Noticia_20140425-2-2_Imagem.jpg\"><img loading=\"lazy\" decoding=\"async\" class=\"aligncenter size-full wp-image-800\" alt=\"Noticia_20140425-2-2_Imagem\" src=\"http:\/\/www.socepel.com.br\/wpress\/wp-content\/uploads\/2014\/04\/Noticia_20140425-2-2_Imagem.jpg\" width=\"439\" height=\"153\" srcset=\"https:\/\/socepel.com.br\/wp-content\/uploads\/2014\/04\/Noticia_20140425-2-2_Imagem.jpg 439w, https:\/\/socepel.com.br\/wp-content\/uploads\/2014\/04\/Noticia_20140425-2-2_Imagem-300x104.jpg 300w\" sizes=\"auto, (max-width: 439px) 100vw, 439px\" \/><\/a>A L\u00edngua Brasileira de Sinais (Libras) completa 12 anos como a segunda l\u00edngua oficial do Brasil e o projeto de extens\u00e3o Di\u00e1logos de Inclus\u00e3o, em parceria com o projeto MedCine, promovem nesta quinta-feira dia 24 de abril, o evento <i>Libras com Arte<\/i>, que ser\u00e1 realizada no campus UFMG Sa\u00fade. O objetivo \u00e9 provocar reflex\u00f5es do uso da Libras no cotidiano, em especial na \u00e1rea de sa\u00fade.<\/p>\n<p>O evento exibir\u00e1 pain\u00e9is sobre a hist\u00f3ria da l\u00edngua de sinais e cultura surda, al\u00e9m de oficinas e exibi\u00e7\u00e3o do filme <i>E o seu nome \u00e9 Jonas<\/i> com interpreta\u00e7\u00e3o em Libras, seguido de debate.<\/p>\n<p>A coordenadora Lina Soares pontua como \u00e9 importante \u201ca possibilidade de integra\u00e7\u00e3o atrav\u00e9s da arte, para romper com os impasses existentes\u201d.<\/p>\n<p>O p\u00fablico confere ainda apresenta\u00e7\u00f5es de m\u00fasica, dan\u00e7a, teatro e exposi\u00e7\u00f5es de desenhos. Todas as atividades s\u00e3o abertas, com inscri\u00e7\u00f5es apenas para as oficinas no dia e local do evento.<\/p>\n<p>A programa\u00e7\u00e3o completa do <i>Libras com Arte <\/i>pode ser consultada no <b><span style=\"text-decoration: underline;\"><a href=\"http:\/\/www.letras.ufmg.br\/dialogosdeinclusao\/\" target=\"_self\">www.letras.ufmg.br\/dialogosdeinclusao<\/a><\/span><\/b>. O evento come\u00e7a ao meio-dia no Campus Sa\u00fade, que fica na Av. Alfredo Balena, 190, Santa Efig\u00eania. Mais informa\u00e7\u00f5es pelo telefone: 3409-3956<\/p>\n<p><b>Libras<\/b><br \/>\nA Libras passou por muitos desafios at\u00e9 ser decretada pelo Governo Federal como segunda l\u00edngua oficial, em 24 de abril de 2002. Recebeu a estrutura de l\u00edngua natural, com complexidades pr\u00f3prias e comunica\u00e7\u00e3o eficaz, e seu reconhecimento resultou na regulamenta\u00e7\u00e3o da profiss\u00e3o de Tradutor\/Interprete de Libras como atividade legal e necess\u00e1ria.<\/p>\n<p>Fonte:https:\/\/www2.ufmg.br\/proex\/Noticias\/Noticias\/Libras-com-Arte-incentiva-conscientizacao-nos-12-anos-da-lingua-de-sinais<\/p>\n","protected":false},"excerpt":{"rendered":"<p>A L\u00edngua Brasileira de Sinais (Libras) completa 12 anos como a segunda l\u00edngua oficial do Brasil e o projeto de extens\u00e3o Di\u00e1logos de Inclus\u00e3o, em parceria com o projeto MedCine, promovem nesta quinta-feira dia 24 de abril, o evento Libras com Arte, que ser\u00e1 realizada no campus UFMG Sa\u00fade. O objetivo \u00e9 provocar reflex\u00f5es do [&hellip;]<\/p>\n","protected":false},"author":4,"featured_media":0,"comment_status":"open","ping_status":"open","sticky":false,"template":"","format":"standard","meta":{"footnotes":""},"categories":[19,43],"tags":[],"class_list":["post-799","post","type-post","status-publish","format-standard","hentry","category-educacao","category-noticia"],"_links":{"self":[{"href":"https:\/\/socepel.com.br\/index.php?rest_route=\/wp\/v2\/posts\/799","targetHints":{"allow":["GET"]}}],"collection":[{"href":"https:\/\/socepel.com.br\/index.php?rest_route=\/wp\/v2\/posts"}],"about":[{"href":"https:\/\/socepel.com.br\/index.php?rest_route=\/wp\/v2\/types\/post"}],"author":[{"embeddable":true,"href":"https:\/\/socepel.com.br\/index.php?rest_route=\/wp\/v2\/users\/4"}],"replies":[{"embeddable":true,"href":"https:\/\/socepel.com.br\/index.php?rest_route=%2Fwp%2Fv2%2Fcomments&post=799"}],"version-history":[{"count":1,"href":"https:\/\/socepel.com.br\/index.php?rest_route=\/wp\/v2\/posts\/799\/revisions"}],"predecessor-version":[{"id":801,"href":"https:\/\/socepel.com.br\/index.php?rest_route=\/wp\/v2\/posts\/799\/revisions\/801"}],"wp:attachment":[{"href":"https:\/\/socepel.com.br\/index.php?rest_route=%2Fwp%2Fv2%2Fmedia&parent=799"}],"wp:term":[{"taxonomy":"category","embeddable":true,"href":"https:\/\/socepel.com.br\/index.php?rest_route=%2Fwp%2Fv2%2Fcategories&post=799"},{"taxonomy":"post_tag","embeddable":true,"href":"https:\/\/socepel.com.br\/index.php?rest_route=%2Fwp%2Fv2%2Ftags&post=799"}],"curies":[{"name":"wp","href":"https:\/\/api.w.org\/{rel}","templated":true}]}}