{"id":792,"date":"2014-04-24T02:03:30","date_gmt":"2014-04-24T02:03:30","guid":{"rendered":"http:\/\/www.socepel.com.br\/wpress\/?p=792"},"modified":"2014-04-27T02:08:03","modified_gmt":"2014-04-27T02:08:03","slug":"a-ufmt-mais-uma-vez-inovou-se-adequando-as-reais-necessidades","status":"publish","type":"post","link":"https:\/\/socepel.com.br\/?p=792","title":{"rendered":"A UFMT, mais uma vez, inovou se adequando as reais necessidades"},"content":{"rendered":"<p><strong>S\u00e1bia inser\u00e7\u00e3o!<\/strong><\/p>\n<p><a href=\"http:\/\/www.socepel.com.br\/wpress\/wp-content\/uploads\/2014\/04\/Noticia_20140424_Imagem1.jpg\"><img loading=\"lazy\" decoding=\"async\" class=\"alignleft size-medium wp-image-794\" alt=\"Noticia_20140424_Imagem\" src=\"http:\/\/www.socepel.com.br\/wpress\/wp-content\/uploads\/2014\/04\/Noticia_20140424_Imagem1-300x197.jpg\" width=\"300\" height=\"197\" srcset=\"https:\/\/socepel.com.br\/wp-content\/uploads\/2014\/04\/Noticia_20140424_Imagem1-300x197.jpg 300w, https:\/\/socepel.com.br\/wp-content\/uploads\/2014\/04\/Noticia_20140424_Imagem1.jpg 310w\" sizes=\"auto, (max-width: 300px) 100vw, 300px\" \/><\/a>A inser\u00e7\u00e3o de pessoas no mercado de trabalho \u00e9 algo realmente louv\u00e1vel, h\u00e1 de se reconhecer, o esfor\u00e7o herc\u00faleo praticado por \u00f3rg\u00e3os p\u00fablicos como por institui\u00e7\u00f5es privadas, no sentido de inserir um maior n\u00famero de pessoas no mercado de trabalho, isso, em se tratando de pessoas, sem defici\u00eancia f\u00edsica e, ainda assim \u00e9 dif\u00edcil.<br \/>\nAgora, imaginem voc\u00eas, como ficam as pessoas, que apresentam alguma defici\u00eancia cong\u00eanita, com a auditiva, ai sim, a situa\u00e7\u00e3o se agrava ainda mais. A Universidade Federal de Mato Grosso (UFMT), mais uma vez, inovou se adequando as reais necessidades, de pessoas com limita\u00e7\u00f5es f\u00edsicas (auditivas), com a inser\u00e7\u00e3o do edital, com as normas rotinas e procedimentos necess\u00e1rios ao ingresso, no per\u00edodo de 2014, turno vespertino, no curso em gradua\u00e7\u00e3o em Letras &#8211; licenciatura em L\u00edngua Brasileira de Sinais (Libras), campus de Cuiab\u00e1, na modalidade presencial, esta implanta\u00e7\u00e3o na verdade, representa a quebra de mais um paradigma.<\/p>\n<p>A Universidade Federal de Mato Grosso (UFMT), atrav\u00e9s desse mesmo edital, oferta 40 vagas, distribu\u00eddas nas seguintes categorias: a\u00e7\u00e3o afirmativa para surdo, decreto n\u00ba 5.626\/2005 ofertando (15 vagas), e a\u00e7\u00e3o afirmativa para Lei de Cotas, Lei n\u00ba 12.711\/2012 (10 vagas).<\/p>\n<p>Essa a\u00e7\u00e3o efetiva e arrojada da (UFMT), no sentido da cria\u00e7\u00e3o desse curso, tem como vertente uma s\u00e9rie de fatores, entre os quais: a a\u00e7\u00e3o conjunta de associa\u00e7\u00f5es, entidades filantr\u00f3picas, movimentos surdos, comunidades surdas, fontes hist\u00f3ricas, pedagogia surda, mem\u00f3rias surdas, entre tantos outros artefatos culturais voltadas a essa minoria.<\/p>\n<p><strong>\u00a0&#8220;A implementa\u00e7\u00e3o de pol\u00edticas p\u00fablicas altru\u00edstas acontecem atrav\u00e9s de a\u00e7\u00f5es que demandam: coragem, arrojo e mais do que isso, vontade de fazer&#8221;<\/strong><\/p>\n<p>A implementa\u00e7\u00e3o de pol\u00edticas p\u00fablicas altru\u00edstas acontecem atrav\u00e9s de a\u00e7\u00f5es que demandam: coragem, arrojo e mais do que isso, vontade de fazer, assim como acontece na Escola Estadual Fenelon Muller, situada no bairro CPA II; tendo como Diretora dessa unidade escolar, a professora Maria Helena da Silva, que tem entre seus alunos, alguns com defici\u00eancia auditiva, por\u00e9m os mesmos s\u00e3o acompanhados por pessoas devidamente treinadas, exercendo, essa dif\u00edcil tarefa, por\u00e9m gratificante.<\/p>\n<p>A referida escola estadual potencializa uma s\u00e9rie de projetos pedag\u00f3gicos, existindo l\u00e1, uma sala especifica para isso, chamada de sala de projetos, est\u00e3o inseridos nesse contexto; funcion\u00e1rios e colaboradores, pessoas com necessidades especiais, entre elas as auditivas.<\/p>\n<p>Orienta esse projeto com maestria a professora Alessandra Andrade Silva, que apesar de ser uma pessoa sem nenhuma anomalia cong\u00eanita, tem uma habilidade em libras de dar inveja, por isso executa um trabalho condizente com as necessidades dessas pessoas especiais.<\/p>\n<p>Agora, com a cria\u00e7\u00e3o desse curso na Universidade Federal de Mato Grosso (UFMT), por certo, ir\u00e1 estimular toda rede p\u00fablica, estadual e municipal, com a inser\u00e7\u00e3o dessas pessoas com defici\u00eancia auditiva, fazendo com que os mesmos, possam ser inseridos n\u00e3o s\u00f3 no mercado de trabalho, como tamb\u00e9m sejam reconhecidas como pessoas capazes de desenvolver trabalhos cognitivos.<\/p>\n<p>Tudo que foi dito, tem como inspira\u00e7\u00e3o, a fala de um psiquiatra surdo Noruegu\u00eas, Terje Basilier, que disse \u201cQuando eu aceito a l\u00edngua de outra pessoa, eu aceito a pessoa&#8230;.Quando eu rejeito a l\u00edngua, eu rejeito a pessoa porque a l\u00edngua \u00e9 parte de nos mesmos&#8230;Quando eu aceito a L\u00edngua de Sinais, eu aceito o surdo, \u00e9 importante ter sempre em mente que o surdo tem o direito de ser surdo. N\u00f3s n\u00e3o devemos mud\u00e1-los, devemos ensin\u00e1-los, mas temos que permitir-lhes ser surdo\u201d<\/p>\n<p><b>LICIO ANTONIO MALHEIROS<\/b>\u00a0\u00e9 professor em Cuiab\u00e1<\/p>\n<p>Fonte: http:\/\/www.midianews.com.br\/conteudo.php?sid=262&amp;cid=195755<\/p>\n","protected":false},"excerpt":{"rendered":"<p>S\u00e1bia inser\u00e7\u00e3o! A inser\u00e7\u00e3o de pessoas no mercado de trabalho \u00e9 algo realmente louv\u00e1vel, h\u00e1 de se reconhecer, o esfor\u00e7o herc\u00faleo praticado por \u00f3rg\u00e3os p\u00fablicos como por institui\u00e7\u00f5es privadas, no sentido de inserir um maior n\u00famero de pessoas no mercado de trabalho, isso, em se tratando de pessoas, sem defici\u00eancia f\u00edsica e, ainda assim \u00e9 [&hellip;]<\/p>\n","protected":false},"author":4,"featured_media":0,"comment_status":"open","ping_status":"open","sticky":false,"template":"","format":"standard","meta":{"footnotes":""},"categories":[19,43],"tags":[],"class_list":["post-792","post","type-post","status-publish","format-standard","hentry","category-educacao","category-noticia"],"_links":{"self":[{"href":"https:\/\/socepel.com.br\/index.php?rest_route=\/wp\/v2\/posts\/792","targetHints":{"allow":["GET"]}}],"collection":[{"href":"https:\/\/socepel.com.br\/index.php?rest_route=\/wp\/v2\/posts"}],"about":[{"href":"https:\/\/socepel.com.br\/index.php?rest_route=\/wp\/v2\/types\/post"}],"author":[{"embeddable":true,"href":"https:\/\/socepel.com.br\/index.php?rest_route=\/wp\/v2\/users\/4"}],"replies":[{"embeddable":true,"href":"https:\/\/socepel.com.br\/index.php?rest_route=%2Fwp%2Fv2%2Fcomments&post=792"}],"version-history":[{"count":1,"href":"https:\/\/socepel.com.br\/index.php?rest_route=\/wp\/v2\/posts\/792\/revisions"}],"predecessor-version":[{"id":795,"href":"https:\/\/socepel.com.br\/index.php?rest_route=\/wp\/v2\/posts\/792\/revisions\/795"}],"wp:attachment":[{"href":"https:\/\/socepel.com.br\/index.php?rest_route=%2Fwp%2Fv2%2Fmedia&parent=792"}],"wp:term":[{"taxonomy":"category","embeddable":true,"href":"https:\/\/socepel.com.br\/index.php?rest_route=%2Fwp%2Fv2%2Fcategories&post=792"},{"taxonomy":"post_tag","embeddable":true,"href":"https:\/\/socepel.com.br\/index.php?rest_route=%2Fwp%2Fv2%2Ftags&post=792"}],"curies":[{"name":"wp","href":"https:\/\/api.w.org\/{rel}","templated":true}]}}