{"id":781,"date":"2014-04-18T14:43:08","date_gmt":"2014-04-18T14:43:08","guid":{"rendered":"http:\/\/www.socepel.com.br\/wpress\/?p=781"},"modified":"2014-04-20T14:44:09","modified_gmt":"2014-04-20T14:44:09","slug":"instituto-de-surdos-de-londrina-tera-r-140-mil-do-estado-para-reformas","status":"publish","type":"post","link":"https:\/\/socepel.com.br\/?p=781","title":{"rendered":"Instituto de Surdos de Londrina ter\u00e1 R$ 140 mil do Estado para reformas"},"content":{"rendered":"<p>O Instituto Londrinense de Educa\u00e7\u00e3o de Surdos (ILES) recebeu, na \u00faltima semana, um incremento de R$ 144 mil do governo do Estado para promover reformas em geral. O valor j\u00e1 tem destino final. Ser\u00e1 aplicado em obras para conter a infiltra\u00e7\u00e3o na biblioteca, impermeabilizar paredes, entre outras provid\u00eancias estruturais.<\/p>\n<p>A diretora do Instituto, Doralice Dias da Silva, tamb\u00e9m destacou que ser\u00e1 preciso trocar o teto do audit\u00f3tio do ILES. Ela aguarda a escolha, por meio do N\u00facleo Regional de Ensino (NRE), da construtora que tocar\u00e1 os servi\u00e7os.<\/p>\n<p>Mesmo contemplando parte das necessidades, o recurso ainda n\u00e3o vai cobrir todos os problemas da unidade. A Secretaria de Estado da Educa\u00e7\u00e3o analisa, a pedido do governador Beto Richa (PSDB), a libera\u00e7\u00e3o de verba para a cobertura da quadra esportiva da escola. O repasse dos R$ 144 mil iniciais ocorreu poucos dias ap\u00f3s Richa visitar as instala\u00e7\u00f5es do Instituto, em 4 de abril.<\/p>\n<p>Fundado h\u00e1 55 anos pelo casal Rosalina Lopes Franciscon \u2013 atual presidente \u2013 e Od\u00e9sio Franciscon, falecido em 1999, h\u00e1 dez anos o ILES passou a contar com administra\u00e7\u00e3o estadual para que pudesse oferecer o ensino m\u00e9dio, no qual est\u00e3o matriculados 22 alunos, em tempo integral. A escola tem 80 alunos na pr\u00e9-escola e ensino fundamental e 30 professores \u2013 oito deles formados por ela.<\/p>\n<p><span style=\"font-size: small;\">Fonte:http:\/\/londrina.odiario.com\/londrina\/noticia\/825026\/instituto-de-surdos-de-londrina-tera-r$-140-mil-do-estado-para-reformas\/<\/span><\/p>\n","protected":false},"excerpt":{"rendered":"<p>O Instituto Londrinense de Educa\u00e7\u00e3o de Surdos (ILES) recebeu, na \u00faltima semana, um incremento de R$ 144 mil do governo do Estado para promover reformas em geral. O valor j\u00e1 tem destino final. Ser\u00e1 aplicado em obras para conter a infiltra\u00e7\u00e3o na biblioteca, impermeabilizar paredes, entre outras provid\u00eancias estruturais. A diretora do Instituto, Doralice Dias [&hellip;]<\/p>\n","protected":false},"author":4,"featured_media":0,"comment_status":"open","ping_status":"open","sticky":false,"template":"","format":"standard","meta":{"footnotes":""},"categories":[28],"tags":[],"class_list":["post-781","post","type-post","status-publish","format-standard","hentry","category-geral"],"_links":{"self":[{"href":"https:\/\/socepel.com.br\/index.php?rest_route=\/wp\/v2\/posts\/781","targetHints":{"allow":["GET"]}}],"collection":[{"href":"https:\/\/socepel.com.br\/index.php?rest_route=\/wp\/v2\/posts"}],"about":[{"href":"https:\/\/socepel.com.br\/index.php?rest_route=\/wp\/v2\/types\/post"}],"author":[{"embeddable":true,"href":"https:\/\/socepel.com.br\/index.php?rest_route=\/wp\/v2\/users\/4"}],"replies":[{"embeddable":true,"href":"https:\/\/socepel.com.br\/index.php?rest_route=%2Fwp%2Fv2%2Fcomments&post=781"}],"version-history":[{"count":1,"href":"https:\/\/socepel.com.br\/index.php?rest_route=\/wp\/v2\/posts\/781\/revisions"}],"predecessor-version":[{"id":782,"href":"https:\/\/socepel.com.br\/index.php?rest_route=\/wp\/v2\/posts\/781\/revisions\/782"}],"wp:attachment":[{"href":"https:\/\/socepel.com.br\/index.php?rest_route=%2Fwp%2Fv2%2Fmedia&parent=781"}],"wp:term":[{"taxonomy":"category","embeddable":true,"href":"https:\/\/socepel.com.br\/index.php?rest_route=%2Fwp%2Fv2%2Fcategories&post=781"},{"taxonomy":"post_tag","embeddable":true,"href":"https:\/\/socepel.com.br\/index.php?rest_route=%2Fwp%2Fv2%2Ftags&post=781"}],"curies":[{"name":"wp","href":"https:\/\/api.w.org\/{rel}","templated":true}]}}