{"id":6800,"date":"2020-06-22T23:31:00","date_gmt":"2020-06-22T23:31:00","guid":{"rendered":"https:\/\/socepel.com.br\/?p=6800"},"modified":"2020-08-27T18:07:02","modified_gmt":"2020-08-27T18:07:02","slug":"noticia_20200622_ensino-de-libras-pode-ser-obrigatorio-na-formacao-de-profissionais-do-magisterio","status":"publish","type":"post","link":"https:\/\/socepel.com.br\/?p=6800","title":{"rendered":"Ensino de Libras pode ser obrigat\u00f3rio na forma\u00e7\u00e3o de profissionais do magist\u00e9rio"},"content":{"rendered":"\n<figure class=\"wp-block-image size-large\"><img loading=\"lazy\" decoding=\"async\" width=\"541\" height=\"94\" src=\"https:\/\/socepel.com.br\/wp-content\/uploads\/2020\/06\/Noticia_20200622A_Imagem.jpg\" alt=\"\" class=\"wp-image-6808\" srcset=\"https:\/\/socepel.com.br\/wp-content\/uploads\/2020\/06\/Noticia_20200622A_Imagem.jpg 541w, https:\/\/socepel.com.br\/wp-content\/uploads\/2020\/06\/Noticia_20200622A_Imagem-300x52.jpg 300w\" sizes=\"auto, (max-width: 541px) 100vw, 541px\" \/><\/figure>\n\n\n\n<p>A L\u00edngua Brasileira de Sinais \u00e9 utilizada para a comunica\u00e7\u00e3o dos deficientes auditivos<\/p>\n\n\n\n<p>Nesta segunda-feira (22\/6), a&nbsp;<a rel=\"noreferrer noopener\" href=\"https:\/\/www.al.sp.gov.br\/alesp\/comissao?idComissao=12447\" target=\"_blank\">Comiss\u00e3o de Educa\u00e7\u00e3o e Cultura<\/a>&nbsp;(CEC) analisou 22 itens e aprovou o&nbsp;<a rel=\"noreferrer noopener\" href=\"https:\/\/www.al.sp.gov.br\/propositura?id=1000266307\" target=\"_blank\">Projeto de Lei 591\/2019<\/a>, de autoria da deputada&nbsp;<a href=\"https:\/\/www.al.sp.gov.br\/deputado\/?matricula=300631\">Leticia Aguiar<\/a>&nbsp;(PSL), que torna obrigat\u00f3rio o ensino da L\u00edngua Brasileira de Sinais (Libras) na forma\u00e7\u00e3o dos profissionais do magist\u00e9rio.<br><br>A presidente da comiss\u00e3o, deputada professora Bebel (PT), acredita que a medida chama a aten\u00e7\u00e3o para a necessidade de os profissionais da \u00e1rea conhecerem a linguagem. Para ela, esta \u00e9 uma pol\u00edtica de inclus\u00e3o social: &#8220;Os professores tamb\u00e9m t\u00eam que ter forma\u00e7\u00e3o em libras para poder conversar com outros alunos que, caso contr\u00e1rio, ficam exclu\u00eddos na sala de aula&#8221;.<br><br>O&nbsp;<a rel=\"noreferrer noopener\" href=\"https:\/\/www.al.sp.gov.br\/propositura?id=1000266402\" target=\"_blank\">Projeto de Lei 621\/2019<\/a>&nbsp;criado por Paulo Fiorilo (PT) para autorizar o Executivo a incluir peixe no card\u00e1pio dos alunos da rede p\u00fablica estadual tamb\u00e9m foi aprovado pela comiss\u00e3o.<br><br>Sobre o tema, o deputado&nbsp;<a href=\"https:\/\/www.al.sp.gov.br\/deputado\/?matricula=300485\">Carlos Giannazi<\/a>&nbsp;(PSOL) considera importante gerar debates que pressionem a introdu\u00e7\u00e3o de alimentos saud\u00e1veis e nutritivos nas escolas. &#8220;N\u00f3s temos que aperfei\u00e7oar cada vez mais a oferta da merenda escolar, existem outras propostas na Assembleia Legislativa, \u00e9 fun\u00e7\u00e3o dos parlamentares apresentar proposi\u00e7\u00f5es neste sentido&#8221;, afirmou.<br><br>Tamb\u00e9m participaram da reuni\u00e3o em ambiente virtual as deputadas e os deputados Carl\u00e3o Pignatari, Daniel Jos\u00e9, Dirceu Dalben, Gilmaci Santos, Leci Brand\u00e3o, Roberto Engler e Val\u00e9ria Bolsonaro.<\/p>\n\n\n\n<figure class=\"wp-block-gallery columns-3 is-cropped wp-block-gallery-1 is-layout-flex wp-block-gallery-is-layout-flex\"><ul class=\"blocks-gallery-grid\"><li class=\"blocks-gallery-item\"><figure><img loading=\"lazy\" decoding=\"async\" width=\"650\" height=\"457\" src=\"https:\/\/socepel.com.br\/wp-content\/uploads\/2020\/06\/Noticia_20200622B_Imagem.jpg\" alt=\"\" data-id=\"6802\" data-full-url=\"https:\/\/socepel.com.br\/wp-content\/uploads\/2020\/06\/Noticia_20200622B_Imagem.jpg\" data-link=\"https:\/\/socepel.com.br\/?attachment_id=6802\" class=\"wp-image-6802\" srcset=\"https:\/\/socepel.com.br\/wp-content\/uploads\/2020\/06\/Noticia_20200622B_Imagem.jpg 650w, https:\/\/socepel.com.br\/wp-content\/uploads\/2020\/06\/Noticia_20200622B_Imagem-300x211.jpg 300w, https:\/\/socepel.com.br\/wp-content\/uploads\/2020\/06\/Noticia_20200622B_Imagem-130x90.jpg 130w, https:\/\/socepel.com.br\/wp-content\/uploads\/2020\/06\/Noticia_20200622B_Imagem-600x422.jpg 600w\" sizes=\"auto, (max-width: 650px) 100vw, 650px\" \/><\/figure><\/li><li class=\"blocks-gallery-item\"><figure><img loading=\"lazy\" decoding=\"async\" width=\"650\" height=\"479\" src=\"https:\/\/socepel.com.br\/wp-content\/uploads\/2020\/06\/Noticia_20200622C_Imagem.jpg\" alt=\"\" data-id=\"6803\" data-full-url=\"https:\/\/socepel.com.br\/wp-content\/uploads\/2020\/06\/Noticia_20200622C_Imagem.jpg\" data-link=\"https:\/\/socepel.com.br\/?attachment_id=6803\" class=\"wp-image-6803\" srcset=\"https:\/\/socepel.com.br\/wp-content\/uploads\/2020\/06\/Noticia_20200622C_Imagem.jpg 650w, https:\/\/socepel.com.br\/wp-content\/uploads\/2020\/06\/Noticia_20200622C_Imagem-300x221.jpg 300w, https:\/\/socepel.com.br\/wp-content\/uploads\/2020\/06\/Noticia_20200622C_Imagem-600x442.jpg 600w\" sizes=\"auto, (max-width: 650px) 100vw, 650px\" \/><\/figure><\/li><li class=\"blocks-gallery-item\"><figure><img loading=\"lazy\" decoding=\"async\" width=\"650\" height=\"487\" src=\"https:\/\/socepel.com.br\/wp-content\/uploads\/2020\/06\/Noticia_20200622D_Imagem.jpg\" alt=\"\" data-id=\"6804\" data-full-url=\"https:\/\/socepel.com.br\/wp-content\/uploads\/2020\/06\/Noticia_20200622D_Imagem.jpg\" data-link=\"https:\/\/socepel.com.br\/?attachment_id=6804\" class=\"wp-image-6804\" srcset=\"https:\/\/socepel.com.br\/wp-content\/uploads\/2020\/06\/Noticia_20200622D_Imagem.jpg 650w, https:\/\/socepel.com.br\/wp-content\/uploads\/2020\/06\/Noticia_20200622D_Imagem-300x225.jpg 300w, https:\/\/socepel.com.br\/wp-content\/uploads\/2020\/06\/Noticia_20200622D_Imagem-600x450.jpg 600w\" sizes=\"auto, (max-width: 650px) 100vw, 650px\" \/><\/figure><\/li><li class=\"blocks-gallery-item\"><figure><img loading=\"lazy\" decoding=\"async\" width=\"650\" height=\"476\" src=\"https:\/\/socepel.com.br\/wp-content\/uploads\/2020\/06\/Noticia_20200622E_Imagem.jpg\" alt=\"\" data-id=\"6805\" data-full-url=\"https:\/\/socepel.com.br\/wp-content\/uploads\/2020\/06\/Noticia_20200622E_Imagem.jpg\" data-link=\"https:\/\/socepel.com.br\/?attachment_id=6805\" class=\"wp-image-6805\" srcset=\"https:\/\/socepel.com.br\/wp-content\/uploads\/2020\/06\/Noticia_20200622E_Imagem.jpg 650w, https:\/\/socepel.com.br\/wp-content\/uploads\/2020\/06\/Noticia_20200622E_Imagem-300x220.jpg 300w, https:\/\/socepel.com.br\/wp-content\/uploads\/2020\/06\/Noticia_20200622E_Imagem-600x439.jpg 600w\" sizes=\"auto, (max-width: 650px) 100vw, 650px\" \/><\/figure><\/li><li class=\"blocks-gallery-item\"><figure><img loading=\"lazy\" decoding=\"async\" width=\"650\" height=\"463\" src=\"https:\/\/socepel.com.br\/wp-content\/uploads\/2020\/06\/Noticia_20200622F_Imagem.jpg\" alt=\"\" data-id=\"6806\" data-full-url=\"https:\/\/socepel.com.br\/wp-content\/uploads\/2020\/06\/Noticia_20200622F_Imagem.jpg\" data-link=\"https:\/\/socepel.com.br\/?attachment_id=6806\" class=\"wp-image-6806\" srcset=\"https:\/\/socepel.com.br\/wp-content\/uploads\/2020\/06\/Noticia_20200622F_Imagem.jpg 650w, https:\/\/socepel.com.br\/wp-content\/uploads\/2020\/06\/Noticia_20200622F_Imagem-300x214.jpg 300w, https:\/\/socepel.com.br\/wp-content\/uploads\/2020\/06\/Noticia_20200622F_Imagem-600x427.jpg 600w\" sizes=\"auto, (max-width: 650px) 100vw, 650px\" \/><\/figure><\/li><li class=\"blocks-gallery-item\"><figure><img loading=\"lazy\" decoding=\"async\" width=\"650\" height=\"473\" src=\"https:\/\/socepel.com.br\/wp-content\/uploads\/2020\/06\/Noticia_20200622G_Imagem.jpg\" alt=\"\" data-id=\"6807\" data-full-url=\"https:\/\/socepel.com.br\/wp-content\/uploads\/2020\/06\/Noticia_20200622G_Imagem.jpg\" data-link=\"https:\/\/socepel.com.br\/?attachment_id=6807\" class=\"wp-image-6807\" srcset=\"https:\/\/socepel.com.br\/wp-content\/uploads\/2020\/06\/Noticia_20200622G_Imagem.jpg 650w, https:\/\/socepel.com.br\/wp-content\/uploads\/2020\/06\/Noticia_20200622G_Imagem-300x218.jpg 300w, https:\/\/socepel.com.br\/wp-content\/uploads\/2020\/06\/Noticia_20200622G_Imagem-600x437.jpg 600w\" sizes=\"auto, (max-width: 650px) 100vw, 650px\" \/><\/figure><\/li><\/ul><\/figure>\n\n\n\n<p> Fonte: <a rel=\"noreferrer noopener\" href=\"https:\/\/www.al.sp.gov.br\/noticia\/?22\/06\/2020\/ensino-de-libras-pode-ser-obrigatorio-na-formacao-de-profissionais-do-magisterio\" target=\"_blank\">https:\/\/www.al.sp.gov.br\/noticia\/?22\/06\/2020\/<\/a><\/p>\n","protected":false},"excerpt":{"rendered":"<p>A L\u00edngua Brasileira de Sinais \u00e9 utilizada para a comunica\u00e7\u00e3o dos deficientes auditivos Nesta segunda-feira (22\/6), a&nbsp;Comiss\u00e3o de Educa\u00e7\u00e3o e Cultura&nbsp;(CEC) analisou 22 itens e aprovou o&nbsp;Projeto de Lei 591\/2019, de autoria da deputada&nbsp;Leticia Aguiar&nbsp;(PSL), que torna obrigat\u00f3rio o ensino da L\u00edngua Brasileira de Sinais (Libras) na forma\u00e7\u00e3o dos profissionais do magist\u00e9rio. A presidente da [&hellip;]<\/p>\n","protected":false},"author":4,"featured_media":0,"comment_status":"open","ping_status":"open","sticky":false,"template":"","format":"standard","meta":{"footnotes":""},"categories":[19,28,43,47,114],"tags":[],"class_list":["post-6800","post","type-post","status-publish","format-standard","hentry","category-educacao","category-geral","category-noticia","category-projeto-de-lei","category-surdo"],"_links":{"self":[{"href":"https:\/\/socepel.com.br\/index.php?rest_route=\/wp\/v2\/posts\/6800","targetHints":{"allow":["GET"]}}],"collection":[{"href":"https:\/\/socepel.com.br\/index.php?rest_route=\/wp\/v2\/posts"}],"about":[{"href":"https:\/\/socepel.com.br\/index.php?rest_route=\/wp\/v2\/types\/post"}],"author":[{"embeddable":true,"href":"https:\/\/socepel.com.br\/index.php?rest_route=\/wp\/v2\/users\/4"}],"replies":[{"embeddable":true,"href":"https:\/\/socepel.com.br\/index.php?rest_route=%2Fwp%2Fv2%2Fcomments&post=6800"}],"version-history":[{"count":5,"href":"https:\/\/socepel.com.br\/index.php?rest_route=\/wp\/v2\/posts\/6800\/revisions"}],"predecessor-version":[{"id":6814,"href":"https:\/\/socepel.com.br\/index.php?rest_route=\/wp\/v2\/posts\/6800\/revisions\/6814"}],"wp:attachment":[{"href":"https:\/\/socepel.com.br\/index.php?rest_route=%2Fwp%2Fv2%2Fmedia&parent=6800"}],"wp:term":[{"taxonomy":"category","embeddable":true,"href":"https:\/\/socepel.com.br\/index.php?rest_route=%2Fwp%2Fv2%2Fcategories&post=6800"},{"taxonomy":"post_tag","embeddable":true,"href":"https:\/\/socepel.com.br\/index.php?rest_route=%2Fwp%2Fv2%2Ftags&post=6800"}],"curies":[{"name":"wp","href":"https:\/\/api.w.org\/{rel}","templated":true}]}}