{"id":6613,"date":"2020-04-29T18:29:49","date_gmt":"2020-04-29T18:29:49","guid":{"rendered":"https:\/\/socepel.com.br\/?p=6613"},"modified":"2020-06-10T01:25:34","modified_gmt":"2020-06-10T01:25:34","slug":"grupo-de-pesquisa-realiza-1a-mostra-de-videos-online-sobre-libras-e-a-comunidade-surda","status":"publish","type":"post","link":"https:\/\/socepel.com.br\/?p=6613","title":{"rendered":"Grupo de pesquisa realiza 1\u00aa Mostra de V\u00eddeos Online sobre Libras e a Comunidade Surda"},"content":{"rendered":"\n<p>Come\u00e7ou nesta segunda-feira, 27, e estende-se at\u00e9 a pr\u00f3xima quinta, 30, a 1\u00aa Mostra de V\u00eddeos Online sobre Libras e a Comunidade Surda. O evento cultural e educativo \u00e9 promovido pelo Grupo de Pesquisa em Alfabetiza\u00e7\u00e3o e Educa\u00e7\u00e3o de Surdos (Gpaes), do Centro de Educa\u00e7\u00e3o da Ufes.<\/p>\n\n\n\n<p>De acordo com a professora e&nbsp;coordenadora do Gpaes, Ednalva Rodrigues,&nbsp;a iniciativa celebra o Dia Nacional da L\u00edngua Brasileira de Sinais, comemorado no \u00faltimo dia 24, data em que a Lei de Libras foi sancionada.<\/p>\n\n\n\n<p>Mais informa\u00e7\u00f5es podem ser obtidas pelo e-mail&nbsp;<a href=\"mailto:libras.gpaes@gmail.com\">libras.gpaes@gmail.com<\/a>&nbsp;ou pelas redes sociais (Instagram: @gpaes.libras).<\/p>\n\n\n\n<p><strong>Confira a programa\u00e7\u00e3o:<\/strong><\/p>\n\n\n\n<div class=\"wp-block-image\"><figure class=\"alignright size-large\"><img loading=\"lazy\" decoding=\"async\" width=\"250\" height=\"240\" src=\"https:\/\/socepel.com.br\/wp-content\/uploads\/2020\/04\/Noticia_20206613_Imagem.png\" alt=\"\" class=\"wp-image-6615\"\/><\/figure><\/div>\n\n\n\n<p><strong>Segunda-feira<\/strong>&nbsp;(27\/04)<\/p>\n\n\n\n<p><em>Not\u00edcia em m\u00e3os: a&nbsp;L\u00edngua Brasileira de Sinal<\/em>&nbsp;\u2013 O&nbsp;v\u00eddeo discute a trajet\u00f3ria hist\u00f3rica da aprova\u00e7\u00e3o da Lei da Libras, em 2002, bem como a expectativa da comunidade surda sobre sua aplica\u00e7\u00e3o. Programa de televis\u00e3o educativo e cultural, apresentado em L\u00edngua Brasileira de Sinais, produzido no Canal Educativo &#8211;&nbsp;Canal E da SEDF.&nbsp;<a href=\"https:\/\/youtu.be\/s4_VOXATH60\" target=\"_blank\" rel=\"noreferrer noopener\">https:\/\/youtu.be\/s4_VOXATH60<\/a><\/p>\n\n\n\n<p><em>O le\u00e3o e os dois amigos&nbsp;<\/em>\u2013&nbsp;V\u00eddeo produzido como avalia\u00e7\u00e3o final da disciplina de Fundamentos da L\u00edngua Brasileira de Sinais, do curso de Licenciatura em Hist\u00f3ria, conta a hist\u00f3ria&nbsp;<em>O le\u00e3o e os dois amigos<\/em>, em Libras, traduzida e interpretada pela aluna Silvia Nunes da Silva, em 2018\/2.&nbsp;<a href=\"https:\/\/youtu.be\/Cq5nJFGCEj0\" target=\"_blank\" rel=\"noreferrer noopener\">https:\/\/youtu.be\/Cq5nJFGCEj0<\/a><\/p>\n\n\n\n<p><strong>Ter\u00e7a-feira<\/strong>&nbsp;(28\/04)<\/p>\n\n\n\n<p><em>A m\u00e9dica cubana chegou! \u2013&nbsp;<\/em>Document\u00e1rio&nbsp;realizado por alunos surdos do Centro de Ensino M\u00e9dio n\u00ba 02 de Ceil\u00e2ndia, em 2013, resultado de uma oficina de Realiza\u00e7\u00e3o de Document\u00e1rio Social, ministrada na disciplina Parte diversificada. O filme mostra a atua\u00e7\u00e3o de uma m\u00e9dica cubana, em um posto de sa\u00fade da cidade sat\u00e9lite de Ceil\u00e2ndia\/DF e em visita \u00e0 resid\u00eancia de uma paciente idosa.&nbsp;<a href=\"https:\/\/youtu.be\/mqzkMm4JE-w\" target=\"_blank\" rel=\"noreferrer noopener\"><u>https:\/\/youtu.be\/mqzkMm4JE-w<\/u><\/a><\/p>\n\n\n\n<p><em>Eu gosto de ser negro \u2013&nbsp;<\/em>Document\u00e1rio&nbsp;realizado por alunos surdos do Centro de Ensino M\u00e9dio n\u00ba 02 de Ceil\u00e2ndia, em 2013, resultado de uma oficina de Realiza\u00e7\u00e3o de Document\u00e1rio Social, ministrada na disciplina Parte diversificada. O filme discute a quest\u00e3o racial por meio de entrevista a alunos e especialistas da \u00e1rea.&nbsp;<a href=\"https:\/\/youtu.be\/aKechVqN5Jo\" target=\"_blank\" rel=\"noreferrer noopener\"><u>https:\/\/youtu.be\/aKechVqN5Jo<\/u><\/a><\/p>\n\n\n\n<p><em>Lilo em apuros<\/em><strong>&nbsp;<\/strong>\u2013<strong>&nbsp;<\/strong>A hist\u00f3ria&nbsp;apresenta a rela\u00e7\u00e3o da astronomia com o meio ambiente, ao retratar a polui\u00e7\u00e3o da Bacia do Rio Doce, em Mariana, Regi\u00e3o Central de Minas Gerais. \u00c9 contada pela professora de Libras&nbsp;Cristiane Milanezi, que usa classificadores, express\u00f5es e a L\u00edngua Brasileira de Sinais. Parcerias: Secretaria Municipal de Educa\u00e7\u00e3o de Vit\u00f3ria (Seme), Grupo de Pesquisa em Alfabetiza\u00e7\u00e3o e Educa\u00e7\u00e3o de Surdos (Gpaes\/CE\/Ufes), Planet\u00e1rio de Vit\u00f3ria, Departamento de Geografia (Ufes), Departamento de Teoria da Arte e M\u00fasica (Ufes) e Faculdade Doctum de Vit\u00f3ria.&nbsp;<a href=\"https:\/\/youtu.be\/H_ON138YN-Y\" target=\"_blank\" rel=\"noreferrer noopener\"><u>https:\/\/youtu.be\/H_ON138YN-Y<\/u><\/a><\/p>\n\n\n\n<p><strong>Quarta-feira (29\/04)<\/strong><\/p>\n\n\n\n<p><em>Ol\u00edmpicos ou paral\u00edmpicos, onde estamos?<\/em><strong>&nbsp;<\/strong>\u2013<strong>&nbsp;<\/strong>Document\u00e1rio&nbsp;realizado na cidade de Buenos Aires, em agosto de 2008, aborda a participa\u00e7\u00e3o de surdos no Campeonato Mundial de Voleibol. Nesse mesmo per\u00edodo, o mundo celebrou as Olimp\u00edadas e as Paralimp\u00edadas. Por que eles n\u00e3o participaram desses dois eventos internacionais? Surdos discutem se eles s\u00e3o ou n\u00e3o atletas ol\u00edmpicos ou paral\u00edmpicos.&nbsp;<a href=\"https:\/\/youtu.be\/adx7sphDac4\" target=\"_blank\" rel=\"noreferrer noopener\"><u>https:\/\/youtu.be\/adx7sphDac4<\/u><\/a><\/p>\n\n\n\n<p><em>Sementes de esperan\u00e7a&#8230; E se faltar \u00e1gua no planeta?<\/em><strong>&nbsp;<\/strong>\u2013<strong>&nbsp;<\/strong>A hist\u00f3ria&nbsp;apresenta a rela\u00e7\u00e3o da astronomia com o meio ambiente, ao retratar a import\u00e2ncia da \u00e1gua na preserva\u00e7\u00e3o da natureza. \u00c9 contada pela professora de Libras&nbsp;Cristiane Milanezi, que&nbsp;usa classificadores, express\u00f5es e a L\u00edngua Brasileira de Sinais. Parcerias: Secretaria Municipal de Educa\u00e7\u00e3o de Vit\u00f3ria (Seme), Grupo de Pesquisa em Alfabetiza\u00e7\u00e3o e Educa\u00e7\u00e3o de Surdos (Gpaes\/CE\/Ufes), Planet\u00e1rio de Vit\u00f3ria, Departamento de Geografia (Ufes), Departamento de Teoria da Arte e M\u00fasica (Ufes) e Faculdade Doctum de Vit\u00f3ria.&nbsp;<a href=\"https:\/\/youtu.be\/--O3DtJOa_8\" target=\"_blank\" rel=\"noreferrer noopener\"><u>https:\/\/youtu.be\/&#8211;O3DtJOa_8<\/u><\/a><\/p>\n\n\n\n<p><strong>Quinta-feira (30\/04)<\/strong><\/p>\n\n\n\n<p><em>Aprendiendo a escucharte<\/em><strong>&nbsp;<\/strong>\u2013<strong>&nbsp;<\/strong>O document\u00e1rio, produzido na Escola de Cinema e TV de Cuba (EICTV), conta a hist\u00f3ria de Zaida, m\u00e3e de Victor, um menino surdo de dez anos. A tem\u00e1tica central enfoca a dor da separa\u00e7\u00e3o, porque Victor tem que estudar em uma escola interna durante a semana.&nbsp;<a href=\"https:\/\/youtu.be\/yFMGY3Hvzwk\" target=\"_blank\" rel=\"noreferrer noopener\"><u>https:\/\/youtu.be\/yFMGY3Hvzwk<\/u><\/a><\/p>\n\n\n\n<p><em>Texto: Luiz Vital<br>Edi\u00e7\u00e3o: Thereza Marinho<\/em><\/p>\n\n\n\n<p><em>Fonte<\/em>: <a rel=\"noreferrer noopener\" href=\"http:\/\/www.ufes.br\/conteudo\/grupo-de-pesquisa-realiza-1a-mostra-de-videos-online-sobre-libras-e-comunidade-surda\" target=\"_blank\">http:\/\/www.ufes.br\/<\/a><\/p>\n","protected":false},"excerpt":{"rendered":"<p>Come\u00e7ou nesta segunda-feira, 27, e estende-se at\u00e9 a pr\u00f3xima quinta, 30, a 1\u00aa Mostra de V\u00eddeos Online sobre Libras e a Comunidade Surda. O evento cultural e educativo \u00e9 promovido pelo Grupo de Pesquisa em Alfabetiza\u00e7\u00e3o e Educa\u00e7\u00e3o de Surdos (Gpaes), do Centro de Educa\u00e7\u00e3o da Ufes. De acordo com a professora e&nbsp;coordenadora do Gpaes, [&hellip;]<\/p>\n","protected":false},"author":4,"featured_media":0,"comment_status":"open","ping_status":"open","sticky":false,"template":"","format":"standard","meta":{"footnotes":""},"categories":[19,20,21,28,35,43],"tags":[],"class_list":["post-6613","post","type-post","status-publish","format-standard","hentry","category-educacao","category-educacao-bilingue","category-educacao-inclusiva","category-geral","category-libras","category-noticia"],"_links":{"self":[{"href":"https:\/\/socepel.com.br\/index.php?rest_route=\/wp\/v2\/posts\/6613","targetHints":{"allow":["GET"]}}],"collection":[{"href":"https:\/\/socepel.com.br\/index.php?rest_route=\/wp\/v2\/posts"}],"about":[{"href":"https:\/\/socepel.com.br\/index.php?rest_route=\/wp\/v2\/types\/post"}],"author":[{"embeddable":true,"href":"https:\/\/socepel.com.br\/index.php?rest_route=\/wp\/v2\/users\/4"}],"replies":[{"embeddable":true,"href":"https:\/\/socepel.com.br\/index.php?rest_route=%2Fwp%2Fv2%2Fcomments&post=6613"}],"version-history":[{"count":2,"href":"https:\/\/socepel.com.br\/index.php?rest_route=\/wp\/v2\/posts\/6613\/revisions"}],"predecessor-version":[{"id":6730,"href":"https:\/\/socepel.com.br\/index.php?rest_route=\/wp\/v2\/posts\/6613\/revisions\/6730"}],"wp:attachment":[{"href":"https:\/\/socepel.com.br\/index.php?rest_route=%2Fwp%2Fv2%2Fmedia&parent=6613"}],"wp:term":[{"taxonomy":"category","embeddable":true,"href":"https:\/\/socepel.com.br\/index.php?rest_route=%2Fwp%2Fv2%2Fcategories&post=6613"},{"taxonomy":"post_tag","embeddable":true,"href":"https:\/\/socepel.com.br\/index.php?rest_route=%2Fwp%2Fv2%2Ftags&post=6613"}],"curies":[{"name":"wp","href":"https:\/\/api.w.org\/{rel}","templated":true}]}}