{"id":5909,"date":"2019-12-30T23:17:46","date_gmt":"2019-12-30T23:17:46","guid":{"rendered":"https:\/\/socepel.com.br\/?p=5909"},"modified":"2020-02-26T21:04:47","modified_gmt":"2020-02-26T21:04:47","slug":"stf-discute-se-judiciario-pode-obrigar-estado-a-contratar-professores-de-libras","status":"publish","type":"post","link":"https:\/\/socepel.com.br\/?p=5909","title":{"rendered":"STF discute se Judici\u00e1rio pode obrigar Estado a contratar professores de Libras"},"content":{"rendered":"\n<p> Acesso \u00e0 educa\u00e7\u00e3o<\/p>\n\n\n\n<p>\nEst\u00e1 na pauta de julgamento da&nbsp;&nbsp;1\u00aa Turma do Supremo\nTribunal Federal&nbsp;a&nbsp;possibilidade do Judici\u00e1rio obrigar o\nEstado a contratar professores de L\u00edngua Brasileira de Sinais\n(Libras) para assistir alunos&nbsp; surdos.<\/p>\n\n\n\n<p>Alega o alto n\u00famero de alunos com defici\u00eancia\nauditiva com evas\u00e3o escolar, dada a dificuldade em assimilar os\nconte\u00fados e conseguir aprova\u00e7\u00e3o nos exames.<\/p>\n\n\n\n<p>O Minist\u00e9rio P\u00fablico de S\u00e3o Paulo\u00a0ajuizou a\u00e7\u00e3o civil p\u00fablica foi ajuizada\u00a0contra o\u00a0governo estadual com o fim de suprir a demanda por int\u00e9rpretes de Libras.  <\/p>\n\n\n\n<div class=\"wp-block-image\"><figure class=\"alignleft\"><img loading=\"lazy\" decoding=\"async\" width=\"300\" height=\"200\" src=\"https:\/\/socepel.com.br\/wp-content\/uploads\/2019\/12\/Noticia_20195909_Imagem.jpg\" alt=\"\" class=\"wp-image-5911\"\/><\/figure><\/div>\n\n\n\n<p>No julgamento, em dezembro, o&nbsp;relator,\nministro Alexandre de Moraes, reiterou seu voto&nbsp;para negar\no&nbsp;agravo. Para ele, embora exista base legal (Lei de Diretrizes\ne Bases da Educa\u00e7\u00e3o, Lei de Inclus\u00e3o da Pessoa com Defici\u00eancia) e\nconvencional (Conven\u00e7\u00e3o de Nova York) no sentido da necessidade\ninconteste de atendimento ao aluno com defici\u00eancia, no caso, n\u00e3o\nhouve omiss\u00e3o por parte do Estado.<\/p>\n\n\n\n<p>O governo estadual regulamentou a contrata\u00e7\u00e3o de\nprofessores int\u00e9rpretes de Libras, seja por&nbsp;concurso p\u00fablico\nou car\u00e1ter emergencial, para atender situa\u00e7\u00f5es urgentes.\nEntretanto, nenhum candidato se habilitou. Assim, para Moraes,\no&nbsp;Judici\u00e1rio n\u00e3o pode obrigar o Estado, se n\u00e3o houve in\u00e9rcia.<\/p>\n\n\n\n<p><strong>Diverg\u00eancia<\/strong><br>\nA diverg\u00eancia\nfoi aberta com voto do ministro Lu\u00eds Roberto Barroso, que&nbsp;deu\nprovimento ao agravo e considerou&nbsp;que o governo estadual faz\nparceria com organiza\u00e7\u00f5es n\u00e3o governamentais e conseguiu contratar\nprofessores habilitados. \n<\/p>\n\n\n\n<p>Para Barroso, a mera regulamenta\u00e7\u00e3o para\ncontratar professores n\u00e3o \u00e9 suficiente para considerar que o Estado\nagiu plenamente. Na pr\u00e1tica, faltou empenho para garantir o acesso \u00e0\neduca\u00e7\u00e3o para as crian\u00e7as com defici\u00eancia, que \u00e9 o que a lei\nexige.<\/p>\n\n\n\n<p>O julgamento est\u00e1 suspenso por pedido de vista\ndo&nbsp;ministro Luiz Fux.&nbsp;<em>Com informa\u00e7\u00f5es da Assessoria\nde Imprensa do STF.<\/em><\/p>\n\n\n\n<p><strong>ARE 759.755<\/strong><\/p>\n\n\n\n<p>Fonte <a href=\"https:\/\/www.conjur.com.br\/2019-dez-29\/stf-discute-obrigacao-estado-contratar-professores-libras \">https:\/\/www.conjur.com.br\/<\/a><\/p>\n","protected":false},"excerpt":{"rendered":"<p>Acesso \u00e0 educa\u00e7\u00e3o Est\u00e1 na pauta de julgamento da&nbsp;&nbsp;1\u00aa Turma do Supremo Tribunal Federal&nbsp;a&nbsp;possibilidade do Judici\u00e1rio obrigar o Estado a contratar professores de L\u00edngua Brasileira de Sinais (Libras) para assistir alunos&nbsp; surdos. Alega o alto n\u00famero de alunos com defici\u00eancia auditiva com evas\u00e3o escolar, dada a dificuldade em assimilar os conte\u00fados e conseguir aprova\u00e7\u00e3o nos [&hellip;]<\/p>\n","protected":false},"author":4,"featured_media":0,"comment_status":"open","ping_status":"open","sticky":false,"template":"","format":"standard","meta":{"footnotes":""},"categories":[20,28,31,32,43,51,114],"tags":[],"class_list":["post-5909","post","type-post","status-publish","format-standard","hentry","category-educacao-bilingue","category-geral","category-interpretes","category-judicial","category-noticia","category-stf","category-surdo"],"_links":{"self":[{"href":"https:\/\/socepel.com.br\/index.php?rest_route=\/wp\/v2\/posts\/5909","targetHints":{"allow":["GET"]}}],"collection":[{"href":"https:\/\/socepel.com.br\/index.php?rest_route=\/wp\/v2\/posts"}],"about":[{"href":"https:\/\/socepel.com.br\/index.php?rest_route=\/wp\/v2\/types\/post"}],"author":[{"embeddable":true,"href":"https:\/\/socepel.com.br\/index.php?rest_route=\/wp\/v2\/users\/4"}],"replies":[{"embeddable":true,"href":"https:\/\/socepel.com.br\/index.php?rest_route=%2Fwp%2Fv2%2Fcomments&post=5909"}],"version-history":[{"count":2,"href":"https:\/\/socepel.com.br\/index.php?rest_route=\/wp\/v2\/posts\/5909\/revisions"}],"predecessor-version":[{"id":5912,"href":"https:\/\/socepel.com.br\/index.php?rest_route=\/wp\/v2\/posts\/5909\/revisions\/5912"}],"wp:attachment":[{"href":"https:\/\/socepel.com.br\/index.php?rest_route=%2Fwp%2Fv2%2Fmedia&parent=5909"}],"wp:term":[{"taxonomy":"category","embeddable":true,"href":"https:\/\/socepel.com.br\/index.php?rest_route=%2Fwp%2Fv2%2Fcategories&post=5909"},{"taxonomy":"post_tag","embeddable":true,"href":"https:\/\/socepel.com.br\/index.php?rest_route=%2Fwp%2Fv2%2Ftags&post=5909"}],"curies":[{"name":"wp","href":"https:\/\/api.w.org\/{rel}","templated":true}]}}