{"id":5898,"date":"2019-12-27T21:42:47","date_gmt":"2019-12-27T21:42:47","guid":{"rendered":"https:\/\/socepel.com.br\/?p=5898"},"modified":"2020-02-26T21:05:28","modified_gmt":"2020-02-26T21:05:28","slug":"servidoras-do-escritorio-social-capacitadas-para-atendimento-a-pessoa-surda","status":"publish","type":"post","link":"https:\/\/socepel.com.br\/?p=5898","title":{"rendered":"Servidoras do Escrit\u00f3rio Social capacitadas para atendimento \u00e0 pessoa surda"},"content":{"rendered":"\n<figure class=\"wp-block-image\"><img loading=\"lazy\" decoding=\"async\" width=\"650\" height=\"348\" src=\"https:\/\/socepel.com.br\/wp-content\/uploads\/2019\/12\/Noticia_20195898A_Imagem.png\" alt=\"\" class=\"wp-image-5900\" srcset=\"https:\/\/socepel.com.br\/wp-content\/uploads\/2019\/12\/Noticia_20195898A_Imagem.png 650w, https:\/\/socepel.com.br\/wp-content\/uploads\/2019\/12\/Noticia_20195898A_Imagem-600x321.png 600w, https:\/\/socepel.com.br\/wp-content\/uploads\/2019\/12\/Noticia_20195898A_Imagem-300x161.png 300w\" sizes=\"auto, (max-width: 650px) 100vw, 650px\" \/><\/figure>\n\n\n\n<p>\nPara\natuar de forma ainda mais inclusiva, durante todo o m\u00eas de dezembro,\nservidoras que atuam no Escrit\u00f3rio Social da Secretaria da Justi\u00e7a\n(Sejus) participaram do curso Introdu\u00e7\u00e3o \u00e0 L\u00edngua Brasileira de\nSinais (Libras) promovido pela Escola de Servi\u00e7o P\u00fablico do\nEsp\u00edrito Santo (Esesp). O objetivo \u00e9 melhorar a comunica\u00e7\u00e3o\ndirecionada aos egressos e seus familiares que tenham defici\u00eancia\nauditiva ou surdez.<\/p>\n\n\n\n<p>\nO\nEscrit\u00f3rio Social re\u00fane atendimentos e servi\u00e7os diversos (sa\u00fade,\nqualifica\u00e7\u00e3o, encaminhamento profissional e atendimento\npsicossocial) que s\u00e3o ofertados aos egressos por meio de parcerias\ncom entidades p\u00fablicas e privadas.<\/p>\n\n\n\n<p>\nO\ncurso \u00e9 conduzido pelos docentes Fl\u00e1vio Eduardo Rodrigues e Lucas\nDias. Durante os m\u00f3dulos apresentados as servidoras puderam conhecer\ne utilizar cumprimentos b\u00e1sicos direcionados \u00e0 pessoa surda, al\u00e9m\ndo conceito hist\u00f3rico das libras. A servidora do Escrit\u00f3rio Social,\nque faz parte da Ger\u00eancia de Reintegra\u00e7\u00e3o Social e Cidadania,\nKarina Ramos Rodrigues, afirma que a capacita\u00e7\u00e3o superou as\nexpectativas e j\u00e1 demonstra bons resultados na pr\u00e1tica.<\/p>\n\n\n\n<p>\n\u201cJ\u00e1\nenfrentamos algumas dificuldades de comunica\u00e7\u00e3o durante o\natendimento prestado \u00e0s pessoas surdas. Por isso, procuramos a\ncapacita\u00e7\u00e3o para ofertar um servi\u00e7o com qualidade e ainda mais\ninclusivo. O resultado tem sido muito satisfat\u00f3rio. Ainda vamos\nconcluir o terceiro m\u00f3dulo do curso, mas j\u00e1 conseguimos nos\ncomunicar e identificar de forma mais f\u00e1cil as necessidades do nosso\np\u00fablico\u201d, explica.<\/p>\n\n\n\n<p>\nPara\na subsecret\u00e1ria de Ressocializa\u00e7\u00e3o da Sejus, Roberta Ferraz, a\niniciativa das t\u00e9cnicas da Ger\u00eancia de Reintegra\u00e7\u00e3o Social e\nCidadania merece destaque por demonstrar a preocupa\u00e7\u00e3o com as\npessoas surdas que necessitam do servi\u00e7o ofertado no Escrit\u00f3rio\nSocial para resgatar sua cidadania.<\/p>\n\n\n\n<p>\n\u201cSaber\nLibras n\u00e3o \u00e9 um requisito obrigat\u00f3rio e, ao identificar essa\ndemanda, as servidoras buscaram alternativas junto \u00e0 Esesp para\nsuprir essa necessidade. S\u00e3o a\u00e7\u00f5es que fazem toda a diferen\u00e7a na\ninclus\u00e3o e reflete o real papel do Escrit\u00f3rio Social em oferecer,\nacima de tudo, resgate da cidadania\u201d, ressalta.<\/p>\n\n\n\n<p>\nA\ncapacita\u00e7\u00e3o contou com a participa\u00e7\u00e3o de servidores de diversas\n\u00e1reas.<\/p>\n\n\n\n<figure class=\"wp-block-image\"><img loading=\"lazy\" decoding=\"async\" width=\"650\" height=\"488\" src=\"https:\/\/socepel.com.br\/wp-content\/uploads\/2019\/12\/Noticia_20195898B_Imagem.jpg\" alt=\"\" class=\"wp-image-5901\" srcset=\"https:\/\/socepel.com.br\/wp-content\/uploads\/2019\/12\/Noticia_20195898B_Imagem.jpg 650w, https:\/\/socepel.com.br\/wp-content\/uploads\/2019\/12\/Noticia_20195898B_Imagem-600x450.jpg 600w, https:\/\/socepel.com.br\/wp-content\/uploads\/2019\/12\/Noticia_20195898B_Imagem-300x225.jpg 300w\" sizes=\"auto, (max-width: 650px) 100vw, 650px\" \/><\/figure>\n\n\n\n<p>Informa\u00e7\u00f5es\n\u00e0 Imprensa:<br>\nAssessoria\nde Comunica\u00e7\u00e3o da Sejus<br>\nSandra\nDalton \/ Karla Secatto<br>\n(27)\n3636-5732 \/ 99933-8195 \/ 98849-9664<br>\nimprensa@sejus.es.gov.br\n<\/p>\n\n\n\n<p>Fonte <a href=\"https:\/\/sejus.es.gov.br\/Not%C3%ADcia\/servidoras-do-escritorio-social-capacitadas-para-atendimento-a-pessoa-surda \">https:\/\/sejus.es.gov.br\/<\/a><\/p>\n","protected":false},"excerpt":{"rendered":"<p>Para atuar de forma ainda mais inclusiva, durante todo o m\u00eas de dezembro, servidoras que atuam no Escrit\u00f3rio Social da Secretaria da Justi\u00e7a (Sejus) participaram do curso Introdu\u00e7\u00e3o \u00e0 L\u00edngua Brasileira de Sinais (Libras) promovido pela Escola de Servi\u00e7o P\u00fablico do Esp\u00edrito Santo (Esesp). O objetivo \u00e9 melhorar a comunica\u00e7\u00e3o direcionada aos egressos e seus [&hellip;]<\/p>\n","protected":false},"author":4,"featured_media":0,"comment_status":"open","ping_status":"open","sticky":false,"template":"","format":"standard","meta":{"footnotes":""},"categories":[14,28,43],"tags":[],"class_list":["post-5898","post","type-post","status-publish","format-standard","hentry","category-curso-de-libras","category-geral","category-noticia"],"_links":{"self":[{"href":"https:\/\/socepel.com.br\/index.php?rest_route=\/wp\/v2\/posts\/5898","targetHints":{"allow":["GET"]}}],"collection":[{"href":"https:\/\/socepel.com.br\/index.php?rest_route=\/wp\/v2\/posts"}],"about":[{"href":"https:\/\/socepel.com.br\/index.php?rest_route=\/wp\/v2\/types\/post"}],"author":[{"embeddable":true,"href":"https:\/\/socepel.com.br\/index.php?rest_route=\/wp\/v2\/users\/4"}],"replies":[{"embeddable":true,"href":"https:\/\/socepel.com.br\/index.php?rest_route=%2Fwp%2Fv2%2Fcomments&post=5898"}],"version-history":[{"count":2,"href":"https:\/\/socepel.com.br\/index.php?rest_route=\/wp\/v2\/posts\/5898\/revisions"}],"predecessor-version":[{"id":5902,"href":"https:\/\/socepel.com.br\/index.php?rest_route=\/wp\/v2\/posts\/5898\/revisions\/5902"}],"wp:attachment":[{"href":"https:\/\/socepel.com.br\/index.php?rest_route=%2Fwp%2Fv2%2Fmedia&parent=5898"}],"wp:term":[{"taxonomy":"category","embeddable":true,"href":"https:\/\/socepel.com.br\/index.php?rest_route=%2Fwp%2Fv2%2Fcategories&post=5898"},{"taxonomy":"post_tag","embeddable":true,"href":"https:\/\/socepel.com.br\/index.php?rest_route=%2Fwp%2Fv2%2Ftags&post=5898"}],"curies":[{"name":"wp","href":"https:\/\/api.w.org\/{rel}","templated":true}]}}