{"id":5877,"date":"2019-12-21T22:25:09","date_gmt":"2019-12-21T22:25:09","guid":{"rendered":"https:\/\/socepel.com.br\/?p=5877"},"modified":"2020-02-29T15:01:59","modified_gmt":"2020-02-29T15:01:59","slug":"maotematica-propoe-metodologia-de-ensino-matematico-acessivel-para-surdos","status":"publish","type":"post","link":"https:\/\/socepel.com.br\/?p=5877","title":{"rendered":"M\u00e3otem\u00e1tica prop\u00f5e metodologia de ensino matem\u00e1tico acess\u00edvel para surdos"},"content":{"rendered":"\n<p>\nProfessores de Matem\u00e1tica e\nde Libras se uniram para criar sinais espec\u00edficos para ensino da\nMatem\u00e1tica; atualmente, eles buscam recursos para desenvolver\nplataforma com v\u00eddeos na l\u00edngua de sinais para todas as etapas do\nensino \n<\/p>\n\n\n\n<figure class=\"wp-block-image\"><img loading=\"lazy\" decoding=\"async\" width=\"650\" height=\"439\" src=\"https:\/\/socepel.com.br\/wp-content\/uploads\/2019\/12\/Noticia_201915877A_Imagem.jpg\" alt=\"\" class=\"wp-image-5880\" srcset=\"https:\/\/socepel.com.br\/wp-content\/uploads\/2019\/12\/Noticia_201915877A_Imagem.jpg 650w, https:\/\/socepel.com.br\/wp-content\/uploads\/2019\/12\/Noticia_201915877A_Imagem-600x405.jpg 600w, https:\/\/socepel.com.br\/wp-content\/uploads\/2019\/12\/Noticia_201915877A_Imagem-300x203.jpg 300w\" sizes=\"auto, (max-width: 650px) 100vw, 650px\" \/><\/figure>\n\n\n\n<p>Por\n<strong>Renan Ribeiro<\/strong> \n<\/p>\n\n\n\n<p>Mestre\nem educa\u00e7\u00e3o matem\u00e1tica e int\u00e9rprete, o professor Cristiano Donado\nentrou em contato com a L\u00edngua Brasileira de Sinais (Libras) em\n2001, quando come\u00e7ou a dar aulas na Escola Municipal Cec\u00edlia\nMeireles. Na \u00e9poca, havia 70 alunos surdos matriculados na\ninstitui\u00e7\u00e3o. \n<\/p>\n\n\n\n<p>Como\nestava em contato com a l\u00edngua de sinais havia um ano, tinha\nflu\u00eancia, mas n\u00e3o sabia usar sinais espec\u00edficos para o ensino da\nmat\u00e9ria. Naquela \u00e9poca, tamb\u00e9m n\u00e3o havia quem fizesse a tradu\u00e7\u00e3o\nda mat\u00e9ria na segunda l\u00edngua oficial do pa\u00eds. \u201cFalei para a\ndiretora Olga que n\u00e3o tinha condi\u00e7\u00f5es de falar em duas l\u00ednguas ao\nmesmo tempo. Ela me disse que podia fazer o que eu achasse melhor. \n<\/p>\n\n\n\n<p>Ent\u00e3o,\neu entrava na sala, e 25 minutos da aula eram em Portugu\u00eas. Enquanto\nisso, os alunos surdos faziam exerc\u00edcios. Nos outros 25 minutos, a\naula era em Libras, e os ouvintes faziam exerc\u00edcios.\u201d Para\ntrabalhar o conte\u00fado, na \u00e9poca, o professor usava a recorr\u00eancia,\nque se baseia no padr\u00e3o de resolu\u00e7\u00f5es das quest\u00f5es, ainda sem o\napoio dos sinais matem\u00e1ticos. \n<\/p>\n\n\n\n<p>Quase\n20 anos depois, a dificuldade no ensino para surdos persiste e foi,\ninclusive, tema da prova de reda\u00e7\u00e3o do Exame Nacional do Ensino\nM\u00e9dio (Enem) em 2017. Hoje, mesmo com a possibilidade de ter\nint\u00e9rpretes, as especificidades das demandas educacionais dos surdos\nainda n\u00e3o s\u00e3o atendidas. Nesse contexto, o di\u00e1logo entre a\nlinguagem matem\u00e1tica e da Libras proposto pelo Projeto M\u00e3otem\u00e1tica\n\u00e9 a aposta para uma metodologia de ensino da disciplina, que visa a\nimpactar positivamente a forma de lecionar para os 70 mil\nestudantes surdos do pa\u00eds, partindo das necessidades de aprendizado\nindicadas por eles.<\/p>\n\n\n\n<div class=\"wp-block-image\"><figure class=\"alignleft\"><img loading=\"lazy\" decoding=\"async\" width=\"350\" height=\"491\" src=\"https:\/\/socepel.com.br\/wp-content\/uploads\/2019\/12\/Noticia_201915877B_Imagem.jpg\" alt=\"\" class=\"wp-image-5881\" srcset=\"https:\/\/socepel.com.br\/wp-content\/uploads\/2019\/12\/Noticia_201915877B_Imagem.jpg 350w, https:\/\/socepel.com.br\/wp-content\/uploads\/2019\/12\/Noticia_201915877B_Imagem-214x300.jpg 214w\" sizes=\"auto, (max-width: 350px) 100vw, 350px\" \/><\/figure><\/div>\n\n\n\n<p>Em 2013, Cristiano encontra o professor Rodrigo\nMendes, que \u00e9 surdo, professor efetivo da Faculdade de Educa\u00e7\u00e3o da\nUniversidade Federal de Juiz de Fora (UFJF), trabalhando na linha de\nLibras e Diversidade. \n<\/p>\n\n\n\n<p>Um dia, Cristiano sonhou com o nome M\u00e3otem\u00e1tica,\ne quando acordou, sabia que precisava pensar em uma forma de aliar o\nensino de Matem\u00e1tica usando a l\u00edngua de sinais.<\/p>\n\n\n\n<p>\u201cPelo fato de Rodrigo ter forma\u00e7\u00e3o em\nMatem\u00e1tica, ter letramento em Portugu\u00eas e ser reconhecido como\nmilitante do movimento, era a pessoa certa. Eu o chamei para gravar\num v\u00eddeo, explicando sobre n\u00famero antecessor e n\u00famero sucessor.\nTestamos e fomos muito bem recebidos nas redes sociais\u201d, narra\nCristiano. As demandas por outros temas foram surgindo e outros\nv\u00eddeos foram feitos. A dupla foi chamada para dar um curso em Ponte\nNova (MG) e, depois desse convite, visitou outras 19 cidades, levando\nessa linha metodol\u00f3gica para o ensino de Matem\u00e1tica em Libras.\nSurdos, int\u00e9rpretes e pedagogos participaram de cursos de 12 horas\nde carga hor\u00e1ria e ajudaram a construir o conhecimento.<\/p>\n\n\n\n<p>Esse trabalho chegou a S\u00e3o Paulo, de onde eles\nreceberam uma liga\u00e7\u00e3o com o convite para um mestrado em educa\u00e7\u00e3o\nmatem\u00e1tica. Eles passaram na prova e ficaram dois anos estudando.\nAgora, depois da conclus\u00e3o da capacita\u00e7\u00e3o, os professores retomam\nas atividades do M\u00e3otem\u00e1tica, com o intuito de viabilizar a\nconstru\u00e7\u00e3o de uma plataforma on-line, em que as videoaulas feitas\npor eles possam ser acessadas por qualquer aluno surdo do pa\u00eds\ngratuitamente.<\/p>\n\n\n\n<h2 class=\"wp-block-heading\"><strong>Dificuldade em explicar Matem\u00e1tica<\/strong><\/h2>\n\n\n\n<p>S\u00e3o as experi\u00eancias pessoais que ajudam a\nilustrar a experi\u00eancia de aprender conte\u00fado por meio de uma l\u00edngua\nque n\u00e3o se consegue acessar. O professor do Departamento de Letras\nda Universidade Federal de Vi\u00e7osa, Charley Soares, que \u00e9 surdo,\nrelata que nas escolas pelas quais passou, os docentes trabalhavam\napenas com recursos orais. Eles n\u00e3o usavam sinais ou qualquer outra\nforma de apresentar o conte\u00fado de maneira visual. \u201cEles explicavam\nMatem\u00e1tica de uma forma que eu n\u00e3o conseguia entender. Fiquei sem\naprender o que era explicado at\u00e9 o terceiro ano do cient\u00edfico. Sa\u00ed\nda escola e continuei com essa dificuldade. N\u00e3o tenho um uso l\u00f3gico\nda mat\u00e9ria, por isso, o celular me ajuda muito, principalmente com a\ncalculadora.\u201d<\/p>\n\n\n\n<p>Faltava, segundo Charley, uma metodologia que n\u00e3o\nse baseasse exclusivamente na fala, o que ele encontrou ao ter\ncontato com o M\u00e3otem\u00e1tica, quando participou de um dos cursos de 12\nhoras dados pelo projeto. \u201c\u00c9 outro n\u00edvel, porque em Libras eles\nconseguem mostrar essa multidisciplinaridade para que possamos ter\nacesso a imagens, din\u00e2micas, brincadeiras. Agora, eu tenho acesso\naos conceitos da mat\u00e9ria.\u201d Aos professores ouvintes, ele aconselha\nque esmiucem o conte\u00fado, pensando em como apresent\u00e1-lo de uma\nmaneira que facilite a compreens\u00e3o visual do que \u00e9 trabalhado. \u201cQue\nusem mais exemplos, tornem aquele conte\u00fado o mais concreto\nposs\u00edvel\u201d.<\/p>\n\n\n\n<p>Apesar de ser oralizado e ter um bom conhecimento\nde Portugu\u00eas, chegar ao ensino superior tamb\u00e9m foi um grande\ndesafio para o professor Rodrigo Mendes. \u201cA L\u00edngua Portuguesa em\nn\u00edvel acad\u00eamico \u00e9 muito dif\u00edcil. A norma culta foi um complicador\nenorme, que me exigiu esfor\u00e7o, muita leitura. Os professores viam\nque meu conhecimento \u00e9 bom, mas \u00e9 limitado. Mas esse \u00e9 o meu\nperfil\u201d, ele real\u00e7a, pontuando que o acesso que teve ao Portugu\u00eas\nn\u00e3o \u00e9 o mesmo para todos os surdos. Para ele, \u00e9 sempre importante\nacentuar que dentro do grupo de pessoas surdas, h\u00e1 diferentes\nexperi\u00eancias e, portanto, necessidades diversas.\u201dMinha irm\u00e3, por\nexemplo, \u00e9 surda profunda. Ela teve acesso ao mesmo material que eu,\nmas ela n\u00e3o tem o mesmo desempenho no Portugu\u00eas, ent\u00e3o, eu n\u00e3o\nposso afirmar que melhorar o entendimento da l\u00edngua elimina o\nproblema. Cada um tem o seu jeito, o seu tempo e a sua forma.\u201d<\/p>\n\n\n\n<p>Por isso, o ensino de Matem\u00e1tica e de outras\ndisciplinas tamb\u00e9m exige um olhar individual, para que o professor\npossa adaptar os processos e incluir esses estudantes de maneira\nplena. \u201cAprendi a l\u00edngua de sinais com 18 anos. Ent\u00e3o \u00e9 preciso\nadaptar e direcionar o ensino, para que o aluno surdo possa responder\no que o professor quer alcan\u00e7ar com aquela mat\u00e9ria. Se fosse pensar\nde uns anos para c\u00e1, gostaria que os meus mestres fossem fluentes em\nLibras e, paralelamente, adotassem metodologias mais visuais.\u201d<\/p>\n\n\n\n<div class=\"wp-block-image\"><figure class=\"aligncenter\"><img loading=\"lazy\" decoding=\"async\" width=\"600\" height=\"428\" src=\"https:\/\/socepel.com.br\/wp-content\/uploads\/2019\/12\/Noticia_2019125877C_Imagem.jpg\" alt=\"\" class=\"wp-image-5882\" srcset=\"https:\/\/socepel.com.br\/wp-content\/uploads\/2019\/12\/Noticia_2019125877C_Imagem.jpg 600w, https:\/\/socepel.com.br\/wp-content\/uploads\/2019\/12\/Noticia_2019125877C_Imagem-300x214.jpg 300w\" sizes=\"auto, (max-width: 600px) 100vw, 600px\" \/><\/figure><\/div>\n\n\n\n<p>Para testar o que vem sendo empregado na educa\u00e7\u00e3o\nda popula\u00e7\u00e3o dos surdos, Rodrigo se inscreveu no Enem, para avaliar\na tradu\u00e7\u00e3o da prova. \u201cA prova de linguagens tinha int\u00e9rprete,\ncom uma tradu\u00e7\u00e3o perfeita, porque ele domina Libras e o Portugu\u00eas.\nNa prova de Matem\u00e1tica, o int\u00e9rprete n\u00e3o tinha base da disciplina\ne n\u00e3o conseguia atingir a compreens\u00e3o do surdo. Al\u00e9m disso, era\numa interpreta\u00e7\u00e3o muito fria, impessoal, distante. Isso me deixou\nmuito preocupado.\u201d<\/p>\n\n\n\n<p><strong>Sede de aprendizado<\/strong><\/p>\n\n\n\n<p>Mesmo que as informa\u00e7\u00f5es n\u00e3o cheguem de maneira\nacess\u00edvel, os surdos seguem alimentando a vontade de aprender, de\nacordo com o professor Rodrigo Mendes, professor da Faculdade de\nEduca\u00e7\u00e3o da UFJF. \u201cQueremos ter acesso \u00e0 profissionaliza\u00e7\u00e3o,\nqueremos estudar para ter uma vida melhor e direitos iguais aos de\nqualquer ouvinte. Comprar, pagar, trabalhar, casar. Tudo isso passa\npela educa\u00e7\u00e3o.\u201d Por isso, segundo ele, existem as associa\u00e7\u00f5es,\npara que o surdo consiga caminhar em dire\u00e7\u00e3o \u00e0 cidadania.<\/p>\n\n\n\n<p>\u201cMuitos chegam \u00e0s faculdades depois de receber\no diploma dos ensinos fundamental e m\u00e9dio sem ter o conhecimento\nnecess\u00e1rio. Os surdos pensam que est\u00e3o preparados, mas quando\nchegam l\u00e1, percebem que ainda n\u00e3o est\u00e3o prontos. Isso causa um\nsentimento de que estamos sendo prejudicados\u201d, explica.\u201dA\nsociedade ainda n\u00e3o tem esse conhecimento sobre como lidar com o\nsurdo no aspecto educacional.\u201d Por isso, \u00e9 preciso, segundo ele,\npensar, primeiro, no ensino b\u00e1sico.<\/p>\n\n\n\n<h2 class=\"wp-block-heading\"><strong>M\u00e3otem\u00e1tica<\/strong><\/h2>\n\n\n\n<p>Pensando nisso, o M\u00e3otem\u00e1tica leva o aprendizado\npor meio de uma linguagem que chega ao surdo. Com cerca de 20 mil\nsinais na Libras hoje, pouco mais de cem eram usados na sala de aula\npara ensinar Matem\u00e1tica. \u201cEm uma das cidades que passamos, fomos\nfalar sobre os n\u00fameros primos. Mas n\u00e3o pod\u00edamos usar o sinal para\ndesignar a palavra primo, porque ele indica o ente familiar, n\u00e3o \u00e9\na mesma coisa. Mostramos o padr\u00e3o e um dos surdos representou os\ndois divisores sobre a chave e fez o sinal. Ficamos arrepiados, foi\num momento m\u00e1gico\u201d, explicou Cristiano.<\/p>\n\n\n\n<p>Assim como o sinal para n\u00fameros primos, muitos\noutros foram feitos por surdos e por Rodrigo, durante os cursos.\nHoje, para explicar o que \u00e9 uma esfera, os professores n\u00e3o usam\nmais o mesmo movimento com o qual se faz o sinal de bola. O novo\ngestual que indica a forma leva em considera\u00e7\u00e3o o eixo e tamb\u00e9m\ntrabalha com a ideia do semi-circulo rotacionando em volta dele. Al\u00e9m\ndesses, muitos outros passaram a integrar o vocabul\u00e1rio matem\u00e1tico\nda Libras, depois do in\u00edcio do projeto.<\/p>\n\n\n\n<figure class=\"wp-block-embed-youtube wp-block-embed is-type-video is-provider-youtube wp-embed-aspect-16-9 wp-has-aspect-ratio\"><div class=\"wp-block-embed__wrapper\">\n<iframe loading=\"lazy\" title=\"M\u00e3otem\u00e1tica prop\u00f5e metodologia de ensino de Matem\u00e1tica a surdos\" width=\"640\" height=\"360\" src=\"https:\/\/www.youtube.com\/embed\/abOPF0tkTzE?feature=oembed\" frameborder=\"0\" allow=\"accelerometer; autoplay; clipboard-write; encrypted-media; gyroscope; picture-in-picture; web-share\" referrerpolicy=\"strict-origin-when-cross-origin\" allowfullscreen><\/iframe>\n<\/div><\/figure>\n\n\n\n<p>(Re)pensar o b\u00e1sico<\/p>\n\n\n\n<p>As viagens pelas cidades de v\u00e1rios estados\nmostraram que o m\u00e9todo pensado por Cristiano e Rodrigo funciona. Mas\n\u00e9 invi\u00e1vel promover a capacita\u00e7\u00e3o em todo o pa\u00eds, por meio de\ncursos de 12 horas, que era o modelo adotado por eles, inicialmente.\nH\u00e1 munic\u00edpios que nem teriam como receber o projeto. Por isso, a\nplataforma digital educacional foi pensada. A ideia \u00e9 partir da Base\nNacional Comum Curricular e iniciar a cria\u00e7\u00e3o dos v\u00eddeos a partir\ndo primeiro ano das s\u00e9ries iniciais.<\/p>\n\n\n\n<p>\u201cQueremos que todos estejam contemplados. H\u00e1\nmuitos surdos que n\u00e3o tem condi\u00e7\u00f5es de investir se o curso for\npago. Muitos sequer conseguem comprar cr\u00e9ditos para ter internet no\ncelular. Ent\u00e3o, n\u00e3o adianta fazer algo pago, porque ele se tornaria\ninacess\u00edvel. Queremos ter algo que todos possam usar por meio de um\nlogin ou um acesso\u201d, afirma o professor Cristiano. O primeiro passo\npara conseguir isso foi a inscri\u00e7\u00e3o do projeto em pr\u00eamios e\neditais.<\/p>\n\n\n\n<p>No Liberta Minas, que destina emendas\nparlamentares a projetos, o trabalho concorreu a uma verba de R$ 200\nmil. Foi para a segunda fase da sele\u00e7\u00e3o, mas n\u00e3o conseguiu chegar\nao pr\u00eamio. Em seguida, o grupo participou do Pr\u00eamio Volkswagen.\nEntre os 406 inscritos, o M\u00e3otem\u00e1tica ficou entre os dez melhores,\nmas n\u00e3o ganhou. A equipe tamb\u00e9m lan\u00e7ou uma <a href=\"https:\/\/www.vakinha.com.br\/vaquinha\/matematica-visual\" target=\"_blank\" rel=\"noreferrer noopener\">vaquinha\nvirtual<\/a>, com o objetivo de gravar dez v\u00eddeos\ncom o custo de R$ 1 mil cada um, que permanece aberta.<\/p>\n\n\n\n<p>Por meio da visibilidade alcan\u00e7ada com a\nparticipa\u00e7\u00e3o nas premia\u00e7\u00f5es, em fevereiro, o projeto ser\u00e1\nrecebido em Bras\u00edlia por Priscilla Gaspar, a secret\u00e1ria nacional\ndos Direitos da Pessoa com Defici\u00eancia, que \u00e9 surda. A expectativa\n\u00e9 a de que o encontro possa abrir portas que ajudem a viabilizar a\nconstru\u00e7\u00e3o da plataforma. \u201cO que \u00e9 feito no amor, agora precisa\ntomar uma cara mais profissional, e isso \u00e9 caro. A Libras tem o\ntempo dela. A sinaliza\u00e7\u00e3o, no v\u00eddeo, precisa ser mais lenta. Isso\ndeixa o material mais longo. Esse \u00e9 o melhor formato para o surdo,\nporque a escrita em l\u00edngua de sinais ainda \u00e9 pouco difundida,\nusa-se muito pouco\u201d, conta Renan Norberto, int\u00e9rprete que tem\nforma\u00e7\u00e3o em Hist\u00f3ria e colabora com a edi\u00e7\u00e3o dos v\u00eddeos feitos\npelo projeto.<\/p>\n\n\n\n<p>O v\u00eddeo, segundo Renan, pode ser revisto, pausado\ne acessado quando as d\u00favidas surgirem. \u201cNa escola, em uma situa\u00e7\u00e3o\nideal, o professor de Matem\u00e1tica \u00e9 fluente em Libras. Mas e quando\nesse aluno chega em casa, como estuda sozinho? O livro de Matem\u00e1tica\n\u00e9 escrito em Portugu\u00eas. O v\u00eddeo, nesse caso, vai funcionar como um\nlivro did\u00e1tico, feito em Libras, ao qual o aluno pode recorrer\nquando precisar.\u201d<br>\nDesse modo, \u00e9 poss\u00edvel pensar, segundo os\ncriadores da proposta, em um caminho educacional que seja mais\nrepresentativo e efetivo para o surdo, atendendo suas demandas sem\ndeixar lacunas. \u201cO m\u00e9todo atual n\u00e3o \u00e9 inclusivo. Ele \u00e9\nintegrador. Colocar esse aluno em sala de aula n\u00e3o \u00e9 faz\u00ea-lo\nparticipar. Ent\u00e3o o que a gente precisa \u00e9 entender o que os surdos\nprecisam. Construir com eles, para eles e com eles\u201d, conclui\nCristiano.<\/p>\n\n\n\n<p>Fonte:<a href=\"https:\/\/tribunademinas.com.br\/noticias\/cidade\/15-12-2019\/maotematica-propoe-metodologia-de-ensino-matematico-acessivel-para-surdos.html\">https:\/\/tribunademinas.com.br\/<\/a><\/p>\n","protected":false},"excerpt":{"rendered":"<p>Professores de Matem\u00e1tica e de Libras se uniram para criar sinais espec\u00edficos para ensino da Matem\u00e1tica; atualmente, eles buscam recursos para desenvolver plataforma com v\u00eddeos na l\u00edngua de sinais para todas as etapas do ensino Por Renan Ribeiro Mestre em educa\u00e7\u00e3o matem\u00e1tica e int\u00e9rprete, o professor Cristiano Donado entrou em contato com a L\u00edngua Brasileira [&hellip;]<\/p>\n","protected":false},"author":4,"featured_media":0,"comment_status":"open","ping_status":"open","sticky":false,"template":"","format":"standard","meta":{"footnotes":""},"categories":[19,21,28,43],"tags":[],"class_list":["post-5877","post","type-post","status-publish","format-standard","hentry","category-educacao","category-educacao-inclusiva","category-geral","category-noticia"],"_links":{"self":[{"href":"https:\/\/socepel.com.br\/index.php?rest_route=\/wp\/v2\/posts\/5877","targetHints":{"allow":["GET"]}}],"collection":[{"href":"https:\/\/socepel.com.br\/index.php?rest_route=\/wp\/v2\/posts"}],"about":[{"href":"https:\/\/socepel.com.br\/index.php?rest_route=\/wp\/v2\/types\/post"}],"author":[{"embeddable":true,"href":"https:\/\/socepel.com.br\/index.php?rest_route=\/wp\/v2\/users\/4"}],"replies":[{"embeddable":true,"href":"https:\/\/socepel.com.br\/index.php?rest_route=%2Fwp%2Fv2%2Fcomments&post=5877"}],"version-history":[{"count":5,"href":"https:\/\/socepel.com.br\/index.php?rest_route=\/wp\/v2\/posts\/5877\/revisions"}],"predecessor-version":[{"id":5885,"href":"https:\/\/socepel.com.br\/index.php?rest_route=\/wp\/v2\/posts\/5877\/revisions\/5885"}],"wp:attachment":[{"href":"https:\/\/socepel.com.br\/index.php?rest_route=%2Fwp%2Fv2%2Fmedia&parent=5877"}],"wp:term":[{"taxonomy":"category","embeddable":true,"href":"https:\/\/socepel.com.br\/index.php?rest_route=%2Fwp%2Fv2%2Fcategories&post=5877"},{"taxonomy":"post_tag","embeddable":true,"href":"https:\/\/socepel.com.br\/index.php?rest_route=%2Fwp%2Fv2%2Ftags&post=5877"}],"curies":[{"name":"wp","href":"https:\/\/api.w.org\/{rel}","templated":true}]}}