{"id":586,"date":"2014-02-23T02:56:53","date_gmt":"2014-02-23T02:56:53","guid":{"rendered":"http:\/\/www.socepel.com.br\/wpress\/?p=586"},"modified":"2014-02-25T02:58:47","modified_gmt":"2014-02-25T02:58:47","slug":"educacao-bilingue-para-surdos-uma-realidade-em-imperatriz","status":"publish","type":"post","link":"https:\/\/socepel.com.br\/?p=586","title":{"rendered":"Educa\u00e7\u00e3o Bil\u00edngue para surdos: uma realidade em Imperatriz"},"content":{"rendered":"<p>Inaugurada em 2012, pelo prefeito Sebasti\u00e3o Madeira, atrav\u00e9s da Lei Ordin\u00e1ria n\u00ba 1453\/2012, a Escola Municipal Professor Telasco Pereira Fialho &#8211; Bil\u00edngue (bairro S\u00e3o Jos\u00e9 do Egito) atende 95 alunos de 1\u00ba ao 5\u00ba ano do Ensino Fundamental, sob a gest\u00e3o da professora Maria Ivanilde Oliveira dos Santos no \u00e2mbito da rede municipal de ensino.<\/p>\n<p><a href=\"http:\/\/www.socepel.com.br\/wpress\/wp-content\/uploads\/2014\/02\/Noticia_20140223_Imagem.jpg\"><img loading=\"lazy\" decoding=\"async\" class=\"alignleft size-full wp-image-585\" alt=\"Noticia_20140223_Imagem\" src=\"http:\/\/www.socepel.com.br\/wpress\/wp-content\/uploads\/2014\/02\/Noticia_20140223_Imagem.jpg\" width=\"300\" height=\"225\" \/><\/a>Falando do orgulho em ser gestora de uma escola que prima pela inclus\u00e3o na educa\u00e7\u00e3o, Maria Ivanilde concedeu entrevista \u00e0 imprensa e explicou que h\u00e1 muitos anos luta pela educa\u00e7\u00e3o bil\u00edngue em Imperatriz. &#8220;Sou gestora da primeira escola bil\u00edngue no Maranh\u00e3o e sou orgulhosa disso, porque sou a fundadora da Educa\u00e7\u00e3o de Surdos em nossa cidade em 1986. E, recentemente, em mar\u00e7o de 2012, criamos esta escola resultado da sensibilidade do prefeito Madeira e do professor Zesiel Ribeiro, secret\u00e1rio de Educa\u00e7\u00e3o&#8221;.<\/p>\n<p>Ivanilde explicou ainda que alunos dos diversos bairros de Imperatriz estudam na Escola Bil\u00edngue, por isso a Secretaria Municipal de Educa\u00e7\u00e3o (SEMED) coloca \u00e0 disposi\u00e7\u00e3o de todos os alunos um transporte di\u00e1rio para irem e voltarem da escola.<br \/>\nParcerias: A Escola Municipal Professor Telasco Pereira Fialho &#8211; Bil\u00edngue desenvolve cursos de capacita\u00e7\u00e3o como: oficinas de arte, dan\u00e7a, corte e costura e inform\u00e1tica com alunos, m\u00e3es e pais atrav\u00e9s de parcerias firmadas com institui\u00e7\u00f5es como: SENAI, Casa da Amizade e Rotary Club.<\/p>\n<p><b>Cursos para inclus\u00e3o<\/b><\/p>\n<p>Com o objetivo de colaborar com o trabalho do professor, favorecendo a inclus\u00e3o dos alunos de maneira efetiva; o Setor de Inclus\u00e3o e Aten\u00e7\u00e3o \u00e0 Diversidade (SIADI) de responsabilidade da Secretaria Municipal de Educa\u00e7\u00e3o (SEMED),oferece cursos de: Atendimento Educacional Especializado (AEE), Libras e Braile, al\u00e9m de um curso espec\u00edfico para os professores que j\u00e1 atuam nas Salas de Recursos Multifuncionais (SRM); conforme explica Jos\u00e9 Jo\u00e3o, coordenador do setor.<br \/>\n&#8220;A ideia \u00e9 oferecer cursos de educa\u00e7\u00e3o inclusiva \u00e0 dist\u00e2ncia com um encontro presencial por m\u00eas aos professores da rede municipal nas \u00e1reas de: Atendimento Educacional Especializado (AEE), Libras e Braile; al\u00e9m disso, temos uma turma de Libras e Braile espec\u00edfica para os professores que j\u00e1 atuam nas Salas de Recursos. Os quatro tutores dos cursos t\u00eam forma\u00e7\u00e3o espec\u00edfica na \u00e1rea e o material \u00e9 o mesmo disponibilizado pelo Minist\u00e9rio da Educa\u00e7\u00e3o (MEC)&#8221;.<br \/>\nMaria Ivanilde, gestora da Escola Bil\u00edngue, concluiu a entrevista com um apelo para que todos os pais, m\u00e3es ou respons\u00e1veis por crian\u00e7as surdas em toda a cidade de Imperatriz procurem a Escola Municipal Professor Telasco Pereira Fialho &#8211; Bil\u00edngue (Rua Henrique Dias, 957 &#8211; bairro S\u00e3o Jos\u00e9 do Egito) e efetuem a matr\u00edcula destas crian\u00e7as que tem seu direito de acesso \u00e0 educa\u00e7\u00e3o assegurado. <b><i>(Luana Barros &#8211; ASCOM)<\/i><\/b><\/p>\n<p>Fonte: http:\/\/oprogressonet.com\/noticiario\/14939\/cidade\/2014\/2\/23\/educacao-bilingue-para-surdos-uma-realidade-em-imperatriz\/<\/p>\n","protected":false},"excerpt":{"rendered":"<p>Inaugurada em 2012, pelo prefeito Sebasti\u00e3o Madeira, atrav\u00e9s da Lei Ordin\u00e1ria n\u00ba 1453\/2012, a Escola Municipal Professor Telasco Pereira Fialho &#8211; Bil\u00edngue (bairro S\u00e3o Jos\u00e9 do Egito) atende 95 alunos de 1\u00ba ao 5\u00ba ano do Ensino Fundamental, sob a gest\u00e3o da professora Maria Ivanilde Oliveira dos Santos no \u00e2mbito da rede municipal de ensino. [&hellip;]<\/p>\n","protected":false},"author":4,"featured_media":0,"comment_status":"open","ping_status":"open","sticky":false,"template":"","format":"standard","meta":{"footnotes":""},"categories":[19,23],"tags":[],"class_list":["post-586","post","type-post","status-publish","format-standard","hentry","category-educacao","category-escolas-bilingue"],"_links":{"self":[{"href":"https:\/\/socepel.com.br\/index.php?rest_route=\/wp\/v2\/posts\/586","targetHints":{"allow":["GET"]}}],"collection":[{"href":"https:\/\/socepel.com.br\/index.php?rest_route=\/wp\/v2\/posts"}],"about":[{"href":"https:\/\/socepel.com.br\/index.php?rest_route=\/wp\/v2\/types\/post"}],"author":[{"embeddable":true,"href":"https:\/\/socepel.com.br\/index.php?rest_route=\/wp\/v2\/users\/4"}],"replies":[{"embeddable":true,"href":"https:\/\/socepel.com.br\/index.php?rest_route=%2Fwp%2Fv2%2Fcomments&post=586"}],"version-history":[{"count":1,"href":"https:\/\/socepel.com.br\/index.php?rest_route=\/wp\/v2\/posts\/586\/revisions"}],"predecessor-version":[{"id":587,"href":"https:\/\/socepel.com.br\/index.php?rest_route=\/wp\/v2\/posts\/586\/revisions\/587"}],"wp:attachment":[{"href":"https:\/\/socepel.com.br\/index.php?rest_route=%2Fwp%2Fv2%2Fmedia&parent=586"}],"wp:term":[{"taxonomy":"category","embeddable":true,"href":"https:\/\/socepel.com.br\/index.php?rest_route=%2Fwp%2Fv2%2Fcategories&post=586"},{"taxonomy":"post_tag","embeddable":true,"href":"https:\/\/socepel.com.br\/index.php?rest_route=%2Fwp%2Fv2%2Ftags&post=586"}],"curies":[{"name":"wp","href":"https:\/\/api.w.org\/{rel}","templated":true}]}}