{"id":5425,"date":"2019-06-15T01:22:45","date_gmt":"2019-06-15T01:22:45","guid":{"rendered":"https:\/\/socepel.com.br\/?p=5425"},"modified":"2019-06-22T01:32:18","modified_gmt":"2019-06-22T01:32:18","slug":"michelle-bolsonaro-anuncia-nova-sede-da-cbds-e-se-emociona-na-abertura-das-surdolimpiadas","status":"publish","type":"post","link":"https:\/\/socepel.com.br\/?p=5425","title":{"rendered":"Michelle Bolsonaro anuncia nova sede da CBDS e se emociona na abertura das Surdolimp\u00edadas"},"content":{"rendered":"\n<h4 class=\"wp-block-heading\">\nPrimeira-dama\ndiscursa em libras e confirma que sede em Bras\u00edlia. Par\u00e1 de Minas\nsedia evento, que conta com mais de 300 atletas<\/h4>\n\n\n\n<p>\n<strong>Por\nBruno Ribeiro&nbsp;\u2014 <\/strong>Par\u00e1\nde Minas, MG<\/p>\n\n\n\n<p>\n21\/06\/2019\n12h29&nbsp;&nbsp;Atualizado&nbsp;h\u00e1 8 horas<\/p>\n\n\n\n<p>\nA\ncerim\u00f4nia de abertura da 2\u00aa Surdolimp\u00edada do Brasil, na cidade de\nPar\u00e1 de Minas, no Centro-Oeste de Minas Gerais foi realizada nesta\nsexta-feira. A cerim\u00f4nia contou com a presen\u00e7a da primeira-dama,\nMichelle Bolsonaro, esposa do presidente Jair Bolsonaro. Al\u00e9m de\nsaudar os mais de 300 atletas que disputar\u00e3o a competi\u00e7\u00e3o entre\nsexta-feira e domingo, Michelle anunciou a CBDS (Confedera\u00e7\u00e3o\nBrasileira de Desportos de Surdos) ter\u00e1 uma nova sede em Bras\u00edlia.\n\n<\/p>\n\n\n\n<p> <\/p>\n\n\n\n<figure class=\"wp-block-image\"><img loading=\"lazy\" decoding=\"async\" width=\"650\" height=\"389\" src=\"https:\/\/socepel.com.br\/wp-content\/uploads\/2019\/06\/Noticia_20195425A_Imagem.jpg\" alt=\"\" class=\"wp-image-5426\" srcset=\"https:\/\/socepel.com.br\/wp-content\/uploads\/2019\/06\/Noticia_20195425A_Imagem.jpg 650w, https:\/\/socepel.com.br\/wp-content\/uploads\/2019\/06\/Noticia_20195425A_Imagem-600x359.jpg 600w, https:\/\/socepel.com.br\/wp-content\/uploads\/2019\/06\/Noticia_20195425A_Imagem-300x180.jpg 300w\" sizes=\"auto, (max-width: 650px) 100vw, 650px\" \/><\/figure>\n\n\n\n<p>\nSegundo\na primeira-dama, acompanhada pelo ministro da Cidadania, Osmar Terra,\no acordo foi feito junto \u00e0 Caixa Econ\u00f4mica Federal, atrav\u00e9s do\npresidente Pedro Duarte Guimar\u00e3es.\n\n<\/p>\n\n\n\n<p>\n\u2013\n<strong>\u00c9\ncom muita alegria que conseguimos um lugar, uma sede para a CBDS por\nmeio do presidente da Caixa Econ\u00f4mica Federal, que se comprometeu\ncom as obras do espa\u00e7o. A sede ser\u00e1 na Escola Bil\u00edngue, na 912,\nAsa Sul, em Bras\u00edlia. Acreditamos que esta sede auxiliar\u00e1 no\ndesenvolvimento do esporte entre os surdos \u2013 disse.<\/strong><\/p>\n\n\n\n<p>\nAntes\ndisso, Michelle Bolsonaro, que discursou em libras, reiterou a\nfelicidade por fazer parte da abertura da segunda edi\u00e7\u00e3o dos jogos,\ne destacou estar certa de que muitas coisas est\u00e3o sendo feitas para\na comunidade surda no Brasil. Emocionada, ela exaltou a supera\u00e7\u00e3o\ndos atletas no dia a dia para encontrarem no esporte uma ferramenta\nde inser\u00e7\u00e3o social.\n\n<\/p>\n\n\n\n<p>\n\u2013\nOlhando\npara voc\u00eas, surdo-atletas, prontos para uma s\u00e9rie de competi\u00e7\u00f5es\neu fiquei imaginando o que voc\u00eas passaram no passado, tantas\ndificuldades e barreiras, e me coloco nos seus lugares e me emociono.\nSei que as dificuldades s\u00e3o muitas e por este motivo estou aqui para\nme comprometer com a comunidade surda. Tenho me esfor\u00e7ado para\nincentivar voc\u00eas tamb\u00e9m na comunidade esportiva. (&#8230;) Aos\nsurdo-atletas eu desejo que continuem se superando em suas \u00e1reas\nesportivas e que sejam um modelo positivo para nossa na\u00e7\u00e3o. Que\nDeus aben\u00e7oe a todos \u2013 finalizou.<\/p>\n\n\n\n<p> <\/p>\n\n\n\n<figure class=\"wp-block-image\"><img loading=\"lazy\" decoding=\"async\" width=\"1024\" height=\"794\" src=\"https:\/\/socepel.com.br\/wp-content\/uploads\/2019\/06\/Noticia_20195425B_Imagem-1024x794.jpg\" alt=\"\" class=\"wp-image-5427\" srcset=\"https:\/\/socepel.com.br\/wp-content\/uploads\/2019\/06\/Noticia_20195425B_Imagem-1024x794.jpg 1024w, https:\/\/socepel.com.br\/wp-content\/uploads\/2019\/06\/Noticia_20195425B_Imagem-600x465.jpg 600w, https:\/\/socepel.com.br\/wp-content\/uploads\/2019\/06\/Noticia_20195425B_Imagem-300x233.jpg 300w, https:\/\/socepel.com.br\/wp-content\/uploads\/2019\/06\/Noticia_20195425B_Imagem-768x595.jpg 768w, https:\/\/socepel.com.br\/wp-content\/uploads\/2019\/06\/Noticia_20195425B_Imagem.jpg 1561w\" sizes=\"auto, (max-width: 1024px) 100vw, 1024px\" \/><\/figure>\n\n\n\n<p> O ministro da Cidadania, Osmar Terra, tamb\u00e9m discursou, enaltecendo o Governo Federal, que segundo ele \u201cpermite agir como nunca se agiu na \u00e1rea social\u201d. Ele tamb\u00e9m destacou a participa\u00e7\u00e3o da primeira-dama na busca por melhores condi\u00e7\u00f5es para a comunidade surda e outras pessoas com defici\u00eancia f\u00edsica ou intelectual. <\/p>\n\n\n\n<p>\n&#8211;\nVamos trabalhar para que cada vez pessoas possam participar das\nSurdolimp\u00edadas e vamos fazer uma linha especial da Bolsa Atleta para\nos surdos. Voc\u00eas precisar\u00e3o estar em um ranking, mas ter\u00e3o acesso.\n(&#8230;) Estamos assumindo um compromisso. Voc\u00eas est\u00e3o vendo nascer\numa nova era de aten\u00e7\u00e3o aos surdos do Brasil \u2013 disse.<\/p>\n\n\n\n<p>\nAproximadamente\n300 atletas de todo o pa\u00eds v\u00e3o participar dos jogos em 11\nmodalidades. Eles v\u00e3o se enfrentar no atletismo, badminton,\nbasquete, futebol de campo, handebol, t\u00eanis de mesa, nata\u00e7\u00e3o,\njud\u00f4, carat\u00ea, v\u00f4lei e xadrez&nbsp;<a href=\"https:\/\/surdolimpiadasnacional2019.wordpress.com\/programacao\/\" target=\"_blank\" rel=\"noreferrer noopener\"><strong>(veja\na programa\u00e7\u00e3o completa)<\/strong><\/a>.\nO evento foi realizado pela primeira vez em 2002, em Passo Fundo\n(RS).\n\n<\/p>\n\n\n\n<p>Fonte<a href=\"https:\/\/globoesporte.globo.com\/mg\/zona-da-mata-centro-oeste\/noticia\/michelle-bolsonaro-anuncia-nova-sede-da-cbds-e-se-emociona-na-abertura-das-surdolimpiadas.ghtml?fbclid=IwAR2xQpOICfzrPstVarCTQyJaD5dHulbK6P6tO8RdKc-AkcaHUY06w4_41wc \">https:\/\/globoesporte.globo.com\/mg\/zona-da-mata-centro-oeste\/noticia\/michelle-bolsonaro-anuncia-nova-sede-da-cbds-e-se-emociona-na-abertura-das-surdolimpiadas.ghtml?fbclid=IwAR2xQpOICfzrPstVarCTQyJaD5dHulbK6P6tO8RdKc-AkcaHUY06w4_41wc <\/a><\/p>\n","protected":false},"excerpt":{"rendered":"<p>Primeira-dama discursa em libras e confirma que sede em Bras\u00edlia. Par\u00e1 de Minas sedia evento, que conta com mais de 300 atletas Por Bruno Ribeiro&nbsp;\u2014 Par\u00e1 de Minas, MG 21\/06\/2019 12h29&nbsp;&nbsp;Atualizado&nbsp;h\u00e1 8 horas A cerim\u00f4nia de abertura da 2\u00aa Surdolimp\u00edada do Brasil, na cidade de Par\u00e1 de Minas, no Centro-Oeste de Minas Gerais foi realizada [&hellip;]<\/p>\n","protected":false},"author":4,"featured_media":0,"comment_status":"open","ping_status":"open","sticky":false,"template":"","format":"standard","meta":{"footnotes":""},"categories":[24,25,28,35,43,52],"tags":[],"class_list":["post-5425","post","type-post","status-publish","format-standard","hentry","category-esporte","category-eventos","category-geral","category-libras","category-noticia","category-surdez"],"_links":{"self":[{"href":"https:\/\/socepel.com.br\/index.php?rest_route=\/wp\/v2\/posts\/5425","targetHints":{"allow":["GET"]}}],"collection":[{"href":"https:\/\/socepel.com.br\/index.php?rest_route=\/wp\/v2\/posts"}],"about":[{"href":"https:\/\/socepel.com.br\/index.php?rest_route=\/wp\/v2\/types\/post"}],"author":[{"embeddable":true,"href":"https:\/\/socepel.com.br\/index.php?rest_route=\/wp\/v2\/users\/4"}],"replies":[{"embeddable":true,"href":"https:\/\/socepel.com.br\/index.php?rest_route=%2Fwp%2Fv2%2Fcomments&post=5425"}],"version-history":[{"count":1,"href":"https:\/\/socepel.com.br\/index.php?rest_route=\/wp\/v2\/posts\/5425\/revisions"}],"predecessor-version":[{"id":5428,"href":"https:\/\/socepel.com.br\/index.php?rest_route=\/wp\/v2\/posts\/5425\/revisions\/5428"}],"wp:attachment":[{"href":"https:\/\/socepel.com.br\/index.php?rest_route=%2Fwp%2Fv2%2Fmedia&parent=5425"}],"wp:term":[{"taxonomy":"category","embeddable":true,"href":"https:\/\/socepel.com.br\/index.php?rest_route=%2Fwp%2Fv2%2Fcategories&post=5425"},{"taxonomy":"post_tag","embeddable":true,"href":"https:\/\/socepel.com.br\/index.php?rest_route=%2Fwp%2Fv2%2Ftags&post=5425"}],"curies":[{"name":"wp","href":"https:\/\/api.w.org\/{rel}","templated":true}]}}