{"id":5420,"date":"2019-06-14T23:45:28","date_gmt":"2019-06-14T23:45:28","guid":{"rendered":"https:\/\/socepel.com.br\/?p=5420"},"modified":"2019-06-21T23:51:40","modified_gmt":"2019-06-21T23:51:40","slug":"concursos-deverao-ter-editais-e-provas-em-libras-para-deficiente-auditivo-define-cdh","status":"publish","type":"post","link":"https:\/\/socepel.com.br\/?p=5420","title":{"rendered":"Concursos dever\u00e3o ter editais e provas em Libras para deficiente auditivo, define CDH"},"content":{"rendered":"\n<h4 class=\"wp-block-heading\"> Proposi\u00e7\u00f5es legislativas<\/h4>\n\n\n\n<ul class=\"wp-block-list\"><li><a href=\"http:\/\/www25.senado.leg.br\/web\/atividade\/materias\/-\/materia\/135498\" target=\"_blank\" rel=\"noreferrer noopener\">PL\n\t\t1.231\/2019 <\/a>\n\t\t\n\t<\/li><\/ul>\n\n\n\n<figure class=\"wp-block-image\"><img loading=\"lazy\" decoding=\"async\" width=\"650\" height=\"428\" src=\"https:\/\/socepel.com.br\/wp-content\/uploads\/2019\/06\/Noticia_20195420_Imagem.jpg\" alt=\"\" class=\"wp-image-5422\" srcset=\"https:\/\/socepel.com.br\/wp-content\/uploads\/2019\/06\/Noticia_20195420_Imagem.jpg 650w, https:\/\/socepel.com.br\/wp-content\/uploads\/2019\/06\/Noticia_20195420_Imagem-600x395.jpg 600w, https:\/\/socepel.com.br\/wp-content\/uploads\/2019\/06\/Noticia_20195420_Imagem-300x198.jpg 300w\" sizes=\"auto, (max-width: 650px) 100vw, 650px\" \/><\/figure>\n\n\n\n<p>Deficientes auditivos ter\u00e3o garantia de acessibilidade para ler os editais e fazer as provas de concursos da administra\u00e7\u00e3o p\u00fablica federal na l\u00edngua brasileira de sinais (Libras), para assegurar igualdade de condi\u00e7\u00f5es com os demais candidatos. \u00c9 o que garante o Projeto de Lei (PL) <a href=\"http:\/\/www25.senado.leg.br\/web\/atividade\/materias\/-\/materia\/135498\">1.231\/2019<\/a>, aprovado na Comiss\u00e3o de Direitos Humanos (CDH) nesta quinta-feira (13). O texto segue para a Comiss\u00e3o de Constitui\u00e7\u00e3o, Justi\u00e7a e Cidadania (CCJ).<\/p>\n\n\n\n<p>De autoria da senadora Mara\n\tGabrilli (PSDB-SP), o projeto garante \u00e0 pessoa com defici\u00eancia\n\tauditiva acesso ao edital do concurso e tamb\u00e9m \u00e0s provas escritas\n\tou em formato de v\u00eddeo em Libras. Tamb\u00e9m permite a solicita\u00e7\u00e3o\n\tdo aux\u00edlio de int\u00e9rprete em Libras, al\u00e9m de tempo adicional,\n\tdurante a realiza\u00e7\u00e3o das provas.<\/p>\n\n\n\n<p>A proposi\u00e7\u00e3o assegura ainda o\n\treconhecimento da singularidade da Libras e a valoriza\u00e7\u00e3o do\n\tconte\u00fado em detrimento da forma da linguagem; estabelece avalia\u00e7\u00e3o\n\tda prova discursiva por professor de l\u00edngua portuguesa com\n\texperi\u00eancia no ensino de pessoas com defici\u00eancia auditiva ou, na\n\taus\u00eancia da experi\u00eancia, tamb\u00e9m por int\u00e9rprete de Libras; e\n\tgarante o exerc\u00edcio do cargo ou emprego pelo candidato com\n\tdefici\u00eancia auditiva aprovado em concurso p\u00fablico.<\/p>\n\n\n\n<p>Para a relatora, senadora Mailza\n\tGomes (PP-AC), os indiv\u00edduos surdos enfrentam uma s\u00e9rie de\n\tobst\u00e1culos no processo de leitura de acordo com o padr\u00e3o oficial\n\tda l\u00edngua portuguesa. Isso acontece porque a crian\u00e7a surda aprende\n\ta usar a Libras desde a tenra idade. Essa l\u00edngua \u00e9 dotada de\n\testrutura e gram\u00e1tica pr\u00f3prias, sendo considerada um verdadeiro\n\telemento de constru\u00e7\u00e3o da identidade dessas pessoas. Dessa forma,\n\tum candidato surdo submetido a uma prova escrita em l\u00edngua\n\tportuguesa, uma forma de comunica\u00e7\u00e3o distante da sua express\u00e3o\n\tcultural, j\u00e1 parte em desvantagem em rela\u00e7\u00e3o ao candidato n\u00e3o\n\tsurdo, explicou.<\/p>\n\n\n\n<p>\u2014 Essa \u00e9 uma demanda constante\n\tdas pessoas com defici\u00eancia auditiva que me procuram em meu\n\tgabinete \u2014 frisou a relatora.<\/p>\n\n\n\n<p>Mailza lembra que, no Brasil, se\n\tnota uma tend\u00eancia de fortalecimento dos direitos das pessoas com\n\tdefici\u00eancia, observada desde a publica\u00e7\u00e3o da Lei Brasileira de\n\tInclus\u00e3o (<a href=\"http:\/\/www.planalto.gov.br\/ccivil_03\/_ato2015-2018\/2015\/lei\/l13146.htm\">Lei\n\t13.146, de 2015<\/a>). Por\u00e9m, \u00e9 necess\u00e1rio se\n\tavan\u00e7ar ainda mais, ressalta. Na opini\u00e3o da parlamentar, al\u00e9m da\n\tprevis\u00e3o de reserva de 20% das vagas para as pessoas com\n\tdefici\u00eancia nesse tipo de avalia\u00e7\u00e3o, a legisla\u00e7\u00e3o precisa\n\tassegurar m\u00e9todos que equilibrem as condi\u00e7\u00f5es de competi\u00e7\u00e3o de\n\ttodos os participantes.<\/p>\n\n\n\n<h3 class=\"wp-block-heading\"><strong>Requerimentos<\/strong><\/h3>\n\n\n\n<p>Os senadores aprovaram\n\trequerimento, apresentado pelo senador Paulo Paim (PT-RS), para\n\tpromo\u00e7\u00e3o de uma audi\u00eancia p\u00fablica sobre a import\u00e2ncia das\n\tnormas regulamentadoras (NRs) para a seguran\u00e7a e a sa\u00fade dos\n\ttrabalhadores.<\/p>\n\n\n\n<p>Outro requerimento aprovado, da\n\tsenadora Leila Barros (PSB-DF), pede a participa\u00e7\u00e3o da CDH no\n\tSemin\u00e1rio LGBTQI+, promovido pela C\u00e2mara dos Deputados. O evento \u00e9\n\talusivo ao Dia Internacional do Orgulho LGBTQI+, celebrado em 28 de\n\tjunho, e tratar\u00e1 da defesa dos direitos civis, sociais e\n\ttrabalhistas, das liberdades e do respeito \u00e0 diversidade e \u00e0\n\tdignidade humana dessa parcela da popula\u00e7\u00e3o.<\/p>\n\n\n\n<p>Ag\u00eancia\n\tSenado (Reprodu\u00e7\u00e3o autorizada mediante cita\u00e7\u00e3o da Ag\u00eancia\n\tSenado)<\/p>\n\n\n\n<p>https:<a href=\"http:\/\/ \/\/www12.senado.leg.br\/noticias\/materias\/2019\/06\/13\/concursos-deverao-ter-editais-e-provas-em-libras-para-deficiente-auditivo-define-cdh\">http:\/\/ \/\/www12.senado.leg.br\/noticias\/materias\/2019\/06\/13\/concursos-deverao-ter-editais-e-provas-em-libras-para-deficiente-auditivo-define-cdh<\/a><\/p>\n","protected":false},"excerpt":{"rendered":"<p>Proposi\u00e7\u00f5es legislativas PL 1.231\/2019 Deficientes auditivos ter\u00e3o garantia de acessibilidade para ler os editais e fazer as provas de concursos da administra\u00e7\u00e3o p\u00fablica federal na l\u00edngua brasileira de sinais (Libras), para assegurar igualdade de condi\u00e7\u00f5es com os demais candidatos. \u00c9 o que garante o Projeto de Lei (PL) 1.231\/2019, aprovado na Comiss\u00e3o de Direitos Humanos [&hellip;]<\/p>\n","protected":false},"author":4,"featured_media":0,"comment_status":"open","ping_status":"open","sticky":false,"template":"","format":"standard","meta":{"footnotes":""},"categories":[20,21,23,28,33,35,43,52],"tags":[],"class_list":["post-5420","post","type-post","status-publish","format-standard","hentry","category-educacao-bilingue","category-educacao-inclusiva","category-escolas-bilingue","category-geral","category-legislacao","category-libras","category-noticia","category-surdez"],"_links":{"self":[{"href":"https:\/\/socepel.com.br\/index.php?rest_route=\/wp\/v2\/posts\/5420","targetHints":{"allow":["GET"]}}],"collection":[{"href":"https:\/\/socepel.com.br\/index.php?rest_route=\/wp\/v2\/posts"}],"about":[{"href":"https:\/\/socepel.com.br\/index.php?rest_route=\/wp\/v2\/types\/post"}],"author":[{"embeddable":true,"href":"https:\/\/socepel.com.br\/index.php?rest_route=\/wp\/v2\/users\/4"}],"replies":[{"embeddable":true,"href":"https:\/\/socepel.com.br\/index.php?rest_route=%2Fwp%2Fv2%2Fcomments&post=5420"}],"version-history":[{"count":1,"href":"https:\/\/socepel.com.br\/index.php?rest_route=\/wp\/v2\/posts\/5420\/revisions"}],"predecessor-version":[{"id":5423,"href":"https:\/\/socepel.com.br\/index.php?rest_route=\/wp\/v2\/posts\/5420\/revisions\/5423"}],"wp:attachment":[{"href":"https:\/\/socepel.com.br\/index.php?rest_route=%2Fwp%2Fv2%2Fmedia&parent=5420"}],"wp:term":[{"taxonomy":"category","embeddable":true,"href":"https:\/\/socepel.com.br\/index.php?rest_route=%2Fwp%2Fv2%2Fcategories&post=5420"},{"taxonomy":"post_tag","embeddable":true,"href":"https:\/\/socepel.com.br\/index.php?rest_route=%2Fwp%2Fv2%2Ftags&post=5420"}],"curies":[{"name":"wp","href":"https:\/\/api.w.org\/{rel}","templated":true}]}}