{"id":5416,"date":"2019-06-12T22:28:15","date_gmt":"2019-06-12T22:28:15","guid":{"rendered":"https:\/\/socepel.com.br\/?p=5416"},"modified":"2019-06-21T22:34:51","modified_gmt":"2019-06-21T22:34:51","slug":"ucp-promove-mostra-musical-com-coral-de-libras","status":"publish","type":"post","link":"https:\/\/socepel.com.br\/?p=5416","title":{"rendered":"UCP promove mostra musical com Coral de Libras"},"content":{"rendered":"\n<figure class=\"wp-block-image\"><img loading=\"lazy\" decoding=\"async\" width=\"650\" height=\"214\" src=\"https:\/\/socepel.com.br\/wp-content\/uploads\/2019\/06\/Noticia_20195416_Imagem.jpg\" alt=\"\" class=\"wp-image-5418\" srcset=\"https:\/\/socepel.com.br\/wp-content\/uploads\/2019\/06\/Noticia_20195416_Imagem.jpg 650w, https:\/\/socepel.com.br\/wp-content\/uploads\/2019\/06\/Noticia_20195416_Imagem-600x198.jpg 600w, https:\/\/socepel.com.br\/wp-content\/uploads\/2019\/06\/Noticia_20195416_Imagem-300x99.jpg 300w\" sizes=\"auto, (max-width: 650px) 100vw, 650px\" \/><\/figure>\n\n\n\n<p>\nAtividade\ncom alunos da disciplina de Libras, oferecida na Universidade,\nacontece nesta quinta-feira (13.06), \u00e0s 19h, no Campus Dom Veloso<\/p>\n\n\n\n<p>A\nm\u00fasica \u00e9 considerada a linguagem universal, que consegue conectar\npovos de diferentes idiomas. E \u00e9 por meio dela, tamb\u00e9m, que\ndeficientes auditivos conseguem se comunicar usando a L\u00edngua\nBrasileira de Sinais (Libras). Esse trabalho ser\u00e1 apresentado na\nMostra Musical com o Coral de Libras, criado na Universidade Cat\u00f3lica\nde Petr\u00f3polis (UCP). O grupo \u00e9 resultado da disciplina de Libras,\noferecido para todas as gradua\u00e7\u00f5es da Universidade. A apresenta\u00e7\u00e3o,\nque \u00e9 aberta ao p\u00fablico, ser\u00e1 nesta quinta-feira (13.06), \u00e0s 19h,\nno Campus Dom Veloso.<\/p>\n\n\n\n<p>Realizada\npela primeira vez na UCP, a mostra tem a proposta de divulgar a\nL\u00edngua Brasileira de Sinais e sua aplica\u00e7\u00e3o nas m\u00fasicas. A\ndisciplina de Libras \u00e9 obrigat\u00f3ria nos cursos de Licenciatura, e \u00e9\numa eletiva nas demais gradua\u00e7\u00f5es. O Coral de Libras que far\u00e1 a\napresenta\u00e7\u00e3o \u00e9 formado por alunos das licenciaturas da UCP e\ntamb\u00e9m por estudantes de Fisioterapia que escolheram a disciplina na\nsua grade curricular.<\/p>\n\n\n\n<p>\u201cA\nideia do evento \u00e9 a divulga\u00e7\u00e3o entre os pr\u00f3prios alunos, para que\neles possam conhecer um pouco melhor a disciplina, entender como e o\nque \u00e9. E mostrar para o p\u00fablico em geral como funciona, como a\nL\u00edngua de Sinais se manifesta por meio da m\u00fasica\u201d, explica a\nProfa. Me. Nathalia Quintella, que leciona a disciplina.<\/p>\n\n\n\n<p>A\nmostra musical com o Coral de Libras acontece nesta quinta-feira\n(13.06), no Campus Dom Veloso, que fica na Rua Benjamin Constant n\u00ba\n213, Centro. Mais informa\u00e7\u00f5es no site&nbsp;ucp.br.<\/p>\n\n\n\n<p> Fonte:<a href=\"http:\/\/ https:\/\/www.diariodepetropolis.com.br\/integra\/ucp-promove-mostra-musical-com-coral-de-libras-167080 \">http:\/\/ https:\/\/www.diariodepetropolis.com.br\/integra\/ucp-promove-mostra-musical-com-coral-de-libras-167080 <\/a><\/p>\n","protected":false},"excerpt":{"rendered":"<p>Atividade com alunos da disciplina de Libras, oferecida na Universidade, acontece nesta quinta-feira (13.06), \u00e0s 19h, no Campus Dom Veloso A m\u00fasica \u00e9 considerada a linguagem universal, que consegue conectar povos de diferentes idiomas. E \u00e9 por meio dela, tamb\u00e9m, que deficientes auditivos conseguem se comunicar usando a L\u00edngua Brasileira de Sinais (Libras). Esse trabalho [&hellip;]<\/p>\n","protected":false},"author":4,"featured_media":0,"comment_status":"open","ping_status":"open","sticky":false,"template":"","format":"standard","meta":{"footnotes":""},"categories":[25,35,42,43],"tags":[],"class_list":["post-5416","post","type-post","status-publish","format-standard","hentry","category-eventos","category-libras","category-musicas-em-libras","category-noticia"],"_links":{"self":[{"href":"https:\/\/socepel.com.br\/index.php?rest_route=\/wp\/v2\/posts\/5416","targetHints":{"allow":["GET"]}}],"collection":[{"href":"https:\/\/socepel.com.br\/index.php?rest_route=\/wp\/v2\/posts"}],"about":[{"href":"https:\/\/socepel.com.br\/index.php?rest_route=\/wp\/v2\/types\/post"}],"author":[{"embeddable":true,"href":"https:\/\/socepel.com.br\/index.php?rest_route=\/wp\/v2\/users\/4"}],"replies":[{"embeddable":true,"href":"https:\/\/socepel.com.br\/index.php?rest_route=%2Fwp%2Fv2%2Fcomments&post=5416"}],"version-history":[{"count":2,"href":"https:\/\/socepel.com.br\/index.php?rest_route=\/wp\/v2\/posts\/5416\/revisions"}],"predecessor-version":[{"id":5419,"href":"https:\/\/socepel.com.br\/index.php?rest_route=\/wp\/v2\/posts\/5416\/revisions\/5419"}],"wp:attachment":[{"href":"https:\/\/socepel.com.br\/index.php?rest_route=%2Fwp%2Fv2%2Fmedia&parent=5416"}],"wp:term":[{"taxonomy":"category","embeddable":true,"href":"https:\/\/socepel.com.br\/index.php?rest_route=%2Fwp%2Fv2%2Fcategories&post=5416"},{"taxonomy":"post_tag","embeddable":true,"href":"https:\/\/socepel.com.br\/index.php?rest_route=%2Fwp%2Fv2%2Ftags&post=5416"}],"curies":[{"name":"wp","href":"https:\/\/api.w.org\/{rel}","templated":true}]}}