{"id":5411,"date":"2019-06-07T00:20:54","date_gmt":"2019-06-07T00:20:54","guid":{"rendered":"https:\/\/socepel.com.br\/?p=5411"},"modified":"2019-06-21T00:24:22","modified_gmt":"2019-06-21T00:24:22","slug":"associacao-dos-surdos-quer-a-restauracao-do-transporte-para-os-alunos-frequentarem-escola-especializada-em-caxias-do-sul","status":"publish","type":"post","link":"https:\/\/socepel.com.br\/?p=5411","title":{"rendered":"Associa\u00e7\u00e3o dos Surdos quer a restaura\u00e7\u00e3o do transporte para os alunos frequentarem escola especializada em Caxias do Sul"},"content":{"rendered":"\n<figure class=\"wp-block-image\"><img loading=\"lazy\" decoding=\"async\" width=\"600\" height=\"338\" src=\"https:\/\/socepel.com.br\/wp-content\/uploads\/2019\/06\/Noticia_20195411_Imagem.jpg\" alt=\"\" class=\"wp-image-5413\" srcset=\"https:\/\/socepel.com.br\/wp-content\/uploads\/2019\/06\/Noticia_20195411_Imagem.jpg 600w, https:\/\/socepel.com.br\/wp-content\/uploads\/2019\/06\/Noticia_20195411_Imagem-300x169.jpg 300w\" sizes=\"auto, (max-width: 600px) 100vw, 600px\" \/><\/figure>\n\n\n\n<p>\nDurante\na tarde de quinta-feira, a Presidente da Associa\u00e7\u00e3o dos Surdos de\nBento Gon\u00e7alves Daniela Flamia, esteve na reda\u00e7\u00e3o do Jornal Gazeta\npara fazer um apelo em nome dos surdos e suas fam\u00edlias.<br>\nA\nPresidente informou que at\u00e9 tr\u00eas anos atr\u00e1s a prefeitura de Bento\nGon\u00e7alves oferecia o transporte de crian\u00e7as e adolescentes surdos\nem tr\u00eas turnos para a Escola especializada no ensino de surdos e\nmudos, Helen Keller em Caxias do Sul.<\/p>\n\n\n\n<p>\nEm\na\u00e7\u00e3o motivada por pais de surdos em gest\u00e3o anterior, o transporte\nfoi cancelado, pois alguns pais achavam que o transporte dos alunos\nat\u00e9 Caxias do Sul era muito cansativa. A a\u00e7\u00e3o resultou na cria\u00e7\u00e3o\nda Escola Caminhos do Saber que \u00e9 destinada ao Ensino de surdos,\nmudos e no per\u00edodo da tarde aos autistas, entretanto, de acordo com\na Presidente da Associa\u00e7\u00e3o, a institui\u00e7\u00e3o n\u00e3o tem professores\nbil\u00edngues \u2013 at\u00e9 hoje \u2013 para ministrar aulas para os alunos\nsurdos, mas oferece uma pessoa que sabe libras, mas n\u00e3o tem forma\u00e7\u00e3o\nespec\u00edfica para ministrar aulas, o que segundo a presidente da\nentidade tem prejudicado o desenvolvimento e aprendizado das\ncrian\u00e7as.<\/p>\n\n\n\n<p>\nNo\nBrasil, a Lei n\u00ba 10.436, de 2002, e o Decreto n\u00ba 5.626, de 2005,\ntratam da l\u00edngua brasileira de sinais (Libras) e da educa\u00e7\u00e3o de\nsurdos, indicando a necessidade de forma\u00e7\u00e3o de futuros\nprofissionais, professor bil\u00edngue, instrutor surdo e int\u00e9rprete de\nLibras, cientes da condi\u00e7\u00e3o lingu\u00edstica diferenciada dos alunos\nsurdos.<\/p>\n\n\n\n<p>\nEm\nraz\u00e3o da aus\u00eancia de profissionais com a qualifica\u00e7\u00e3o bil\u00edngue,\nos pais das crian\u00e7as que frequentam a escola hoje, em reuni\u00e3o com a\nAssocia\u00e7\u00e3o dos Surdos e a Federa\u00e7\u00e3o Nacional de Educa\u00e7\u00e3o e\nIntegra\u00e7\u00e3o dos Surdos \u2013 Feneis RS comprovaram que as crian\u00e7as\nest\u00e3o tendo o seu desenvolvimento prejudicado, que o aprendizado\nest\u00e1 regredindo, sendo necess\u00e1rio que voltem a frequentar as aulas\nna Escola Helen Keller.<\/p>\n\n\n\n<p>\nEntretanto,\nos pais das crian\u00e7as n\u00e3o t\u00eam condi\u00e7\u00f5es de arcar com os custos\ndos deslocamentos di\u00e1rios, sendo necess\u00e1rio o apoio da Prefeitura\nde Bento Gon\u00e7alves, de forma que eles voltem a disponibilizar o\ntransporte para levar as crian\u00e7as at\u00e9 as aulas em Caxias do Sul.<\/p>\n\n\n\n<p>\nA\nPresidente da Associa\u00e7\u00e3o dos Surdos, ap\u00f3s a reuni\u00e3o e em escuta\naos apelos dos pais, entrou em contato com a Secretaria de educa\u00e7\u00e3o\ndo munic\u00edpio, formalizando o pedido de retorno do transporte escolar\ndos alunos deficientes. Daniela Fl\u00e2mia revelou \u00e0 reportagem da\nGazeta que este pedido foi negado, ent\u00e3o ela apela ao vereadores e\ncomunidade em geral para que gestionem junto ao \u00f3rg\u00e3o respons\u00e1vel,\npelo retorno do transporte para n\u00e3o prejudicar o desenvolvimento das\ncrian\u00e7as surdas.<\/p>\n\n\n\n<p> Fonte: <a href=\"http:\/\/gazeta-rs.com.br\/associacao-dos-surdos-quer-a-restauracao-do-transporte-para-os-alunos-frequentarem-escola-especializada-em-caxias-do-sul\/ \">http:\/\/gazeta-rs.com.br\/associacao-dos-surdos-quer-a-restauracao-do-transporte-para-os-alunos-frequentarem-escola-especializada-em-caxias-do-sul\/ <\/a><\/p>\n","protected":false},"excerpt":{"rendered":"<p>Durante a tarde de quinta-feira, a Presidente da Associa\u00e7\u00e3o dos Surdos de Bento Gon\u00e7alves Daniela Flamia, esteve na reda\u00e7\u00e3o do Jornal Gazeta para fazer um apelo em nome dos surdos e suas fam\u00edlias. A Presidente informou que at\u00e9 tr\u00eas anos atr\u00e1s a prefeitura de Bento Gon\u00e7alves oferecia o transporte de crian\u00e7as e adolescentes surdos em [&hellip;]<\/p>\n","protected":false},"author":4,"featured_media":0,"comment_status":"open","ping_status":"open","sticky":false,"template":"","format":"standard","meta":{"footnotes":""},"categories":[19,21,35,43,52],"tags":[],"class_list":["post-5411","post","type-post","status-publish","format-standard","hentry","category-educacao","category-educacao-inclusiva","category-libras","category-noticia","category-surdez"],"_links":{"self":[{"href":"https:\/\/socepel.com.br\/index.php?rest_route=\/wp\/v2\/posts\/5411","targetHints":{"allow":["GET"]}}],"collection":[{"href":"https:\/\/socepel.com.br\/index.php?rest_route=\/wp\/v2\/posts"}],"about":[{"href":"https:\/\/socepel.com.br\/index.php?rest_route=\/wp\/v2\/types\/post"}],"author":[{"embeddable":true,"href":"https:\/\/socepel.com.br\/index.php?rest_route=\/wp\/v2\/users\/4"}],"replies":[{"embeddable":true,"href":"https:\/\/socepel.com.br\/index.php?rest_route=%2Fwp%2Fv2%2Fcomments&post=5411"}],"version-history":[{"count":2,"href":"https:\/\/socepel.com.br\/index.php?rest_route=\/wp\/v2\/posts\/5411\/revisions"}],"predecessor-version":[{"id":5414,"href":"https:\/\/socepel.com.br\/index.php?rest_route=\/wp\/v2\/posts\/5411\/revisions\/5414"}],"wp:attachment":[{"href":"https:\/\/socepel.com.br\/index.php?rest_route=%2Fwp%2Fv2%2Fmedia&parent=5411"}],"wp:term":[{"taxonomy":"category","embeddable":true,"href":"https:\/\/socepel.com.br\/index.php?rest_route=%2Fwp%2Fv2%2Fcategories&post=5411"},{"taxonomy":"post_tag","embeddable":true,"href":"https:\/\/socepel.com.br\/index.php?rest_route=%2Fwp%2Fv2%2Ftags&post=5411"}],"curies":[{"name":"wp","href":"https:\/\/api.w.org\/{rel}","templated":true}]}}