{"id":5241,"date":"2019-04-02T02:44:00","date_gmt":"2019-04-02T02:44:00","guid":{"rendered":"https:\/\/socepel.com.br\/?p=5241"},"modified":"2020-12-02T23:20:24","modified_gmt":"2020-12-02T23:20:24","slug":"medico-do-sus-recebe-pacientes-surdos-e-faz-atendimento-em-libras-2","status":"publish","type":"post","link":"https:\/\/socepel.com.br\/?p=5241","title":{"rendered":"M\u00e9dico do SUS recebe pacientes surdos e faz atendimento em Libras"},"content":{"rendered":"\n<figure class=\"wp-block-image\"><img loading=\"lazy\" decoding=\"async\" width=\"600\" height=\"401\" src=\"https:\/\/socepel.com.br\/wp-content\/uploads\/2019\/05\/Noticia_20195238_Imagem.jpg\" alt=\"\" class=\"wp-image-5239\" srcset=\"https:\/\/socepel.com.br\/wp-content\/uploads\/2019\/05\/Noticia_20195238_Imagem.jpg 600w, https:\/\/socepel.com.br\/wp-content\/uploads\/2019\/05\/Noticia_20195238_Imagem-300x201.jpg 300w\" sizes=\"auto, (max-width: 600px) 100vw, 600px\" \/><\/figure>\n\n\n\n<p>Um\nm\u00e9dico do SUS, do interior do Rio de Janeiro, recebeu pacientes\nsurdos neste fim de semana e para surpresa de todos, ela sabia se\ncomunicar na L\u00edngua Brasileira de Sinais e fez o atendimento em\nLibras.<\/p>\n\n\n\n<p>\u201cEu\naprendi [Libras] na igreja quando era mais novo. Tinha sempre um\nint\u00e9rprete nos cultos. Eu achava aquilo o m\u00e1ximo e fui aprendendo\naos poucos\u201d, contou o m\u00e9dico Fred Nic\u00e1rio ao S\u00f3Not\u00edciaBoa.<\/p>\n\n\n\n<p>Ele\nconta que n\u00e3o \u00e9 fluente na L\u00edngua Brasileira de Sinais, mas se\nvira bem: \u201cNa faculdade que eu fiz, tinha a mat\u00e9ria de LIBRAS\nefetiva na grade curricular e eu fiz tamb\u00e9m porque me interessava\u201d,\nlembra.<\/p>\n\n\n\n<p>E\no que ele aprendeu na adolesc\u00eancia e na faculdade foi colocado em\npr\u00e1tica, meio que no susto, durante o atendimento deste domingo na\ncidade de Italva, no interior do Estado.<\/p>\n\n\n\n<p>Alegria<\/p>\n\n\n\n<p>Fred\nconta como foi a alegria da paciente ao perceber que o m\u00e9dico estava\nrealmente entendendo a dor dela,<\/p>\n\n\n\n<p>\u201cFoi\nincr\u00edvel ver nos olhos deles o brilho e a express\u00e3o de felicidade\nao ver que o m\u00e9dico do lado de c\u00e1 estava literalmente entendendo a\nsua dor. \u00c9 gratificante demais poder trabalhar de forma inclusiva,\ngarantindo a dignidade do outro\u201d, escreveu Fred no Instagram.<\/p>\n\n\n\n<p>\u201c\u00c9\nmuito bom para ser capaz de mudar a vida de pessoas. Seguimos firmes.\nRepresentatividade, acessibilidade e inclus\u00e3o importam muito sim!\u201d,\nconcluiu.<\/p>\n\n\n\n<p>Fonte:<a href=\"http:\/\/ http:\/\/www.sonoticiaboa.com.br\/2019\/04\/29\/medico-sus-recebe-pacientes-surdos-atendimento-libras\/ \">http:\/\/ http:\/\/www.sonoticiaboa.com.br\/2019\/04\/29\/medico-sus-recebe-pacientes-surdos-atendimento-libras\/ <\/a><\/p>\n","protected":false},"excerpt":{"rendered":"<p>Um m\u00e9dico do SUS, do interior do Rio de Janeiro, recebeu pacientes surdos neste fim de semana e para surpresa de todos, ela sabia se comunicar na L\u00edngua Brasileira de Sinais e fez o atendimento em Libras. \u201cEu aprendi [Libras] na igreja quando era mais novo. Tinha sempre um int\u00e9rprete nos cultos. Eu achava aquilo [&hellip;]<\/p>\n","protected":false},"author":4,"featured_media":0,"comment_status":"open","ping_status":"open","sticky":false,"template":"","format":"standard","meta":{"footnotes":""},"categories":[28,35,43,48,52],"tags":[],"class_list":["post-5241","post","type-post","status-publish","format-standard","hentry","category-geral","category-libras","category-noticia","category-saude","category-surdez"],"_links":{"self":[{"href":"https:\/\/socepel.com.br\/index.php?rest_route=\/wp\/v2\/posts\/5241","targetHints":{"allow":["GET"]}}],"collection":[{"href":"https:\/\/socepel.com.br\/index.php?rest_route=\/wp\/v2\/posts"}],"about":[{"href":"https:\/\/socepel.com.br\/index.php?rest_route=\/wp\/v2\/types\/post"}],"author":[{"embeddable":true,"href":"https:\/\/socepel.com.br\/index.php?rest_route=\/wp\/v2\/users\/4"}],"replies":[{"embeddable":true,"href":"https:\/\/socepel.com.br\/index.php?rest_route=%2Fwp%2Fv2%2Fcomments&post=5241"}],"version-history":[{"count":1,"href":"https:\/\/socepel.com.br\/index.php?rest_route=\/wp\/v2\/posts\/5241\/revisions"}],"predecessor-version":[{"id":5242,"href":"https:\/\/socepel.com.br\/index.php?rest_route=\/wp\/v2\/posts\/5241\/revisions\/5242"}],"wp:attachment":[{"href":"https:\/\/socepel.com.br\/index.php?rest_route=%2Fwp%2Fv2%2Fmedia&parent=5241"}],"wp:term":[{"taxonomy":"category","embeddable":true,"href":"https:\/\/socepel.com.br\/index.php?rest_route=%2Fwp%2Fv2%2Fcategories&post=5241"},{"taxonomy":"post_tag","embeddable":true,"href":"https:\/\/socepel.com.br\/index.php?rest_route=%2Fwp%2Fv2%2Ftags&post=5241"}],"curies":[{"name":"wp","href":"https:\/\/api.w.org\/{rel}","templated":true}]}}