{"id":5199,"date":"2019-04-18T01:05:03","date_gmt":"2019-04-18T01:05:03","guid":{"rendered":"https:\/\/socepel.com.br\/?p=5199"},"modified":"2020-03-01T01:01:55","modified_gmt":"2020-03-01T01:01:55","slug":"referencia-em-inclusao-esta-professora-faz-mais-do-que-dar-aulas","status":"publish","type":"post","link":"https:\/\/socepel.com.br\/?p=5199","title":{"rendered":"Refer\u00eancia em inclus\u00e3o, esta professora faz mais do que dar aulas"},"content":{"rendered":"\n<h5 class=\"wp-block-heading\">Primeira\nprofessora com s\u00edndrome de Down no Brasil, D\u00e9bora Seabra de Moura\nlutou para conquistar seu espa\u00e7o no mercado de trabalho<\/h5>\n\n\n\n<p>Por\n<strong>Monique\nLima, da VOC\u00ca S\/A<\/strong>\n\n<\/p>\n\n\n\n<p>\u201cO que\nser\u00e1 que essa professora ensina?\u201d Esse foi o coment\u00e1rio que a\ndesembargadora Mar\u00edlia Castro Neves, do Tribunal de Justi\u00e7a do Rio\nde Janeiro, fez no Facebook quando soube que o Brasil tinha uma\neducadora com s\u00edndrome de Down.<\/p>\n\n\n\n<figure class=\"wp-block-image\"><img loading=\"lazy\" decoding=\"async\" width=\"600\" height=\"440\" src=\"https:\/\/socepel.com.br\/wp-content\/uploads\/2019\/04\/Noticia_20195199_Imagem.jpg\" alt=\"\" class=\"wp-image-5200\" srcset=\"https:\/\/socepel.com.br\/wp-content\/uploads\/2019\/04\/Noticia_20195199_Imagem.jpg 600w, https:\/\/socepel.com.br\/wp-content\/uploads\/2019\/04\/Noticia_20195199_Imagem-300x220.jpg 300w\" sizes=\"auto, (max-width: 600px) 100vw, 600px\" \/><\/figure>\n\n\n\n<p>A fala dizia\nrespeito a D\u00e9bora Seabra de Moura, que desde 2005 \u00e9 auxiliar de uma\nclasse de ensino fundamental em Natal (RN). A profissional n\u00e3o se\nintimidou com o preconceito e respondeu sobre seu trabalho em uma\ncarta aberta: \u201cEstudo planejamento, participo das reuni\u00f5es, dou\nopini\u00f5es, conto hist\u00f3rias, acompanho aulas de ingl\u00eas, m\u00fasica e\neduca\u00e7\u00e3o f\u00edsica e muitas outras coisas\u201d.<\/p>\n\n\n\n<p>O amor pelos\nlivros come\u00e7ou na inf\u00e2ncia, quando D\u00e9bora p\u00f4de estudar numa\nescola que n\u00e3o era espec\u00edfica para quem tem Down. Isso gerou uma\nsensa\u00e7\u00e3o de acolhimento e estimulou sua vontade de trabalhar na\n\u00e1rea.<\/p>\n\n\n\n<p>Para\nconquistar o objetivo, entrou no magist\u00e9rio da Escola Estadual Luiz\nAnt\u00f4nio e, mais uma vez, enfrentou o preconceito. Alguns colegas\nforam intolerantes e o coordenador do curso teve de intervir. Com a\najuda da m\u00e3e, que a auxiliava nos estudos, ela superou os obst\u00e1culos\ne conquistou o diploma.<\/p>\n\n\n\n<p>Formada,\nbateu \u00e0 porta de uma escola particular de Natal e se voluntariou\ncomo educadora auxiliar. \u201cAs professoras me ajudaram a aprender o\ntrabalho.\u201d Mas suas tarefas n\u00e3o se limitam aos quadros-negros.<\/p>\n\n\n\n<p>D\u00e9bora \u00e9\nvice-diretora da regional do Nordeste da Federa\u00e7\u00e3o Brasileira das\nAssocia\u00e7\u00f5es de S\u00edndrome de Down, fun\u00e7\u00e3o que a leva a viajar pelo\nBrasil e para o exterior \u2014 j\u00e1 ministrou palestra at\u00e9 na sede da\nONU em Nova York. Al\u00e9m disso, \u00e9 autora de um livro de f\u00e1bulas\ninfantis sobre supera\u00e7\u00e3o e amizade.<\/p>\n\n\n\n<p>Fonte:<a href=\"https:\/\/exame.abril.com.br\/carreira\/referencia-em-inclusao-esta-professora-faz-mais-do-que-dar-aulas\/\">https:\/\/exame.abril.com.br\/carreira\/referencia-em-inclusao-esta-professora-faz-mais-do-que-dar-aulas\/<\/a><\/p>\n","protected":false},"excerpt":{"rendered":"<p>Primeira professora com s\u00edndrome de Down no Brasil, D\u00e9bora Seabra de Moura lutou para conquistar seu espa\u00e7o no mercado de trabalho Por Monique Lima, da VOC\u00ca S\/A \u201cO que ser\u00e1 que essa professora ensina?\u201d Esse foi o coment\u00e1rio que a desembargadora Mar\u00edlia Castro Neves, do Tribunal de Justi\u00e7a do Rio de Janeiro, fez no Facebook [&hellip;]<\/p>\n","protected":false},"author":4,"featured_media":0,"comment_status":"open","ping_status":"open","sticky":false,"template":"","format":"standard","meta":{"footnotes":""},"categories":[18,19,21,28,43],"tags":[],"class_list":["post-5199","post","type-post","status-publish","format-standard","hentry","category-down","category-educacao","category-educacao-inclusiva","category-geral","category-noticia"],"_links":{"self":[{"href":"https:\/\/socepel.com.br\/index.php?rest_route=\/wp\/v2\/posts\/5199","targetHints":{"allow":["GET"]}}],"collection":[{"href":"https:\/\/socepel.com.br\/index.php?rest_route=\/wp\/v2\/posts"}],"about":[{"href":"https:\/\/socepel.com.br\/index.php?rest_route=\/wp\/v2\/types\/post"}],"author":[{"embeddable":true,"href":"https:\/\/socepel.com.br\/index.php?rest_route=\/wp\/v2\/users\/4"}],"replies":[{"embeddable":true,"href":"https:\/\/socepel.com.br\/index.php?rest_route=%2Fwp%2Fv2%2Fcomments&post=5199"}],"version-history":[{"count":1,"href":"https:\/\/socepel.com.br\/index.php?rest_route=\/wp\/v2\/posts\/5199\/revisions"}],"predecessor-version":[{"id":5201,"href":"https:\/\/socepel.com.br\/index.php?rest_route=\/wp\/v2\/posts\/5199\/revisions\/5201"}],"wp:attachment":[{"href":"https:\/\/socepel.com.br\/index.php?rest_route=%2Fwp%2Fv2%2Fmedia&parent=5199"}],"wp:term":[{"taxonomy":"category","embeddable":true,"href":"https:\/\/socepel.com.br\/index.php?rest_route=%2Fwp%2Fv2%2Fcategories&post=5199"},{"taxonomy":"post_tag","embeddable":true,"href":"https:\/\/socepel.com.br\/index.php?rest_route=%2Fwp%2Fv2%2Ftags&post=5199"}],"curies":[{"name":"wp","href":"https:\/\/api.w.org\/{rel}","templated":true}]}}