{"id":5195,"date":"2019-04-17T00:58:11","date_gmt":"2019-04-17T00:58:11","guid":{"rendered":"https:\/\/socepel.com.br\/?p=5195"},"modified":"2020-03-01T01:02:10","modified_gmt":"2020-03-01T01:02:10","slug":"surdo-passa-em-curso-de-ciencias-da-computacao-e-fica-sem-interprete-na-ufsc","status":"publish","type":"post","link":"https:\/\/socepel.com.br\/?p=5195","title":{"rendered":"Surdo passa em curso de Ci\u00eancias da Computa\u00e7\u00e3o e fica sem int\u00e9rprete na UFSC"},"content":{"rendered":"\n<h5 class=\"wp-block-heading\">Universidade\nalega n\u00e3o ter equipe suficiente para atender demanda. Fam\u00edlia moveu\na\u00e7\u00e3o civil p\u00fablica no MPF.<\/h5>\n\n\n\n<p> Video  <a href=\"https:\/\/globoplay.globo.com\/v\/7546376\/\">https:\/\/globoplay.globo.com\/v\/7546376\/<\/a><\/p>\n\n\n\n<p>\nEstudante\nda UFSC est\u00e1 sem tradutor e int\u00e9rprete de Libras desde o in\u00edcio\ndas aulas \n<\/p>\n\n\n\n<p>Guilherme\nRodrigues Andariola, de 20 anos, \u00e9 surdo e cursa Ci\u00eancias da\nComputa\u00e7\u00e3o na Universidade Federal de Santa Catarina (UFSC). As\naulas come\u00e7aram no m\u00eas passado, mas at\u00e9 agora a universidade n\u00e3o\nprovidenciou um int\u00e9rprete para o rapaz.<\/p>\n\n\n\n<p>A\nUFSC diz ter uma equipe com 13 tradutores e int\u00e9rpretes, mas que\nprecisaria dobrar esse n\u00famero para atender a todos os professores e\ndemais profissionais e alunos. A universidade afirmou em nota estar\nprovidenciando um funcion\u00e1rio para atender Guilherme em uma das\ncinco disciplinas que cursa.<\/p>\n\n\n\n<p>Nascido\ne criado no interior do Rio Grande do Sul, Guilherme veio pra\nFlorian\u00f3polis para cursar a universidade neste ano. No momento da\nmatr\u00edcula, ele avisou que \u00e9 surdo e que precisaria de um int\u00e9rprete\nem sala.<\/p>\n\n\n\n<p>&#8220;Eu\nn\u00e3o imaginava que ia ter esse problema. S\u00f3 que quando cheguei me\ndeparei com essa situa\u00e7\u00e3o e isso quebrou o meu sonho eu tive que\nrefazer meus passos&#8221;, disse o a acad\u00eamico.<\/p>\n\n\n\n<figure class=\"wp-block-image\"><img loading=\"lazy\" decoding=\"async\" width=\"1000\" height=\"540\" src=\"https:\/\/socepel.com.br\/wp-content\/uploads\/2019\/04\/Noticia_20195195_Imagem.jpg\" alt=\"\" class=\"wp-image-5196\" srcset=\"https:\/\/socepel.com.br\/wp-content\/uploads\/2019\/04\/Noticia_20195195_Imagem.jpg 1000w, https:\/\/socepel.com.br\/wp-content\/uploads\/2019\/04\/Noticia_20195195_Imagem-600x324.jpg 600w, https:\/\/socepel.com.br\/wp-content\/uploads\/2019\/04\/Noticia_20195195_Imagem-300x162.jpg 300w, https:\/\/socepel.com.br\/wp-content\/uploads\/2019\/04\/Noticia_20195195_Imagem-768x415.jpg 768w\" sizes=\"auto, (max-width: 1000px) 100vw, 1000px\" \/><\/figure>\n\n\n\n<p>\nGuilherme est\u00e1 sem int\u00e9rprete de libras na\nUFSC \u2014 Foto: Reprodu\u00e7\u00e3o\/NSC TV<\/p>\n\n\n\n<p>\nA fam\u00edlia do Guilherme entrou com uma a\u00e7\u00e3o\ncivil p\u00fablica no Mist\u00e9rio P\u00fablico Federal (MPF) pedindo mais\nagilidade. A coordenadoria do curso e a reitoria da universidade\ntamb\u00e9m j\u00e1 foram procuradas, mas n\u00e3o houve respostas. Pelo\ncontr\u00e1rio, chegaram a sugerir que o ele trocasse de curso.<\/p>\n\n\n\n<p>\n&#8220;A coordena\u00e7\u00e3o do curso j\u00e1 solicitou\npara que eu fizesse uma outra faculdade. Meu vestibular foi\nexatamente para essa \u00e1rea. Eu queria ci\u00eancias da computa\u00e7\u00e3o. E\nessa falta de acessibilidade que a UFSC t\u00e1 me causando tem me\ntrazido muitos problemas&#8221;, disse.<\/p>\n\n\n\n<p>\nDesde 2015, o Estatuto da Pessoa com\nDefici\u00eancia diz que a educa\u00e7\u00e3o no Brasil deve ser inclusiva. Na\nlei, consta que todas as salas de aula com alunos surdos devem ter\ntradutores e int\u00e9rpretes de Libras, para garantir o aprendizado de\ntodo mundo.<\/p>\n\n\n\n<p>\nAs primeiras provas do semestre v\u00e3o acontecer\nnos pr\u00f3ximos dias e ele n\u00e3o sabe direito o que vai fazer, mas\ndesistir n\u00e3o \u00e9 uma op\u00e7\u00e3o. &#8220;Eu sou o primeiro aluno surdo\ndeste curso e pretendo lutar pra conseguir, lutar pra que eu consiga\num interprete de libras&#8221;, completou o aluno.<\/p>\n\n\n\n<p><a href=\"https:\/\/g1.globo.com\/sc\/santa-catarina\">https:\/\/g1.globo.com\/sc\/santa-catarina<\/a><\/p>\n","protected":false},"excerpt":{"rendered":"<p>Universidade alega n\u00e3o ter equipe suficiente para atender demanda. Fam\u00edlia moveu a\u00e7\u00e3o civil p\u00fablica no MPF. Video https:\/\/globoplay.globo.com\/v\/7546376\/ Estudante da UFSC est\u00e1 sem tradutor e int\u00e9rprete de Libras desde o in\u00edcio das aulas Guilherme Rodrigues Andariola, de 20 anos, \u00e9 surdo e cursa Ci\u00eancias da Computa\u00e7\u00e3o na Universidade Federal de Santa Catarina (UFSC). As aulas [&hellip;]<\/p>\n","protected":false},"author":4,"featured_media":0,"comment_status":"open","ping_status":"open","sticky":false,"template":"","format":"standard","meta":{"footnotes":""},"categories":[19,28,31,35,43,52],"tags":[],"class_list":["post-5195","post","type-post","status-publish","format-standard","hentry","category-educacao","category-geral","category-interpretes","category-libras","category-noticia","category-surdez"],"_links":{"self":[{"href":"https:\/\/socepel.com.br\/index.php?rest_route=\/wp\/v2\/posts\/5195","targetHints":{"allow":["GET"]}}],"collection":[{"href":"https:\/\/socepel.com.br\/index.php?rest_route=\/wp\/v2\/posts"}],"about":[{"href":"https:\/\/socepel.com.br\/index.php?rest_route=\/wp\/v2\/types\/post"}],"author":[{"embeddable":true,"href":"https:\/\/socepel.com.br\/index.php?rest_route=\/wp\/v2\/users\/4"}],"replies":[{"embeddable":true,"href":"https:\/\/socepel.com.br\/index.php?rest_route=%2Fwp%2Fv2%2Fcomments&post=5195"}],"version-history":[{"count":1,"href":"https:\/\/socepel.com.br\/index.php?rest_route=\/wp\/v2\/posts\/5195\/revisions"}],"predecessor-version":[{"id":5197,"href":"https:\/\/socepel.com.br\/index.php?rest_route=\/wp\/v2\/posts\/5195\/revisions\/5197"}],"wp:attachment":[{"href":"https:\/\/socepel.com.br\/index.php?rest_route=%2Fwp%2Fv2%2Fmedia&parent=5195"}],"wp:term":[{"taxonomy":"category","embeddable":true,"href":"https:\/\/socepel.com.br\/index.php?rest_route=%2Fwp%2Fv2%2Fcategories&post=5195"},{"taxonomy":"post_tag","embeddable":true,"href":"https:\/\/socepel.com.br\/index.php?rest_route=%2Fwp%2Fv2%2Ftags&post=5195"}],"curies":[{"name":"wp","href":"https:\/\/api.w.org\/{rel}","templated":true}]}}