{"id":5175,"date":"2019-04-01T01:36:08","date_gmt":"2019-04-01T01:36:08","guid":{"rendered":"https:\/\/socepel.com.br\/?p=5175"},"modified":"2019-04-08T01:40:09","modified_gmt":"2019-04-08T01:40:09","slug":"alunos-e-professores-se-unem-para-ajudar-garotinho-com-problema-auditivo-em-florianopolis","status":"publish","type":"post","link":"https:\/\/socepel.com.br\/?p=5175","title":{"rendered":"Alunos e professores se unem para ajudar garotinho com problema auditivo em Florian\u00f3polis"},"content":{"rendered":"\n<p class=\"has-text-color has-vivid-cyan-blue-color\">\nProfissionais\nda escola municipal na Costeira do Pirabuba\u00e9 est\u00e3o aprendendo\nLibras para que Kau\u00e3, 6 anos, sinta-se acolhido\n\n<\/p>\n\n\n\n<p class=\"has-text-color has-very-dark-gray-color\">\nEstudantes\ne profissionais da Escola B\u00e1sica Municipal de Florian\u00f3polis Adotiva\nLiberato Valentim, na Costeira do Pirajuba\u00e9, em Florian\u00f3polis, se\nmobilizaram para aprender a L\u00edngua Brasileira de Sinais. O objetivo?\nAjudar Kau\u00e3 da Silva Titon, 6 anos, que est\u00e1 no 1\u00ba ano do ensino\nfundamental, a sentir-se inserido e inclu\u00eddo na unidade educativa.\n\n <\/p>\n\n\n\n<figure class=\"wp-block-image\"><img loading=\"lazy\" decoding=\"async\" width=\"600\" height=\"467\" src=\"https:\/\/socepel.com.br\/wp-content\/uploads\/2019\/04\/Noticia_20195175_Imagem.jpg\" alt=\"\" class=\"wp-image-5176\" srcset=\"https:\/\/socepel.com.br\/wp-content\/uploads\/2019\/04\/Noticia_20195175_Imagem.jpg 600w, https:\/\/socepel.com.br\/wp-content\/uploads\/2019\/04\/Noticia_20195175_Imagem-300x234.jpg 300w\" sizes=\"auto, (max-width: 600px) 100vw, 600px\" \/><\/figure>\n\n\n\n<p>A\nturma dele, com 25 matriculados, tem aulas de Libras na segunda e\nquinta-feira, no per\u00edodo da manh\u00e3, com o professor Renato Nilson\nChagas e o int\u00e9rprete Hamilton da Silva Ferreira.<\/p>\n\n\n\n<p>Quarenta\ne seis adultos da escola tamb\u00e9m entraram nesta rede de\nsolidariedade. O professor Renato leciona o curso para os\nprofissionais, que est\u00e3o divididos em quatro grupos.<\/p>\n\n\n\n<p>Dentre\nos aprendizes est\u00e3o 28 professores, tr\u00eas funcion\u00e1rios da\nsecretaria da escola, tr\u00eas cozinheiras, cinco pessoas da equipe\npedag\u00f3gica, duas da vigil\u00e2ncia, quatro da limpeza e um dos servi\u00e7os\ngerais, que acompanhar\u00e3o o curso at\u00e9 o final de novembro<\/p>\n\n\n\n<p>Kau\u00e3\ntamb\u00e9m frequenta a sala multimeios da unidade no contraturno\nescolar. Neste espa\u00e7o, conta com o aux\u00edlio do professor Renato e da\nprofessora da sala multimeios, Maria Edilene Garcia.<\/p>\n\n\n\n<p>A\nsala multimeios \u00e9 constitu\u00edda de mobili\u00e1rios, materiais did\u00e1ticos,\nrecursos pedag\u00f3gicos e de acessibilidade e equipamentos espec\u00edficos\npara estudantes com defici\u00eancia.<\/p>\n\n\n\n<p>Fonte<a href=\"https:\/\/ndmais.com.br\/noticias\/alunos-e-professores-se-unem-para-ajudar-garotinho-com-problema-auditivo-em-florianopolis\/\">https:\/\/ndmais.com.br\/noticias\/alunos-e-professores-se-unem-para-ajudar-garotinho-com-problema-auditivo-em-florianopolis\/<\/a><\/p>\n","protected":false},"excerpt":{"rendered":"<p>Profissionais da escola municipal na Costeira do Pirabuba\u00e9 est\u00e3o aprendendo Libras para que Kau\u00e3, 6 anos, sinta-se acolhido Estudantes e profissionais da Escola B\u00e1sica Municipal de Florian\u00f3polis Adotiva Liberato Valentim, na Costeira do Pirajuba\u00e9, em Florian\u00f3polis, se mobilizaram para aprender a L\u00edngua Brasileira de Sinais. O objetivo? Ajudar Kau\u00e3 da Silva Titon, 6 anos, que [&hellip;]<\/p>\n","protected":false},"author":4,"featured_media":0,"comment_status":"open","ping_status":"open","sticky":false,"template":"","format":"standard","meta":{"footnotes":""},"categories":[19,28,35,43,52],"tags":[],"class_list":["post-5175","post","type-post","status-publish","format-standard","hentry","category-educacao","category-geral","category-libras","category-noticia","category-surdez"],"_links":{"self":[{"href":"https:\/\/socepel.com.br\/index.php?rest_route=\/wp\/v2\/posts\/5175","targetHints":{"allow":["GET"]}}],"collection":[{"href":"https:\/\/socepel.com.br\/index.php?rest_route=\/wp\/v2\/posts"}],"about":[{"href":"https:\/\/socepel.com.br\/index.php?rest_route=\/wp\/v2\/types\/post"}],"author":[{"embeddable":true,"href":"https:\/\/socepel.com.br\/index.php?rest_route=\/wp\/v2\/users\/4"}],"replies":[{"embeddable":true,"href":"https:\/\/socepel.com.br\/index.php?rest_route=%2Fwp%2Fv2%2Fcomments&post=5175"}],"version-history":[{"count":1,"href":"https:\/\/socepel.com.br\/index.php?rest_route=\/wp\/v2\/posts\/5175\/revisions"}],"predecessor-version":[{"id":5177,"href":"https:\/\/socepel.com.br\/index.php?rest_route=\/wp\/v2\/posts\/5175\/revisions\/5177"}],"wp:attachment":[{"href":"https:\/\/socepel.com.br\/index.php?rest_route=%2Fwp%2Fv2%2Fmedia&parent=5175"}],"wp:term":[{"taxonomy":"category","embeddable":true,"href":"https:\/\/socepel.com.br\/index.php?rest_route=%2Fwp%2Fv2%2Fcategories&post=5175"},{"taxonomy":"post_tag","embeddable":true,"href":"https:\/\/socepel.com.br\/index.php?rest_route=%2Fwp%2Fv2%2Ftags&post=5175"}],"curies":[{"name":"wp","href":"https:\/\/api.w.org\/{rel}","templated":true}]}}