{"id":5122,"date":"2019-02-12T00:28:42","date_gmt":"2019-02-12T00:28:42","guid":{"rendered":"https:\/\/socepel.com.br\/?p=5122"},"modified":"2020-03-01T01:05:31","modified_gmt":"2020-03-01T01:05:31","slug":"rede-estadual-de-educacao-do-amazonas-lanca-livro-de-historia-em-libras-2","status":"publish","type":"post","link":"https:\/\/socepel.com.br\/?p=5122","title":{"rendered":"Rede estadual de educa\u00e7\u00e3o do Amazonas lan\u00e7a livro de Hist\u00f3ria em Libras"},"content":{"rendered":"\n<p><em>Material pode ser baixado gratuitamente na internet. O processo de pesquisa e produ\u00e7\u00e3o dos recursos contou com um apoio especial dos alunos<\/em><\/p>\n\n\n\n<figure class=\"wp-block-image\"><img loading=\"lazy\" decoding=\"async\" width=\"600\" height=\"420\" src=\"https:\/\/socepel.com.br\/wp-content\/uploads\/2019\/03\/Noticia_20195122_Imagem.jpg\" alt=\"\" class=\"wp-image-5123\" srcset=\"https:\/\/socepel.com.br\/wp-content\/uploads\/2019\/03\/Noticia_20195122_Imagem.jpg 600w, https:\/\/socepel.com.br\/wp-content\/uploads\/2019\/03\/Noticia_20195122_Imagem-300x210.jpg 300w, https:\/\/socepel.com.br\/wp-content\/uploads\/2019\/03\/Noticia_20195122_Imagem-130x90.jpg 130w\" sizes=\"auto, (max-width: 600px) 100vw, 600px\" \/><\/figure>\n\n\n\n<p><em>Com o objetivo de garantir a igualdade de\ncondi\u00e7\u00f5es aos alunos surdos matriculados na Rede Estadual de Ensino, a\nSecretaria de Estado de Educa\u00e7\u00e3o e Qualidade de Ensino (Seduc-AM) disponibiliza\npara os estudantes surdos o e-book de hist\u00f3ria em formato acess\u00edvel <\/em><\/p>\n\n\n\n<p><em>O material pode ser baixado gratuitamente na\ninternet (<\/em><em>)&nbsp;e foi\ndesenvolvido pelo Centro de M\u00eddias de Educa\u00e7\u00e3o do Amazonas \/ Ger\u00eancia de M\u00eddias\ne Conte\u00fados Digitais (Cemeam\/GEMCD), a Coordena\u00e7\u00e3o de Educa\u00e7\u00e3o Especial (CEE) e\na professora da rede Cristiane Alves, autora do livro. Ela contou que o ensino\nde Hist\u00f3ria possui um vocabul\u00e1rio pr\u00f3prio (termos hist\u00f3ricos) e que o aluno\nsurdo se depara com a necessidade de sinais correspondentes em seu idioma \u00e0\nmedida que se apropria desses conceitos. <\/em><\/p>\n\n\n\n<p><em>\u201cFoi assim que surgiu a necessidade da cria\u00e7\u00e3o de\num vocabul\u00e1rio em L\u00edngua Brasileira de Sinais (Libras) de termos hist\u00f3ricos\npara os alunos da 6\u00b0 e 7\u00b0 s\u00e9rie da Escola Augusto Carneiro, onde ministro aula.\nFicou evidente a import\u00e2ncia de elaborar um dicion\u00e1rio de termos hist\u00f3ricos,\ncontribuindo para que o processo de ensino-aprendizado ocorra de fato\u201d,\nassinalou a professora, p\u00f3s-graduada em Libras e doc\u00eancia em n\u00edvel superior. <\/em><\/p>\n\n\n\n<p><em>A iniciativa da professora marca tamb\u00e9m um\npioneirismo no acesso a recursos inclusivos online. \u201cO lan\u00e7amento desse e-book\n\u00e9 um primeiro passo que mostra o quanto temos possibilidades de trabalhar a\ninclus\u00e3o dos nossos alunos com forma\u00e7\u00e3o e informa\u00e7\u00e3o de qualidade\u201d, comenta o\nprofessor Raimundo Barradas, Secret\u00e1rio Executivo Adjunto Pedag\u00f3gico. <\/em><\/p>\n\n\n\n<p>Trabalho conjunto<em>\n<\/em><\/p>\n\n\n\n<p><em>O processo de pesquisa e produ\u00e7\u00e3o dos recursos\ncontou com um apoio especial dos alunos. Ap\u00f3s a pesquisa, a elabora\u00e7\u00e3o dos\nsinais foi realizada pela autora com apoio dos alunos surdos, que participaram\nainda das etapas de produ\u00e7\u00e3o midi\u00e1tica com a grava\u00e7\u00e3o dos v\u00eddeos para o e-book.\nAo todo, esse processo juntamente com a diagrama\u00e7\u00e3o, revis\u00e3o da obra,\ndocumenta\u00e7\u00e3o legal e registro da obra na Biblioteca Nacional durou pouco mais\nde um ano. <\/em><\/p>\n\n\n\n<p><em>O lan\u00e7amento aconteceu na Abertura do Ano Letivo e\ncontou com a presen\u00e7a do governador do Amazonas, Wilson Lima, o secret\u00e1rio da\nSeduc-AM, Luiz Castro, al\u00e9m dos demais secret\u00e1rios da pasta. \u201cO sentimento \u00e9 de\ngratid\u00e3o por poder contribuir com a elabora\u00e7\u00e3o de um recurso espec\u00edfico pensado\npara estudantes surdos, mas que tamb\u00e9m atende estudantes ouvintes, valorizando\no protagonismo do professor e dos alunos\u201d, afirmou Sabrina Emanuela de Melo\nAraujo, Gerente de M\u00eddias e Conte\u00fados Digitais. <\/em><\/p>\n\n\n\n<p>Amazonas&nbsp;\neduca\u00e7\u00e3o&nbsp; hist\u00f3ria&nbsp; Libras&nbsp;\nrede estadual&nbsp; lan\u00e7amento de livro\nHist\u00f3ria em Libras<\/p>\n\n\n\n<p>Fonte: <a href=\"https:\/\/www.acritica.com\/channels\">https:\/\/www.acritica.com\/channels\/manaus\/news\/rede-es<\/a><em><a href=\"https:\/\/www.acritica.com\/channels\">tadual<\/a><\/em><a href=\"https:\/\/www.acritica.com\/channels\">-de-educacao-do-amazonas-lanca-livro-de-historia-em-libras<\/a><\/p>\n\n\n","protected":false},"excerpt":{"rendered":"<p>Material pode ser baixado gratuitamente na internet. O processo de pesquisa e produ\u00e7\u00e3o dos recursos contou com um apoio especial dos alunos Com o objetivo de garantir a igualdade de condi\u00e7\u00f5es aos alunos surdos matriculados na Rede Estadual de Ensino, a Secretaria de Estado de Educa\u00e7\u00e3o e Qualidade de Ensino (Seduc-AM) disponibiliza para os estudantes [&hellip;]<\/p>\n","protected":false},"author":4,"featured_media":0,"comment_status":"open","ping_status":"open","sticky":false,"template":"","format":"standard","meta":{"footnotes":""},"categories":[19,20,21,28,35,37,43,52],"tags":[],"class_list":["post-5122","post","type-post","status-publish","format-standard","hentry","category-educacao","category-educacao-bilingue","category-educacao-inclusiva","category-geral","category-libras","category-livros","category-noticia","category-surdez"],"_links":{"self":[{"href":"https:\/\/socepel.com.br\/index.php?rest_route=\/wp\/v2\/posts\/5122","targetHints":{"allow":["GET"]}}],"collection":[{"href":"https:\/\/socepel.com.br\/index.php?rest_route=\/wp\/v2\/posts"}],"about":[{"href":"https:\/\/socepel.com.br\/index.php?rest_route=\/wp\/v2\/types\/post"}],"author":[{"embeddable":true,"href":"https:\/\/socepel.com.br\/index.php?rest_route=\/wp\/v2\/users\/4"}],"replies":[{"embeddable":true,"href":"https:\/\/socepel.com.br\/index.php?rest_route=%2Fwp%2Fv2%2Fcomments&post=5122"}],"version-history":[{"count":2,"href":"https:\/\/socepel.com.br\/index.php?rest_route=\/wp\/v2\/posts\/5122\/revisions"}],"predecessor-version":[{"id":5125,"href":"https:\/\/socepel.com.br\/index.php?rest_route=\/wp\/v2\/posts\/5122\/revisions\/5125"}],"wp:attachment":[{"href":"https:\/\/socepel.com.br\/index.php?rest_route=%2Fwp%2Fv2%2Fmedia&parent=5122"}],"wp:term":[{"taxonomy":"category","embeddable":true,"href":"https:\/\/socepel.com.br\/index.php?rest_route=%2Fwp%2Fv2%2Fcategories&post=5122"},{"taxonomy":"post_tag","embeddable":true,"href":"https:\/\/socepel.com.br\/index.php?rest_route=%2Fwp%2Fv2%2Ftags&post=5122"}],"curies":[{"name":"wp","href":"https:\/\/api.w.org\/{rel}","templated":true}]}}