{"id":4777,"date":"2018-11-13T15:45:23","date_gmt":"2018-11-13T15:45:23","guid":{"rendered":"http:\/\/www.socepel.com.br\/wpress\/?p=4777"},"modified":"2018-11-20T15:55:47","modified_gmt":"2018-11-20T15:55:47","slug":"estudantes-surdos-do-ifsc-de-palhoca-participam-de-evento-de-extensao-em-goiania","status":"publish","type":"post","link":"https:\/\/socepel.com.br\/?p=4777","title":{"rendered":"Estudantes surdos do IFSC de Palho\u00e7a participam de evento de extens\u00e3o em Goi\u00e2nia"},"content":{"rendered":"<h2 class=\"western\" style=\"text-align: center;\"><span style=\"color: #0000ff;\"><span style=\"font-size: large;\">Dos seis estudantes do Campus Palho\u00e7a, quatro s\u00e3o surdos<\/span><\/span><\/h2>\n<p style=\"text-align: justify;\"><span style=\"font-size: medium; color: #000000;\"><a href=\"http:\/\/www.socepel.com.br\/wpress\/?attachment_id=4782\" rel=\"attachment wp-att-4782\"><img loading=\"lazy\" decoding=\"async\" class=\"aligncenter size-full wp-image-4782\" src=\"http:\/\/www.socepel.com.br\/wpress\/wp-content\/uploads\/2018\/11\/Noticia_20184777A_Imagem-1.jpg\" alt=\"\" width=\"600\" height=\"340\" srcset=\"https:\/\/socepel.com.br\/wp-content\/uploads\/2018\/11\/Noticia_20184777A_Imagem-1.jpg 600w, https:\/\/socepel.com.br\/wp-content\/uploads\/2018\/11\/Noticia_20184777A_Imagem-1-300x170.jpg 300w, https:\/\/socepel.com.br\/wp-content\/uploads\/2018\/11\/Noticia_20184777A_Imagem-1-70x40.jpg 70w\" sizes=\"auto, (max-width: 600px) 100vw, 600px\" \/><\/a>Seis estudantes do Campus Palho\u00e7a Bil\u00edngue do IFSC (Instituto Federal de Santa Catarina) est\u00e3o no grupo de 35 catarinenses que embarcam na quarta (14) para Goi\u00e2nia, onde participam do evento Extens\u00e3o Brasil. A motiva\u00e7\u00e3o extra \u00e9 mostrar a cultura surda \u00e0s pessoas do Planalto Central. Dos seis estudantes do Campus Palho\u00e7a, quatro s\u00e3o surdos. O grupo vai encarar 36 horas de viagem e passar cerca de 10 dias na regi\u00e3o central do Pa\u00eds.<\/span><\/p>\n<p style=\"text-align: justify;\"><span style=\"color: #000000;\">\u00a0<span style=\"font-size: medium;\">O Extens\u00e3o Brasil ser\u00e1 executado de 14 a 25 de novembro em quatro munic\u00edpios goianos (\u00c1guas Lindas de Goi\u00e1s, Alex\u00e2nia, Cocalzinho de Goi\u00e1s e Corumb\u00e1 de Goi\u00e1s) e na regi\u00e3o administrativa de Brazl\u00e2ndia, no Distrito Federal. Ele tem como objetivo a intera\u00e7\u00e3o entre as comunidades locais e o grupo extensionista, al\u00e9m da conviv\u00eancia multidisciplinar e transdisciplinar proporcionada pelos v\u00e1rios cursos e profiss\u00f5es das pessoas envolvidas.<\/span><\/span><\/p>\n<p style=\"text-align: justify;\"><span style=\"color: #000000;\">\u00a0<span style=\"font-size: medium;\">Os alunos participantes s\u00e3o volunt\u00e1rios e v\u00e3o desenvolver atividades dentro de oito \u00e1reas tem\u00e1ticas da extens\u00e3o em espa\u00e7os disponibilizados pelas prefeituras da regi\u00e3o onde acontecer\u00e1 o evento.<\/span><\/span><\/p>\n<p><span style=\"color: #000000;\"><strong><span style=\"font-size: medium;\"><a href=\"http:\/\/www.socepel.com.br\/wpress\/?attachment_id=4781\" rel=\"attachment wp-att-4781\"><img loading=\"lazy\" decoding=\"async\" class=\"aligncenter size-full wp-image-4781\" src=\"http:\/\/www.socepel.com.br\/wpress\/wp-content\/uploads\/2018\/11\/Noticia_20184777B_Imagem.jpg\" alt=\"\" width=\"600\" height=\"344\" srcset=\"https:\/\/socepel.com.br\/wp-content\/uploads\/2018\/11\/Noticia_20184777B_Imagem.jpg 600w, https:\/\/socepel.com.br\/wp-content\/uploads\/2018\/11\/Noticia_20184777B_Imagem-300x172.jpg 300w, https:\/\/socepel.com.br\/wp-content\/uploads\/2018\/11\/Noticia_20184777B_Imagem-70x40.jpg 70w\" sizes=\"auto, (max-width: 600px) 100vw, 600px\" \/><\/a>Hist\u00f3rias em Libras e portugu\u00eas<\/span><\/strong><\/span><\/p>\n<p style=\"text-align: justify;\"><span style=\"font-size: medium; color: #000000;\">Para o Extens\u00e3o Brasil, o grupo de estudantes do C\u00e2mpus Palho\u00e7a Bil\u00edngue preparou oficinas na qual v\u00e3o contar hist\u00f3rias em L\u00edngua Brasileira de Sinais (Libras) e em l\u00edngua portuguesa com bonecos que eles mesmos constru\u00edram. As narrativas v\u00e3o ter como tema mitos e preconceitos com rela\u00e7\u00e3o aos surdos.<\/span><\/p>\n<p style=\"text-align: justify;\"><span style=\"color: #000000;\">\u00a0<span style=\"font-size: medium;\">&#8211; Espero que as pessoas aprendam sobre cultura surda e vejam que as pessoas surdas podem fazer curso t\u00e9cnico, faculdade -, comenta Francielle Cristina Ger\u00f4nimo, do curso t\u00e9cnico em Comunica\u00e7\u00e3o Visual, uma das alunas surdas que v\u00e3o para o Extens\u00e3o Brasil.<\/span><\/span><\/p>\n<p style=\"text-align: justify;\"><span style=\"color: #000000;\">\u00a0<span style=\"font-size: medium;\">Moradora de S\u00e3o Jos\u00e9, Francielle vai viajar pela primeira vez para o Centro-Oeste e est\u00e1 ansiosa pela experi\u00eancia.<\/span><\/span><\/p>\n<p style=\"text-align: justify;\"><span style=\"color: #000000;\">\u00a0<span style=\"font-size: medium;\">&#8211; Quero conhecer outros lugares, ter experi\u00eancias diferentes e aprender coisas novas -, diz.<\/span><\/span><\/p>\n<p style=\"text-align: justify;\"><span style=\"color: #000000;\">\u00a0\u00a0<span style=\"font-size: medium;\">Gabriela da Costa Viana, do curso de licenciatura em Pedagogia Bil\u00edngue (Libras\/Portugu\u00eas), tamb\u00e9m \u00e9 surda e espera mostrar que os surdos t\u00eam capacidade de fazer o que os ouvintes fazem.<\/span><\/span><\/p>\n<p style=\"text-align: justify;\"><span style=\"color: #000000;\">\u00a0<span style=\"font-size: medium;\">&#8211; Somos iguais \u00e0s outras pessoas -, afirma. Ela pretende colocar em pr\u00e1tica nas oficinas os conhecimentos adquiridos no curso e apresentar \u00e0s pessoas o que \u00e9 feito no C\u00e2mpus Palho\u00e7a Bil\u00edngue. Gabriela, natural de Crici\u00fama, veio para Palho\u00e7a para estudar no IFSC e tamb\u00e9m n\u00e3o conhece o Centro-Oeste.<\/span><\/span><\/p>\n<p style=\"text-align: justify;\"><span style=\"color: #000000;\">\u00a0<span style=\"font-size: medium;\">Al\u00e9m de Francielle e Gabriela, os outros estudantes surdos do C\u00e2mpus Palho\u00e7a Bil\u00edngue que v\u00e3o ao Extens\u00e3o Brasil s\u00e3o Thalita Aparecida Correia de Lima e Wesley Fernando da Silva.<\/span><\/span><\/p>\n<p style=\"text-align: justify;\"><span style=\"color: #000000;\"><strong><span style=\"font-size: medium;\">Incentivo<\/span><\/strong><\/span><\/p>\n<p style=\"text-align: justify;\"><span style=\"font-size: medium; color: #000000;\">A participa\u00e7\u00e3o dos estudantes surdos no Extens\u00e3o Brasil foi motivada por uma colega de c\u00e2mpus que \u00e9 ouvinte. Michelle Lu\u00edsa Teixeira, do curso de Pedagogia Bil\u00edngue, havia participado em julho da Opera\u00e7\u00e3o Encantos do Vale, promovida pelo N\u00facleo Extensionista Rondon da Universidade do Estado de Santa Catarina (NER\/Udesc) e gostou tanto que quis fazer mais alunos do c\u00e2mpus terem uma experi\u00eancia parecida.<\/span><\/p>\n<p style=\"text-align: justify;\"><span style=\"color: #000000;\">\u00a0<span style=\"font-size: medium;\">O incentivo dado por Michelle ajudou o C\u00e2mpus Palho\u00e7a Bil\u00edngue a ser o segundo c\u00e2mpus do IFSC que mais vai enviar estudantes para o Extens\u00e3o Brasil (Florian\u00f3polis-Continente vai mandar nove).<\/span><\/span><\/p>\n<p style=\"text-align: justify;\"><span style=\"color: #000000;\">\u00a0<span style=\"font-size: medium;\">&#8211; Eu percebi que a barreira da comunica\u00e7\u00e3o dificulta para os surdos, e a informa\u00e7\u00e3o sobre essas oportunidades n\u00e3o chegava at\u00e9 eles. Foi uma experi\u00eancia boa para mim e vai ser boa para eles tamb\u00e9m -, acredita.<\/span><\/span><\/p>\n<p style=\"text-align: justify;\"><span style=\"color: #000000;\">\u00a0<span style=\"font-size: medium;\">Al\u00e9m de Michelle, outra estudante ouvinte do C\u00e2mpus Palho\u00e7a Bil\u00edngue, Ta\u00edza Hames, vai para o Extens\u00e3o Brasil.<\/span><\/span><\/p>\n<p><span style=\"font-size: medium; color: #000000;\">Fonte:<a href=\"https:\/\/portalpalhoca.com.br\/noticias\/educacao\/estudantes-surdos-do-ifsc-de-palhoca-participam-de-evento-de-extensao-em-goiania\" target=\"_blank\" rel=\"noopener\">https:\/\/portalpalhoca.com.br\/noticias\/educacao\/<\/a><\/span><\/p>\n","protected":false},"excerpt":{"rendered":"<p>Dos seis estudantes do Campus Palho\u00e7a, quatro s\u00e3o surdos Seis estudantes do Campus Palho\u00e7a Bil\u00edngue do IFSC (Instituto Federal de Santa Catarina) est\u00e3o no grupo de 35 catarinenses que embarcam na quarta (14) para Goi\u00e2nia, onde participam do evento Extens\u00e3o Brasil. A motiva\u00e7\u00e3o extra \u00e9 mostrar a cultura surda \u00e0s pessoas do Planalto Central. Dos [&hellip;]<\/p>\n","protected":false},"author":4,"featured_media":0,"comment_status":"open","ping_status":"open","sticky":false,"template":"","format":"standard","meta":{"footnotes":""},"categories":[19,20,23,28,35,43],"tags":[],"class_list":["post-4777","post","type-post","status-publish","format-standard","hentry","category-educacao","category-educacao-bilingue","category-escolas-bilingue","category-geral","category-libras","category-noticia"],"_links":{"self":[{"href":"https:\/\/socepel.com.br\/index.php?rest_route=\/wp\/v2\/posts\/4777","targetHints":{"allow":["GET"]}}],"collection":[{"href":"https:\/\/socepel.com.br\/index.php?rest_route=\/wp\/v2\/posts"}],"about":[{"href":"https:\/\/socepel.com.br\/index.php?rest_route=\/wp\/v2\/types\/post"}],"author":[{"embeddable":true,"href":"https:\/\/socepel.com.br\/index.php?rest_route=\/wp\/v2\/users\/4"}],"replies":[{"embeddable":true,"href":"https:\/\/socepel.com.br\/index.php?rest_route=%2Fwp%2Fv2%2Fcomments&post=4777"}],"version-history":[{"count":3,"href":"https:\/\/socepel.com.br\/index.php?rest_route=\/wp\/v2\/posts\/4777\/revisions"}],"predecessor-version":[{"id":4785,"href":"https:\/\/socepel.com.br\/index.php?rest_route=\/wp\/v2\/posts\/4777\/revisions\/4785"}],"wp:attachment":[{"href":"https:\/\/socepel.com.br\/index.php?rest_route=%2Fwp%2Fv2%2Fmedia&parent=4777"}],"wp:term":[{"taxonomy":"category","embeddable":true,"href":"https:\/\/socepel.com.br\/index.php?rest_route=%2Fwp%2Fv2%2Fcategories&post=4777"},{"taxonomy":"post_tag","embeddable":true,"href":"https:\/\/socepel.com.br\/index.php?rest_route=%2Fwp%2Fv2%2Ftags&post=4777"}],"curies":[{"name":"wp","href":"https:\/\/api.w.org\/{rel}","templated":true}]}}