{"id":4752,"date":"2018-11-01T22:45:16","date_gmt":"2018-11-01T22:45:16","guid":{"rendered":"http:\/\/www.socepel.com.br\/wpress\/?p=4752"},"modified":"2018-11-03T23:02:09","modified_gmt":"2018-11-03T23:02:09","slug":"comissao-aprova-oferta-obrigatoria-de-libras-em-escolas-publicas-brasileiras","status":"publish","type":"post","link":"https:\/\/socepel.com.br\/?p=4752","title":{"rendered":"Comiss\u00e3o aprova oferta obrigat\u00f3ria de Libras em escolas p\u00fablicas brasileiras"},"content":{"rendered":"<p style=\"text-align: justify;\"><strong><a href=\"http:\/\/www.socepel.com.br\/wpress\/?attachment_id=4754\" rel=\"attachment wp-att-4754\"><img loading=\"lazy\" decoding=\"async\" class=\"aligncenter size-full wp-image-4754\" src=\"http:\/\/www.socepel.com.br\/wpress\/wp-content\/uploads\/2018\/11\/Noticia_20184752_Imagem.jpg\" alt=\"\" width=\"600\" height=\"435\" srcset=\"https:\/\/socepel.com.br\/wp-content\/uploads\/2018\/11\/Noticia_20184752_Imagem.jpg 600w, https:\/\/socepel.com.br\/wp-content\/uploads\/2018\/11\/Noticia_20184752_Imagem-300x218.jpg 300w\" sizes=\"auto, (max-width: 600px) 100vw, 600px\" \/><\/a>A<span style=\"color: #000000;\"> Comiss\u00e3o de Educa\u00e7\u00e3o aprovou proposta que torna a oferta do ensino de conhecimentos b\u00e1sicos de Libras (L\u00edngua Brasileira de Sinais) obrigat\u00f3ria nas escolas p\u00fablicas brasileiras, sendo a matr\u00edcula facultativa para os alunos.<\/span><\/strong><\/p>\n<p style=\"text-align: justify;\"><strong><span style=\"color: #000000;\">Pelo texto aprovado, o ensino da linguagem utilizada por deficientes ser\u00e1 facultativo nos munic\u00edpios com menos de 10 mil habitantes.<\/span><\/strong><\/p>\n<p><strong><span style=\"color: #000000;\">O texto aprovado \u00e9 o substitutivo do relator, deputado Diego Garcia (Pode-PR) ao Projeto de Lei<\/span> <a href=\"http:\/\/www2.camara.leg.br\/camaranoticias\/noticias\/EDUCACAO-E-CULTURA\/207595-PROPOSTA-OBRIGA-ESCOLAS-A-UTILIZAR-LIBRAS-COM-ESTUDANTES-SURDOS.html\">2040\/11<\/a>,<span style=\"color: #000000;\"> do Senado, e aos PLs 185\/15 e 3641\/15, apensados. Originalmente, o PL 2040\/11 torna obrigat\u00f3rio o ensino de Libras apenas para os alunos surdos.<\/span><\/strong><\/p>\n<p style=\"text-align: justify;\"><strong>Regulamento<\/strong><br \/>\n<strong><span style=\"color: #000000;\">Conforme a proposta, as condi\u00e7\u00f5es de oferta do ensino de Libras ser\u00e3o definidas em regulamento dos sistemas de ensino, que tratar\u00e3o da necessidade de professores bil\u00edngues, de tradutores e int\u00e9rpretes e de tecnologias de comunica\u00e7\u00e3o em Linguagem Brasileira de Sinais.<\/span><\/strong><\/p>\n<p style=\"text-align: justify;\"><strong><span style=\"color: #000000;\">O regulamento dever\u00e1 tratar ainda do acesso da comunidade estudantil em geral e dos pais de alunos com defici\u00eancia auditiva ao aprendizado da Libras.<\/span><\/strong><\/p>\n<p style=\"text-align: justify;\"><strong><span style=\"color: #000000;\">Ainda segundo o texto, se aprovada, a lei dever\u00e1 produzir efeitos ap\u00f3s decorridos 180 dias para as capitais estaduais e do Distrito Federal; ap\u00f3s 2 anos para os munic\u00edpios com mais de 100 mil habitantes; ap\u00f3s 4 anos para os munic\u00edpios com mais de 50 mil habitantes; e ap\u00f3s 7 anos para os munic\u00edpios com mais de 10 mil habitantes.<\/span><\/strong><\/p>\n<p><strong>Tramita\u00e7\u00e3o<\/strong><br \/>\n<strong><span style=\"color: #000000;\">J\u00e1<\/span> <a href=\"http:\/\/www2.camara.leg.br\/camaranoticias\/noticias\/EDUCACAO-E-CULTURA\/424823-COMISSAO-APROVA-ENSINO-DE-LIBRAS-E-VAGA-PARA-PROFESSOR-SURDO-NAS-ESCOLAS.html\">aprovado<\/a> <span style=\"color: #000000;\">pela Comiss\u00e3o de Seguridade Social e Fam\u00edlia, o projeto segue agora para an\u00e1lise da Comiss\u00e3o de Constitui\u00e7\u00e3o e Justi\u00e7a e de Cidadania e do Plen\u00e1rio da C\u00e2mara.<\/span><\/strong><\/p>\n<p><strong>\u00cdntegra da proposta:<\/strong><\/p>\n<ul>\n<li><a href=\"http:\/\/www.camara.gov.br\/internet\/sileg\/Prop_Detalhe.asp?id=515874\">PL-2040\/2011<\/a><\/li>\n<li><a href=\"http:\/\/www.camara.gov.br\/internet\/sileg\/Prop_Detalhe.asp?id=945880\">PL-185\/2015<\/a><\/li>\n<li><a href=\"http:\/\/www.camara.gov.br\/internet\/sileg\/Prop_Detalhe.asp?id=2055418\">PL-3641\/2015<\/a><\/li>\n<\/ul>\n<p>Reportagem &#8211; Lara Haje<br \/>\nEdi\u00e7\u00e3o &#8211; Marcia Becker<\/p>\n<p>A reprodu\u00e7\u00e3o das not\u00edcias \u00e9 autorizada desde que contenha a assinatura &#8216;<a href=\"http:\/\/www2.camara.leg.br\/camaranoticias\">Ag\u00eancia C\u00e2mara Not\u00edcias<\/a>&#8216;<\/p>\n<p>Fonte:<a href=\"http:\/\/www2.camara.leg.br\/camaranoticias\/noticias\/EDUCACAO-E-CULTURA\/564935-COMISSAO-APROVA-OFERTA-OBRIGATORIA-DE-LIBRAS-EM-ESCOLAS-PUBLICAS-BRASILEIRAS.html\" target=\"_blank\" rel=\"noopener\">http:\/\/www2.camara.leg.br\/camaranoticias\/<\/a><\/p>\n","protected":false},"excerpt":{"rendered":"<p>A Comiss\u00e3o de Educa\u00e7\u00e3o aprovou proposta que torna a oferta do ensino de conhecimentos b\u00e1sicos de Libras (L\u00edngua Brasileira de Sinais) obrigat\u00f3ria nas escolas p\u00fablicas brasileiras, sendo a matr\u00edcula facultativa para os alunos. Pelo texto aprovado, o ensino da linguagem utilizada por deficientes ser\u00e1 facultativo nos munic\u00edpios com menos de 10 mil habitantes. O texto [&hellip;]<\/p>\n","protected":false},"author":4,"featured_media":0,"comment_status":"open","ping_status":"open","sticky":false,"template":"","format":"standard","meta":{"footnotes":""},"categories":[19,33,35,43,47,52],"tags":[],"class_list":["post-4752","post","type-post","status-publish","format-standard","hentry","category-educacao","category-legislacao","category-libras","category-noticia","category-projeto-de-lei","category-surdez"],"_links":{"self":[{"href":"https:\/\/socepel.com.br\/index.php?rest_route=\/wp\/v2\/posts\/4752","targetHints":{"allow":["GET"]}}],"collection":[{"href":"https:\/\/socepel.com.br\/index.php?rest_route=\/wp\/v2\/posts"}],"about":[{"href":"https:\/\/socepel.com.br\/index.php?rest_route=\/wp\/v2\/types\/post"}],"author":[{"embeddable":true,"href":"https:\/\/socepel.com.br\/index.php?rest_route=\/wp\/v2\/users\/4"}],"replies":[{"embeddable":true,"href":"https:\/\/socepel.com.br\/index.php?rest_route=%2Fwp%2Fv2%2Fcomments&post=4752"}],"version-history":[{"count":1,"href":"https:\/\/socepel.com.br\/index.php?rest_route=\/wp\/v2\/posts\/4752\/revisions"}],"predecessor-version":[{"id":4755,"href":"https:\/\/socepel.com.br\/index.php?rest_route=\/wp\/v2\/posts\/4752\/revisions\/4755"}],"wp:attachment":[{"href":"https:\/\/socepel.com.br\/index.php?rest_route=%2Fwp%2Fv2%2Fmedia&parent=4752"}],"wp:term":[{"taxonomy":"category","embeddable":true,"href":"https:\/\/socepel.com.br\/index.php?rest_route=%2Fwp%2Fv2%2Fcategories&post=4752"},{"taxonomy":"post_tag","embeddable":true,"href":"https:\/\/socepel.com.br\/index.php?rest_route=%2Fwp%2Fv2%2Ftags&post=4752"}],"curies":[{"name":"wp","href":"https:\/\/api.w.org\/{rel}","templated":true}]}}