{"id":4490,"date":"2018-05-18T23:05:42","date_gmt":"2018-05-18T23:05:42","guid":{"rendered":"http:\/\/www.socepel.com.br\/wpress\/?p=4490"},"modified":"2018-05-25T23:14:43","modified_gmt":"2018-05-25T23:14:43","slug":"seguridade-aprova-ultrassonografia-mamaria-obrigatoria-para-mulheres","status":"publish","type":"post","link":"https:\/\/socepel.com.br\/?p=4490","title":{"rendered":"Seguridade aprova ultrassonografia mam\u00e1ria obrigat\u00f3ria para mulheres"},"content":{"rendered":"<h2><span style=\"color: #0000ff;\">Sa\u00fade 18\/05\/2018<\/span><\/h2>\n<p style=\"text-align: justify;\"><span style=\"color: #000000;\">A Comiss\u00e3o de Seguridade Social e Fam\u00edlia da C\u00e2mara dos Deputados aprovou o Projeto de Lei\u00a0<a style=\"color: #000000;\" href=\"http:\/\/www2.camara.leg.br\/camaranoticias\/noticias\/SAUDE\/539329-PROPOSTA-ASSEGURA-ULTRASSONOGRAFIA-NO-SUS-PARA-DETECCAO-DE-CANCER-DE-MAMA.html\">7354\/17<\/a>, do Senado, que obriga o Sistema \u00danico de Sa\u00fade (SUS) a assegurar a realiza\u00e7\u00e3o de ultrassonografia mam\u00e1ria em mulheres jovens com elevado risco de c\u00e2ncer de mama ou que n\u00e3o possam ser expostas \u00e0 radia\u00e7\u00e3o; em mulheres na faixa de 40 a 49 anos de idade; ou com alta densidade mam\u00e1ria.<\/span><\/p>\n<p style=\"text-align: justify;\"><span style=\"color: #000000;\"><a href=\"http:\/\/www.socepel.com.br\/wpress\/?attachment_id=4491\" rel=\"attachment wp-att-4491\"><img loading=\"lazy\" decoding=\"async\" class=\"aligncenter size-full wp-image-4491\" src=\"http:\/\/www.socepel.com.br\/wpress\/wp-content\/uploads\/2018\/05\/Noticia_20184490_Imagem.jpg\" alt=\"\" width=\"600\" height=\"468\" srcset=\"https:\/\/socepel.com.br\/wp-content\/uploads\/2018\/05\/Noticia_20184490_Imagem.jpg 600w, https:\/\/socepel.com.br\/wp-content\/uploads\/2018\/05\/Noticia_20184490_Imagem-300x234.jpg 300w\" sizes=\"auto, (max-width: 600px) 100vw, 600px\" \/><\/a>A indica\u00e7\u00e3o para a ultrassonografia depender\u00e1 da avalia\u00e7\u00e3o do m\u00e9dico assistente. A proposta modifica a Lei<\/span>\u00a0<span style=\"color: #0000ff;\"><a style=\"color: #0000ff;\" href=\"http:\/\/www2.camara.leg.br\/legin\/fed\/lei\/2008\/lei-11664-29-abril-2008-574731-norma-pl.html\">11.664\/08<\/a>,<\/span> <span style=\"color: #000000;\">que trata da preven\u00e7\u00e3o, detec\u00e7\u00e3o, tratamento e seguimento dos c\u00e2nceres do colo uterino e de mama no \u00e2mbito do SUS.<\/span><\/p>\n<p style=\"text-align: justify;\"><span style=\"color: #000000;\">A lei atual j\u00e1 assegura a realiza\u00e7\u00e3o de mamografia a todas as mulheres a partir dos 40 anos de idade, mas, conforme a autora da proposta, senadora L\u00facia V\u00e2nia (PSDB-GO), na presen\u00e7a de tecido mam\u00e1rio denso, o exame n\u00e3o se mostra adequado, nem suficiente para o diagn\u00f3stico do c\u00e2ncer de mama<\/span><\/p>\n<p style=\"text-align: justify;\"><span style=\"color: #000000;\">A relatora, deputada Laura Carneiro, avaliou que a norma acaba com controv\u00e9rsias entre o que a grande maioria dos profissionais recomenda e o que \u00e9 efetivamente oferecido pelo SUS. \u201cDiante de d\u00favidas como a idade para come\u00e7ar o rastreamento mamogr\u00e1fico ou a realiza\u00e7\u00e3o de exames bilaterais, recentemente surgidas, consideramos prudente assegurar, no texto da lei, a oferta de ultrassonografia nos casos em que o m\u00e9dico solicitar\u201d, disse.<\/span><\/p>\n<p><span style=\"color: #000000;\"><strong>Tramita\u00e7\u00e3o<\/strong><\/span><br \/>\n<span style=\"color: #000000;\">A proposta tramita em car\u00e1ter\u00a0conclusivo\u00a0e ainda ser\u00e1 analisada pela Comiss\u00e3o de Constitui\u00e7\u00e3o e Justi\u00e7a e de Cidadania.<\/span><\/p>\n<p><span style=\"color: #000000;\"><strong>\u00cdNTEGRA DA PROPOSTA:<\/strong><\/span><\/p>\n<ul>\n<li><span style=\"color: #0000ff;\"><a style=\"color: #0000ff;\" href=\"http:\/\/www.camara.gov.br\/internet\/sileg\/Prop_Detalhe.asp?id=2128847\">PL-7354\/2017<\/a><\/span><\/li>\n<\/ul>\n<p><span style=\"color: #000000;\">Reportagem &#8211; Carol Siqueira<\/span><br \/>\n<span style=\"color: #000000;\">Edi\u00e7\u00e3o &#8211; Ge\u00f3rgia Moraes<\/span><\/p>\n<p><span style=\"color: #000000;\">Fonte:<a href=\"http:\/\/www2.camara.leg.br\/camaranoticias\/noticias\/SAUDE\/557643-SEGURIDADE-APROVA-ULTRASSONOGRAFIA-MAMARIA-OBRIGATORIA-PARA-MULHERES.html\" target=\"_blank\" rel=\"noopener\">http:\/\/www2.camara.leg.br\/<\/a><\/span><\/p>\n","protected":false},"excerpt":{"rendered":"<p>Sa\u00fade 18\/05\/2018 A Comiss\u00e3o de Seguridade Social e Fam\u00edlia da C\u00e2mara dos Deputados aprovou o Projeto de Lei\u00a07354\/17, do Senado, que obriga o Sistema \u00danico de Sa\u00fade (SUS) a assegurar a realiza\u00e7\u00e3o de ultrassonografia mam\u00e1ria em mulheres jovens com elevado risco de c\u00e2ncer de mama ou que n\u00e3o possam ser expostas \u00e0 radia\u00e7\u00e3o; em mulheres [&hellip;]<\/p>\n","protected":false},"author":4,"featured_media":0,"comment_status":"open","ping_status":"open","sticky":false,"template":"","format":"standard","meta":{"footnotes":""},"categories":[28,33,43,48],"tags":[],"class_list":["post-4490","post","type-post","status-publish","format-standard","hentry","category-geral","category-legislacao","category-noticia","category-saude"],"_links":{"self":[{"href":"https:\/\/socepel.com.br\/index.php?rest_route=\/wp\/v2\/posts\/4490","targetHints":{"allow":["GET"]}}],"collection":[{"href":"https:\/\/socepel.com.br\/index.php?rest_route=\/wp\/v2\/posts"}],"about":[{"href":"https:\/\/socepel.com.br\/index.php?rest_route=\/wp\/v2\/types\/post"}],"author":[{"embeddable":true,"href":"https:\/\/socepel.com.br\/index.php?rest_route=\/wp\/v2\/users\/4"}],"replies":[{"embeddable":true,"href":"https:\/\/socepel.com.br\/index.php?rest_route=%2Fwp%2Fv2%2Fcomments&post=4490"}],"version-history":[{"count":1,"href":"https:\/\/socepel.com.br\/index.php?rest_route=\/wp\/v2\/posts\/4490\/revisions"}],"predecessor-version":[{"id":4492,"href":"https:\/\/socepel.com.br\/index.php?rest_route=\/wp\/v2\/posts\/4490\/revisions\/4492"}],"wp:attachment":[{"href":"https:\/\/socepel.com.br\/index.php?rest_route=%2Fwp%2Fv2%2Fmedia&parent=4490"}],"wp:term":[{"taxonomy":"category","embeddable":true,"href":"https:\/\/socepel.com.br\/index.php?rest_route=%2Fwp%2Fv2%2Fcategories&post=4490"},{"taxonomy":"post_tag","embeddable":true,"href":"https:\/\/socepel.com.br\/index.php?rest_route=%2Fwp%2Fv2%2Ftags&post=4490"}],"curies":[{"name":"wp","href":"https:\/\/api.w.org\/{rel}","templated":true}]}}