{"id":4329,"date":"2018-01-19T00:39:32","date_gmt":"2018-01-19T00:39:32","guid":{"rendered":"http:\/\/www.socepel.com.br\/wpress\/?p=4329"},"modified":"2018-01-24T00:45:09","modified_gmt":"2018-01-24T00:45:09","slug":"pessoas-surdas-passam-a-digitalizar-processos-no-tjdft","status":"publish","type":"post","link":"https:\/\/socepel.com.br\/?p=4329","title":{"rendered":"PESSOAS SURDAS PASSAM A DIGITALIZAR PROCESSOS NO TJDFT"},"content":{"rendered":"<p style=\"text-align: justify;\"><span style=\"color: #000000;\"><a href=\"http:\/\/www.socepel.com.br\/wpress\/?attachment_id=4330\" rel=\"attachment wp-att-4330\"><img loading=\"lazy\" decoding=\"async\" class=\"aligncenter size-full wp-image-4330\" src=\"http:\/\/www.socepel.com.br\/wpress\/wp-content\/uploads\/2018\/01\/Noticia_2018019-1A_Imagem.jpg\" alt=\"\" width=\"600\" height=\"401\" srcset=\"https:\/\/socepel.com.br\/wp-content\/uploads\/2018\/01\/Noticia_2018019-1A_Imagem.jpg 600w, https:\/\/socepel.com.br\/wp-content\/uploads\/2018\/01\/Noticia_2018019-1A_Imagem-300x201.jpg 300w\" sizes=\"auto, (max-width: 600px) 100vw, 600px\" \/><\/a>O Presidente do TJDFT, desembargador Mario Machado, dar\u00e1 as boas-vindas, nesta quarta-feira, 17\/1, \u00e0s 14h, a 87 pessoas surdas contratadas para trabalhar na digitaliza\u00e7\u00e3o, controle de qualidade e indexa\u00e7\u00e3o de processos judiciais\u00a0e outros documentos. O Tribunal assinou contrato com a Associa\u00e7\u00e3o de Centro de Treinamento de Educa\u00e7\u00e3o F\u00edsica Especial &#8211; CETEFE, oferecendo oportunidade de emprego a 90 pessoas ao todo, tr\u00eas delas ouvintes. O objetivo \u00e9 atender\u00a0\u00e0 crescente demanda pela digitaliza\u00e7\u00e3o de autos arquivados e daqueles remanescentes da implanta\u00e7\u00e3o do Processo Judicial Eletr\u00f4nico \u2013 PJe.<\/span><\/p>\n<p style=\"text-align: justify;\"><span style=\"color: #000000;\">O PJe est\u00e1 sendo implantado paulatinamente no TJDFT desde julho de 2014. Atualmente, est\u00e1 em funcionamento em 66% das serventias e, at\u00e9 o final deste ano de 2018, chegar\u00e1 a todo o Tribunal. Quando o sistema PJe \u00e9 instalado em uma vara, os processos passam a ser recebidos eletronicamente, mas restam os anteriores que j\u00e1 tramitavam em papel. Em muitas dessas varas, \u00e9 feita a op\u00e7\u00e3o por digitalizar esses autos remanescentes, trabalho atribu\u00eddo \u00e0\u00a0Coordenadoria de Digitaliza\u00e7\u00e3o e Servi\u00e7os Gr\u00e1ficos \u2013 CODIG.<\/span><\/p>\n<p style=\"text-align: justify;\"><span style=\"color: #000000;\"><a href=\"http:\/\/www.socepel.com.br\/wpress\/?attachment_id=4331\" rel=\"attachment wp-att-4331\"><img loading=\"lazy\" decoding=\"async\" class=\"alignleft size-full wp-image-4331\" src=\"http:\/\/www.socepel.com.br\/wpress\/wp-content\/uploads\/2018\/01\/Noticia_2018019-1B_Imagem.jpg\" alt=\"\" width=\"300\" height=\"300\" srcset=\"https:\/\/socepel.com.br\/wp-content\/uploads\/2018\/01\/Noticia_2018019-1B_Imagem.jpg 300w, https:\/\/socepel.com.br\/wp-content\/uploads\/2018\/01\/Noticia_2018019-1B_Imagem-100x100.jpg 100w, https:\/\/socepel.com.br\/wp-content\/uploads\/2018\/01\/Noticia_2018019-1B_Imagem-150x150.jpg 150w\" sizes=\"auto, (max-width: 300px) 100vw, 300px\" \/><\/a>Com os novos contratados, a CODIG estar\u00e1 mais equipada para dar suporte tamb\u00e9m ao Projeto de Digitaliza\u00e7\u00e3o dos Autos Processuais Findos Considerados de Guarda Longa ou de Guarda Permanente, da Secretaria de Gest\u00e3o Documental da 1\u00aa Vice-Presid\u00eancia. O objetivo do projeto \u00e9 iniciar o trabalho pelos processos arquivados oriundos das Varas de Fam\u00edlia e das Varas Criminais, em raz\u00e3o do per\u00edodo de tempo que devem ser guardados e da quantidade de acessos registrada. Alguns deles precisam ficar arquivados por at\u00e9 100 anos e muitos s\u00e3o bastante consultados. A digitaliza\u00e7\u00e3o permitir\u00e1 facilitar a consulta, dispensar o manuseio e transporte dos autos e garantir a preserva\u00e7\u00e3o do material, evitando avarias e extravios. Atualmente, o TJDFT tem um acervo de mais de 590 mil processos arquivado oriundos de Varas de Fam\u00edlia e mais de 33 mil das Varas Criminais.<\/span><\/p>\n<p style=\"text-align: justify;\"><span style=\"color: #000000;\">A digitaliza\u00e7\u00e3o, al\u00e9m de propiciar uma presta\u00e7\u00e3o jurisdicional mais moderna e c\u00e9lere, reduz gastos com mensageria, elimina rotinas (cargas, numera\u00e7\u00e3o de folhas, abertura de volumes, trocas de capas, entre outras), reduz significativamente o consumo de papel e, no caso do contrato firmado pelo TJDFT, proporciona a inclus\u00e3o social de pessoas com defici\u00eancia. A nova equipe trabalhar\u00e1 em dois turnos de seis horas, das 7h \u00e0s 19h, na CODIG, que fica na \u00c1rea Especial 08 do Guar\u00e1 II.\u00a0<\/span><\/p>\n<p><span style=\"color: #000000;\">Fonte: <a href=\"http:\/\/www.tjdft.jus.br\/institucional\/imprensa\/noticias\/2018\/janeiro\/tjdft-contrata-pessoas-surdas-para-digitalizar-processos\" target=\"_blank\" rel=\"noopener\">http:\/\/www.tjdft.jus.br\/<\/a><\/span><\/p>\n","protected":false},"excerpt":{"rendered":"<p>O Presidente do TJDFT, desembargador Mario Machado, dar\u00e1 as boas-vindas, nesta quarta-feira, 17\/1, \u00e0s 14h, a 87 pessoas surdas contratadas para trabalhar na digitaliza\u00e7\u00e3o, controle de qualidade e indexa\u00e7\u00e3o de processos judiciais\u00a0e outros documentos. O Tribunal assinou contrato com a Associa\u00e7\u00e3o de Centro de Treinamento de Educa\u00e7\u00e3o F\u00edsica Especial &#8211; CETEFE, oferecendo oportunidade de emprego [&hellip;]<\/p>\n","protected":false},"author":4,"featured_media":0,"comment_status":"open","ping_status":"open","sticky":false,"template":"","format":"standard","meta":{"footnotes":""},"categories":[28,35,43],"tags":[],"class_list":["post-4329","post","type-post","status-publish","format-standard","hentry","category-geral","category-libras","category-noticia"],"_links":{"self":[{"href":"https:\/\/socepel.com.br\/index.php?rest_route=\/wp\/v2\/posts\/4329","targetHints":{"allow":["GET"]}}],"collection":[{"href":"https:\/\/socepel.com.br\/index.php?rest_route=\/wp\/v2\/posts"}],"about":[{"href":"https:\/\/socepel.com.br\/index.php?rest_route=\/wp\/v2\/types\/post"}],"author":[{"embeddable":true,"href":"https:\/\/socepel.com.br\/index.php?rest_route=\/wp\/v2\/users\/4"}],"replies":[{"embeddable":true,"href":"https:\/\/socepel.com.br\/index.php?rest_route=%2Fwp%2Fv2%2Fcomments&post=4329"}],"version-history":[{"count":1,"href":"https:\/\/socepel.com.br\/index.php?rest_route=\/wp\/v2\/posts\/4329\/revisions"}],"predecessor-version":[{"id":4332,"href":"https:\/\/socepel.com.br\/index.php?rest_route=\/wp\/v2\/posts\/4329\/revisions\/4332"}],"wp:attachment":[{"href":"https:\/\/socepel.com.br\/index.php?rest_route=%2Fwp%2Fv2%2Fmedia&parent=4329"}],"wp:term":[{"taxonomy":"category","embeddable":true,"href":"https:\/\/socepel.com.br\/index.php?rest_route=%2Fwp%2Fv2%2Fcategories&post=4329"},{"taxonomy":"post_tag","embeddable":true,"href":"https:\/\/socepel.com.br\/index.php?rest_route=%2Fwp%2Fv2%2Ftags&post=4329"}],"curies":[{"name":"wp","href":"https:\/\/api.w.org\/{rel}","templated":true}]}}