{"id":4325,"date":"2018-01-15T22:12:40","date_gmt":"2018-01-15T22:12:40","guid":{"rendered":"http:\/\/www.socepel.com.br\/wpress\/?p=4325"},"modified":"2018-01-21T22:18:17","modified_gmt":"2018-01-21T22:18:17","slug":"pec-estabelece-conteudo-minimo-para-o-ensino-medio","status":"publish","type":"post","link":"https:\/\/socepel.com.br\/?p=4325","title":{"rendered":"PEC estabelece conte\u00fado m\u00ednimo para o ensino m\u00e9dio"},"content":{"rendered":"<p style=\"text-align: justify;\"><span style=\"color: #000000;\"><a href=\"http:\/\/www.socepel.com.br\/wpress\/?attachment_id=4326\" rel=\"attachment wp-att-4326\"><img loading=\"lazy\" decoding=\"async\" class=\"aligncenter size-full wp-image-4326\" src=\"http:\/\/www.socepel.com.br\/wpress\/wp-content\/uploads\/2018\/01\/Noticia_20180117-1-4332_Imagem.jpg\" alt=\"\" width=\"600\" height=\"394\" srcset=\"https:\/\/socepel.com.br\/wp-content\/uploads\/2018\/01\/Noticia_20180117-1-4332_Imagem.jpg 600w, https:\/\/socepel.com.br\/wp-content\/uploads\/2018\/01\/Noticia_20180117-1-4332_Imagem-300x197.jpg 300w\" sizes=\"auto, (max-width: 600px) 100vw, 600px\" \/><\/a>Conte\u00fados m\u00ednimos que assegurem a forma\u00e7\u00e3o b\u00e1sica comum e o respeito aos valores culturais e art\u00edsticos, nacionais e regionais, podem se tornar obrigat\u00f3rios no ensino m\u00e9dio. A proposta (PEC<\/span>\u00a0<a href=\"http:\/\/www25.senado.leg.br\/web\/atividade\/materias\/-\/materia\/81232\">48\/2007<\/a>) <span style=\"color: #000000;\">que trata do assunto est\u00e1 pronta para ser votada na Comiss\u00e3o de Constitui\u00e7\u00e3o, Justi\u00e7a e Cidadania (CCJ). Hoje, a Constitui\u00e7\u00e3o determina um conte\u00fado m\u00ednimo fixo apenas para o ensino fundamental.<\/span><\/p>\n<p style=\"text-align: justify;\"><span style=\"color: #000000;\">De iniciativa do senador Cristovam Buarque (PDT-DF), a proposta tamb\u00e9m estabelece que o ensino fundamental e o m\u00e9dio devem ser ministrados sempre em l\u00edngua portuguesa e, quando for o caso, na L\u00edngua Brasileira de Sinais (Libras). As comunidades ind\u00edgenas tamb\u00e9m devem ter assegurado o uso de suas l\u00ednguas maternas e processos pr\u00f3prios de aprendizagem.<\/span><\/p>\n<p style=\"text-align: justify;\"><span style=\"color: #000000;\">Cristovam lembra que, em qualquer lugar do mundo, a escola \u00e9 o instrumento de unifica\u00e7\u00e3o e identidade nacional. Mas no Brasil, aponta o senador, \u00e9 um instrumento desagregador e diferenciador. Para Cristovam, \u00e9 necess\u00e1rio e urgente reverter esse quadro. Ele diz que o pa\u00eds precisa imprimir um car\u00e1ter nacional \u00e0 sua educa\u00e7\u00e3o b\u00e1sica, nos mesmos moldes do tratamento dado, por exemplo, \u00e0s universidades.<\/span><\/p>\n<p style=\"text-align: justify;\"><span style=\"color: #000000;\">O relator, senador H\u00e9lio Jos\u00e9 (PMDB-DF), \u00e9 favor\u00e1vel \u00e0 PEC. Ele elogiou a iniciativa de Cristovam, especialmente a previs\u00e3o sobre o uso de Libras em sala de aula. Se aprovada na comiss\u00e3o, a mat\u00e9ria seguir\u00e1 para a an\u00e1lise do Plen\u00e1rio.<\/span><\/p>\n<p><span style=\"color: #000000;\">Ag\u00eancia Senado (Reprodu\u00e7\u00e3o autorizada mediante cita\u00e7\u00e3o da Ag\u00eancia Senado)<\/span><\/p>\n<p><span style=\"color: #000000;\">Fonte:<a href=\"https:\/\/www12.senado.leg.br\/noticias\/materias\/2018\/01\/16\/pec-estabelece-conteudo-minimo-para-o-ensino-medio\" target=\"_blank\" rel=\"noopener\"> https:\/\/www12.senado.leg.br\/noticias\/<\/a><\/span><\/p>\n","protected":false},"excerpt":{"rendered":"<p>Conte\u00fados m\u00ednimos que assegurem a forma\u00e7\u00e3o b\u00e1sica comum e o respeito aos valores culturais e art\u00edsticos, nacionais e regionais, podem se tornar obrigat\u00f3rios no ensino m\u00e9dio. A proposta (PEC\u00a048\/2007) que trata do assunto est\u00e1 pronta para ser votada na Comiss\u00e3o de Constitui\u00e7\u00e3o, Justi\u00e7a e Cidadania (CCJ). Hoje, a Constitui\u00e7\u00e3o determina um conte\u00fado m\u00ednimo fixo apenas [&hellip;]<\/p>\n","protected":false},"author":4,"featured_media":0,"comment_status":"open","ping_status":"open","sticky":false,"template":"","format":"standard","meta":{"footnotes":""},"categories":[19,28,35,43],"tags":[],"class_list":["post-4325","post","type-post","status-publish","format-standard","hentry","category-educacao","category-geral","category-libras","category-noticia"],"_links":{"self":[{"href":"https:\/\/socepel.com.br\/index.php?rest_route=\/wp\/v2\/posts\/4325","targetHints":{"allow":["GET"]}}],"collection":[{"href":"https:\/\/socepel.com.br\/index.php?rest_route=\/wp\/v2\/posts"}],"about":[{"href":"https:\/\/socepel.com.br\/index.php?rest_route=\/wp\/v2\/types\/post"}],"author":[{"embeddable":true,"href":"https:\/\/socepel.com.br\/index.php?rest_route=\/wp\/v2\/users\/4"}],"replies":[{"embeddable":true,"href":"https:\/\/socepel.com.br\/index.php?rest_route=%2Fwp%2Fv2%2Fcomments&post=4325"}],"version-history":[{"count":1,"href":"https:\/\/socepel.com.br\/index.php?rest_route=\/wp\/v2\/posts\/4325\/revisions"}],"predecessor-version":[{"id":4327,"href":"https:\/\/socepel.com.br\/index.php?rest_route=\/wp\/v2\/posts\/4325\/revisions\/4327"}],"wp:attachment":[{"href":"https:\/\/socepel.com.br\/index.php?rest_route=%2Fwp%2Fv2%2Fmedia&parent=4325"}],"wp:term":[{"taxonomy":"category","embeddable":true,"href":"https:\/\/socepel.com.br\/index.php?rest_route=%2Fwp%2Fv2%2Fcategories&post=4325"},{"taxonomy":"post_tag","embeddable":true,"href":"https:\/\/socepel.com.br\/index.php?rest_route=%2Fwp%2Fv2%2Ftags&post=4325"}],"curies":[{"name":"wp","href":"https:\/\/api.w.org\/{rel}","templated":true}]}}