{"id":4314,"date":"2018-01-12T00:01:48","date_gmt":"2018-01-12T00:01:48","guid":{"rendered":"http:\/\/www.socepel.com.br\/wpress\/?p=4314"},"modified":"2018-01-15T00:16:12","modified_gmt":"2018-01-15T00:16:12","slug":"instituicoes-bancarias-deverao-ter-interprete-de-lingua-de-sinais","status":"publish","type":"post","link":"https:\/\/socepel.com.br\/?p=4314","title":{"rendered":"Institui\u00e7\u00f5es banc\u00e1rias dever\u00e3o ter int\u00e9rprete de L\u00edngua de Sinais"},"content":{"rendered":"<h3><span style=\"color: #0000ff;\">Institui\u00e7\u00f5es banc\u00e1rias dever\u00e3o ter int\u00e9rprete de L\u00edngua de Sinais<\/span><\/h3>\n<p><span style=\"color: #000000;\">Descumprimento pode gerar multas \u00e0s que n\u00e3o se adequarem \u00e0 nova lei<\/span><\/p>\n<p><a href=\"http:\/\/www.socepel.com.br\/wpress\/?attachment_id=4315\" rel=\"attachment wp-att-4315\"><img loading=\"lazy\" decoding=\"async\" class=\"alignleft size-full wp-image-4315\" src=\"http:\/\/www.socepel.com.br\/wpress\/wp-content\/uploads\/2018\/01\/Noticia_20180112-1_Imagem.jpg\" alt=\"\" width=\"271\" height=\"400\" srcset=\"https:\/\/socepel.com.br\/wp-content\/uploads\/2018\/01\/Noticia_20180112-1_Imagem.jpg 271w, https:\/\/socepel.com.br\/wp-content\/uploads\/2018\/01\/Noticia_20180112-1_Imagem-203x300.jpg 203w\" sizes=\"auto, (max-width: 271px) 100vw, 271px\" \/><\/a>A vereadora Ana Mondini. \u0093A presen\u00e7a de um int\u00e9rprete de Libras nas institui\u00e7\u00f5es financeiras \u00e9 um passo importante para integrar economicamente esse segmento da popula\u00e7\u00e3o e reconhecer a sua cidadania<\/p>\n<p style=\"text-align: justify;\"><span style=\"color: #000000;\">A C\u00e2mara Municipal aprovou, por unanimidade dos vereadores, o Projeto de Lei n\u00ba 140\/2017, de autoria da vereadora Ana Mondini (PSDB), que disp\u00f5e sobre a obrigatoriedade de profissional capacitado para se comunicar na L\u00edngua Brasileira de Sinais \u2013 Libras em institui\u00e7\u00f5es banc\u00e1rias de Mat\u00e3o. O objetivo, segundo a vereadora, \u00e9 garantir aux\u00edlio aos frequentadores com defici\u00eancia auditiva nestas institui\u00e7\u00f5es, sendo obrigat\u00f3ria a presen\u00e7a de pelo menos um profissional capacitado para se comunicar em Libras.<\/span><\/p>\n<p style=\"text-align: justify;\"><span style=\"color: #000000;\">\u201cA aus\u00eancia dos int\u00e9rpretes de Libras pode expor as pessoas com defici\u00eancia auditiva ao constrangimento\u201d, alerta a vereadora, \u201ce a presen\u00e7a de um int\u00e9rprete de Libras nas institui\u00e7\u00f5es financeiras \u00e9 um passo importante para integrar economicamente esse segmento da popula\u00e7\u00e3o e reconhecer a sua cidadania\u201d, defendeu Ana Mondini.<\/span><\/p>\n<p style=\"text-align: justify;\"><span style=\"color: #000000;\">O Projeto foi sancionado pelo Executivo Municipal no dia 29 de dezembro, tornando-se a Lei n\u00ba 5.149\/2017. Vale ressaltar que a nova lei determina multa a quem descumprir a medida no valor de 200 UFESP &#8211; Unidade Fiscal do Estado de S\u00e3o Paulo, na primeira ocorr\u00eancia. A partir da segunda notifica\u00e7\u00e3o, a multa passar\u00e1 para 500 UFESP e 1.000 na terceira ocorr\u00eancia. Em caso de reincid\u00eancia ap\u00f3s a terceira ocorr\u00eancia, o valor da multa ser\u00e1 dobrado.<\/span><\/p>\n<p style=\"text-align: justify;\"><span style=\"color: #000000;\">Cabe ressaltar tamb\u00e9m que a utiliza\u00e7\u00e3o da Libras facilita a comunica\u00e7\u00e3o entre os surdos, que passam a se compreender como uma comunidade que tem caracter\u00edsticas comuns e devem ser reconhecidas. A Libras tamb\u00e9m propicia uma melhor compreens\u00e3o entre surdos e ouvintes, uma vez que a Lei n\u00ba 12.319\/10 regulamenta a profiss\u00e3o de Tradutor e Int\u00e9rprete de Libras no apoio \u00e0 acessibilidade aos servi\u00e7os e \u00e0s atividades-fim das institui\u00e7\u00f5es de ensino e reparti\u00e7\u00f5es p\u00fablicas e em diferentes institui\u00e7\u00f5es sociais<\/span>.<\/p>\n<p><a href=\"http:\/\/Fonte:\u00a0http:\/\/www.camaramatao.sp.gov.br\/?id=65&amp;idPagina=60\" target=\"_blank\" rel=\"noopener\">Fonte:\u00a0http:\/\/www.camaramatao.sp.gov.br\/?id=65&amp;idPagina=60<\/a><\/p>\n<p>Lei:<a href=\"http:\/\/www.camaramatao.sp.gov.br\/?id=65&amp;idPagina=60\" target=\"_blank\" rel=\"noopener\">https:\/\/leis_municipal_5149,29\/12\/2017<\/a><\/p>\n","protected":false},"excerpt":{"rendered":"<p>Institui\u00e7\u00f5es banc\u00e1rias dever\u00e3o ter int\u00e9rprete de L\u00edngua de Sinais Descumprimento pode gerar multas \u00e0s que n\u00e3o se adequarem \u00e0 nova lei A vereadora Ana Mondini. \u0093A presen\u00e7a de um int\u00e9rprete de Libras nas institui\u00e7\u00f5es financeiras \u00e9 um passo importante para integrar economicamente esse segmento da popula\u00e7\u00e3o e reconhecer a sua cidadania A C\u00e2mara Municipal aprovou, [&hellip;]<\/p>\n","protected":false},"author":4,"featured_media":0,"comment_status":"open","ping_status":"open","sticky":false,"template":"","format":"standard","meta":{"footnotes":""},"categories":[28,33,35,43],"tags":[],"class_list":["post-4314","post","type-post","status-publish","format-standard","hentry","category-geral","category-legislacao","category-libras","category-noticia"],"_links":{"self":[{"href":"https:\/\/socepel.com.br\/index.php?rest_route=\/wp\/v2\/posts\/4314","targetHints":{"allow":["GET"]}}],"collection":[{"href":"https:\/\/socepel.com.br\/index.php?rest_route=\/wp\/v2\/posts"}],"about":[{"href":"https:\/\/socepel.com.br\/index.php?rest_route=\/wp\/v2\/types\/post"}],"author":[{"embeddable":true,"href":"https:\/\/socepel.com.br\/index.php?rest_route=\/wp\/v2\/users\/4"}],"replies":[{"embeddable":true,"href":"https:\/\/socepel.com.br\/index.php?rest_route=%2Fwp%2Fv2%2Fcomments&post=4314"}],"version-history":[{"count":1,"href":"https:\/\/socepel.com.br\/index.php?rest_route=\/wp\/v2\/posts\/4314\/revisions"}],"predecessor-version":[{"id":4316,"href":"https:\/\/socepel.com.br\/index.php?rest_route=\/wp\/v2\/posts\/4314\/revisions\/4316"}],"wp:attachment":[{"href":"https:\/\/socepel.com.br\/index.php?rest_route=%2Fwp%2Fv2%2Fmedia&parent=4314"}],"wp:term":[{"taxonomy":"category","embeddable":true,"href":"https:\/\/socepel.com.br\/index.php?rest_route=%2Fwp%2Fv2%2Fcategories&post=4314"},{"taxonomy":"post_tag","embeddable":true,"href":"https:\/\/socepel.com.br\/index.php?rest_route=%2Fwp%2Fv2%2Ftags&post=4314"}],"curies":[{"name":"wp","href":"https:\/\/api.w.org\/{rel}","templated":true}]}}