{"id":4269,"date":"2017-12-26T21:27:13","date_gmt":"2017-12-26T21:27:13","guid":{"rendered":"http:\/\/www.socepel.com.br\/wpress\/?p=4269"},"modified":"2017-12-27T21:48:29","modified_gmt":"2017-12-27T21:48:29","slug":"ribeirao-preto-sedia-primeira-copa-exclusiva-para-atletas-com-sindrome-de-down","status":"publish","type":"post","link":"https:\/\/socepel.com.br\/?p=4269","title":{"rendered":"Ribeir\u00e3o Preto sedia primeira Copa exclusiva para atletas com S\u00edndrome de Down"},"content":{"rendered":"<p><span style=\"color: #0000ff;\"><em>Ribeir\u00e3o Preto sedia primeira Copa exclusiva para atletas com S\u00edndrome de Down; equipes de cincos Estados participam da <u>competi\u00e7\u00e3o<\/u><\/em><u>\u00a0<\/u><\/span><\/p>\n<p><u>Fotos: FL. Piton<\/u><u><br \/>\n<\/u><\/p>\n<p><strong><em><a href=\"http:\/\/www.socepel.com.br\/wpress\/?attachment_id=4276\" rel=\"attachment wp-att-4274\"><img loading=\"lazy\" decoding=\"async\" class=\"aligncenter wp-image-4276 size-full\" src=\"http:\/\/www.socepel.com.br\/wpress\/wp-content\/uploads\/2017\/12\/Noticia_20171226-11_Imagem-1.jpg\" alt=\"\" width=\"597\" height=\"360\" srcset=\"https:\/\/socepel.com.br\/wp-content\/uploads\/2017\/12\/Noticia_20171226-11_Imagem-1.jpg 597w, https:\/\/socepel.com.br\/wp-content\/uploads\/2017\/12\/Noticia_20171226-11_Imagem-1-300x181.jpg 300w\" sizes=\"auto, (max-width: 597px) 100vw, 597px\" \/><\/a>Prefeito Duarte Nogueira d\u00e1 o pontap\u00e9 inicial \u00e0 competi\u00e7\u00e3o<\/em><\/strong><\/p>\n<p style=\"text-align: justify;\"><span style=\"color: #000000;\">O prefeito de Ribeir\u00e3o Preto, Duarte Nogueira, deu o pontap\u00e9 inicial que abriu oficialmente \u00a0a 1\u00aa Copa Brasil de Futsal Down, exclusiva para atletas com S\u00edndrome de Down, na noite desta ter\u00e7a-feira, dia 5 de dezembro, na Cava do Bosque.<\/span><\/p>\n<p style=\"text-align: justify;\"><a href=\"http:\/\/www.socepel.com.br\/wpress\/?attachment_id=4279\" rel=\"attachment wp-att-4274\"><img loading=\"lazy\" decoding=\"async\" class=\"aligncenter wp-image-4279 size-full\" src=\"http:\/\/www.socepel.com.br\/wpress\/wp-content\/uploads\/2017\/12\/Noticia_20171226-12_Imagem-3.jpg\" alt=\"\" width=\"597\" height=\"399\" srcset=\"https:\/\/socepel.com.br\/wp-content\/uploads\/2017\/12\/Noticia_20171226-12_Imagem-3.jpg 597w, https:\/\/socepel.com.br\/wp-content\/uploads\/2017\/12\/Noticia_20171226-12_Imagem-3-300x201.jpg 300w\" sizes=\"auto, (max-width: 597px) 100vw, 597px\" \/><\/a><span style=\"color: #000000;\">\u201c\u00c9 emocionante para n\u00f3s, Ribeir\u00e3o Preto poder sediar esse evento nacional. A vinda de voc\u00eas hoje aqui, \u00e9 o significado de que essa cidade pertence a todos e ningu\u00e9m ir\u00e1 ficar para tr\u00e1s, todos poder\u00e3o desfrutar de tudo que a cidade puder oferecer de melhor, para o ribeir\u00e3o-pretano e aos nossos convidados\u201d, destacou Nogueira, em meio \u00e0s equipes formadas por atletas representantes de cinco estados brasileiros (Alagoas, Mato Grosso do Sul, Paran\u00e1, Rio de Janeiro e S\u00e3o Paulo), mais a equipe de Ribeir\u00e3o Preto<\/span>.<\/p>\n<p><strong><em><a href=\"http:\/\/www.socepel.com.br\/wpress\/?attachment_id=4281\" rel=\"attachment wp-att-4281\"><img loading=\"lazy\" decoding=\"async\" class=\"aligncenter size-full wp-image-4281\" src=\"http:\/\/www.socepel.com.br\/wpress\/wp-content\/uploads\/2017\/12\/Noticia_20171226-13_Imagem-1.jpg\" alt=\"\" width=\"597\" height=\"399\" srcset=\"https:\/\/socepel.com.br\/wp-content\/uploads\/2017\/12\/Noticia_20171226-13_Imagem-1.jpg 597w, https:\/\/socepel.com.br\/wp-content\/uploads\/2017\/12\/Noticia_20171226-13_Imagem-1-300x201.jpg 300w\" sizes=\"auto, (max-width: 597px) 100vw, 597px\" \/><\/a>Atletas com S\u00edndrome de Down representam v\u00e1rios estados brasileiros<\/em><\/strong><\/p>\n<p style=\"text-align: justify;\"><span style=\"color: #000000;\">Realizada pela prefeitura de Ribeir\u00e3o Preto, com o apoio das Secretarias Municipais de Esportes e da Educa\u00e7\u00e3o, e do Centro de Educa\u00e7\u00e3o Especial e Ensino Fundamental Egydio Pedreschi, em parceria com a Confedera\u00e7\u00e3o Brasileira de Desportos para Deficientes Intelectuais (CBDI), a Copa acontecer\u00e1\u00a0na Cava do Bosque, entre os dias 5 e 10 de dezembro.<\/span><\/p>\n<p style=\"text-align: justify;\"><a href=\"http:\/\/www.socepel.com.br\/wpress\/?attachment_id=4283\" rel=\"attachment wp-att-4283\"><img loading=\"lazy\" decoding=\"async\" class=\"aligncenter size-full wp-image-4283\" src=\"http:\/\/www.socepel.com.br\/wpress\/wp-content\/uploads\/2017\/12\/Noticia_20171226-14_Imagem.jpg\" alt=\"\" width=\"597\" height=\"399\" srcset=\"https:\/\/socepel.com.br\/wp-content\/uploads\/2017\/12\/Noticia_20171226-14_Imagem.jpg 597w, https:\/\/socepel.com.br\/wp-content\/uploads\/2017\/12\/Noticia_20171226-14_Imagem-300x201.jpg 300w\" sizes=\"auto, (max-width: 597px) 100vw, 597px\" \/><\/a><span style=\"color: #000000;\">A ideia da competi\u00e7\u00e3o surgiu depois da realiza\u00e7\u00e3o de uma partida amistosa entre a equipe de Ribeir\u00e3o Preto do Egydio Pedreschi contra a Sele\u00e7\u00e3o Brasileira de Futsal de Atletas com S\u00edndrome de Down e tem como objetivo conscientizar a sociedade sobre a import\u00e2ncia dos esportes adaptados, da educa\u00e7\u00e3o f\u00edsica inclusiva e contribuir para que Ribeir\u00e3o Preto se torne uma cidade mais acess\u00edvel e acolhedora a todos os seus moradores e visitantes.<\/span><\/p>\n<p style=\"text-align: justify;\"><a href=\"http:\/\/www.socepel.com.br\/wpress\/?attachment_id=4285\" rel=\"attachment wp-att-4285\"><img loading=\"lazy\" decoding=\"async\" class=\"aligncenter size-full wp-image-4285\" src=\"http:\/\/www.socepel.com.br\/wpress\/wp-content\/uploads\/2017\/12\/Noticia_20171226-15_Imagem.jpg\" alt=\"\" width=\"597\" height=\"399\" srcset=\"https:\/\/socepel.com.br\/wp-content\/uploads\/2017\/12\/Noticia_20171226-15_Imagem.jpg 597w, https:\/\/socepel.com.br\/wp-content\/uploads\/2017\/12\/Noticia_20171226-15_Imagem-300x201.jpg 300w\" sizes=\"auto, (max-width: 597px) 100vw, 597px\" \/><\/a><span style=\"color: #000000;\">\u201cEu n\u00e3o vou falar como secret\u00e1ria da Educa\u00e7\u00e3o, eu quero falar como amiga de todos voc\u00eas dessa escola que iniciei minha carreira. Pra mim \u00e9 uma quest\u00e3o de prazer, de alegria estar aqui hoje vendo esse evento acontecer, esses meninos envolvidos com o esporte, que \u00e9 sa\u00fade e autonomia, somente coisas boas para esses alunos. E que eventos como esse no Brasil e que as pessoas portadoras de s\u00edndrome de down encontrem cada vez mais seu espa\u00e7o no cen\u00e1rio nacional, na educa\u00e7\u00e3o e esporte\u201d, disse\u00a0emocionada a secret\u00e1ria de Educa\u00e7\u00e3o de Ribeir\u00e3o Preto, Luciana Andrade Rodrigues, que h\u00e1 26 anos come\u00e7ou a trabalhar na escola Egydio Pedreschi.<\/span><\/p>\n<p style=\"text-align: justify;\"><a href=\"http:\/\/www.socepel.com.br\/wpress\/?attachment_id=4286\" rel=\"attachment wp-att-4286\"><img loading=\"lazy\" decoding=\"async\" class=\"aligncenter size-full wp-image-4286\" src=\"http:\/\/www.socepel.com.br\/wpress\/wp-content\/uploads\/2017\/12\/Noticia_20171226-16_Imagem.jpg\" alt=\"\" width=\"597\" height=\"399\" srcset=\"https:\/\/socepel.com.br\/wp-content\/uploads\/2017\/12\/Noticia_20171226-16_Imagem.jpg 597w, https:\/\/socepel.com.br\/wp-content\/uploads\/2017\/12\/Noticia_20171226-16_Imagem-300x201.jpg 300w\" sizes=\"auto, (max-width: 597px) 100vw, 597px\" \/><\/a><span style=\"color: #000000;\">Para o secret\u00e1rio de Esportes, Ricardo Aguiar, \u00e9 um orgulho receber a 1\u00aa Copa Brasil de Futsal Down no anivers\u00e1rio de 65 anos da Cava do Bosque.<\/span><\/p>\n<p style=\"text-align: justify;\"><span style=\"color: #000000;\">\u201cEstamos conscientizando a popula\u00e7\u00e3o sobre a import\u00e2ncia que o esporte possui na inclus\u00e3o da pessoa com defici\u00eancia f\u00edsica dentro da sociedade. Tamb\u00e9m n\u00e3o podemos esquecer que a pr\u00e1tica esportiva \u00e9 um extraordin\u00e1rio instrumento para a forma\u00e7\u00e3o do car\u00e1ter dos alunos\u201d, afirma Ricardo.<\/span><\/p>\n<p style=\"text-align: justify;\"><a href=\"http:\/\/www.socepel.com.br\/wpress\/?attachment_id=4287\" rel=\"attachment wp-att-4287\"><img loading=\"lazy\" decoding=\"async\" class=\"aligncenter size-full wp-image-4287\" src=\"http:\/\/www.socepel.com.br\/wpress\/wp-content\/uploads\/2017\/12\/Noticia_20171226-17_Imagem.jpg\" alt=\"\" width=\"597\" height=\"399\" srcset=\"https:\/\/socepel.com.br\/wp-content\/uploads\/2017\/12\/Noticia_20171226-17_Imagem.jpg 597w, https:\/\/socepel.com.br\/wp-content\/uploads\/2017\/12\/Noticia_20171226-17_Imagem-300x201.jpg 300w\" sizes=\"auto, (max-width: 597px) 100vw, 597px\" \/><\/a><span style=\"color: #000000;\">\u201c\u00c9 um orgulho a presen\u00e7a do senhor aqui neste evento, senhor prefeito, isso mostra o comprometimento do poder p\u00fablico com o esporte paraol\u00edmpico. O nosso sonho para o esporte paraol\u00edmpico \u00e9 levar voc\u00eas para a olimp\u00edada de Paris em 2024 e \u00e9 a partir de eventos como esse que vamos conseguir, porque mostram o verdadeiro potencial de todos voc\u00eas atletas\u201d, frisou\u00a0o vice-presidente da Confedera\u00e7\u00e3o Brasileira de Desportos para Deficientes Intelectuais (CBDI), Edson Luiz Martucci.<\/span><\/p>\n<p style=\"text-align: justify;\"><a href=\"http:\/\/www.socepel.com.br\/wpress\/?attachment_id=4288\" rel=\"attachment wp-att-4288\"><img loading=\"lazy\" decoding=\"async\" class=\"aligncenter size-full wp-image-4288\" src=\"http:\/\/www.socepel.com.br\/wpress\/wp-content\/uploads\/2017\/12\/Noticia_20171226-18_Imagem.jpg\" alt=\"\" width=\"597\" height=\"399\" srcset=\"https:\/\/socepel.com.br\/wp-content\/uploads\/2017\/12\/Noticia_20171226-18_Imagem.jpg 597w, https:\/\/socepel.com.br\/wp-content\/uploads\/2017\/12\/Noticia_20171226-18_Imagem-300x201.jpg 300w\" sizes=\"auto, (max-width: 597px) 100vw, 597px\" \/><\/a><span style=\"color: #000000;\">Participam da competi\u00e7\u00e3o, o Centro de Educa\u00e7\u00e3o Especial e Ensino Fundamental Egydio Pedreschi, representando a cidade sede de Ribeir\u00e3o Preto, Instituto Life Down\/CSA, representante de Alagoas; Paraesporte Campos, representante do Rio de Janeiro; Escola Juliano Varela, representante do Mato Grosso do Sul; Ardem, representante do Paran\u00e1; JR\/Corinthians, representante de S\u00e3o Paulo; Aril Limeira, equipe convidada pelo ranqueamento de S\u00e3o Paulo; e Associa\u00e7\u00e3o Paradesportiva Jr, equipe convidada de S\u00e3o Paulo.<\/span><\/p>\n<p style=\"text-align: justify;\"><a href=\"http:\/\/www.socepel.com.br\/wpress\/?attachment_id=4289\" rel=\"attachment wp-att-4289\"><img loading=\"lazy\" decoding=\"async\" class=\"aligncenter size-full wp-image-4289\" src=\"http:\/\/www.socepel.com.br\/wpress\/wp-content\/uploads\/2017\/12\/Noticia_20171226-19_Imagem.jpg\" alt=\"\" width=\"597\" height=\"399\" srcset=\"https:\/\/socepel.com.br\/wp-content\/uploads\/2017\/12\/Noticia_20171226-19_Imagem.jpg 597w, https:\/\/socepel.com.br\/wp-content\/uploads\/2017\/12\/Noticia_20171226-19_Imagem-300x201.jpg 300w\" sizes=\"auto, (max-width: 597px) 100vw, 597px\" \/><\/a><span style=\"color: #000000;\">A Copa servir\u00e1 tamb\u00e9m de base para avalia\u00e7\u00e3o de atletas que ir\u00e3o formar a Sele\u00e7\u00e3o Brasileira de Futsal Down, que vai representar o Brasil durante o 2\u00ba Campeonato Mundial da modalidade, que acontecer\u00e1 no m\u00eas de junho de 2019, tamb\u00e9m no Brasil.<\/span><\/p>\n<p><a href=\"http:\/\/www.socepel.com.br\/wpress\/?attachment_id=4290\" rel=\"attachment wp-att-4290\"><img loading=\"lazy\" decoding=\"async\" class=\"aligncenter size-full wp-image-4290\" src=\"http:\/\/www.socepel.com.br\/wpress\/wp-content\/uploads\/2017\/12\/Noticia_20171226-110_Imagem.jpg\" alt=\"\" width=\"597\" height=\"399\" srcset=\"https:\/\/socepel.com.br\/wp-content\/uploads\/2017\/12\/Noticia_20171226-110_Imagem.jpg 597w, https:\/\/socepel.com.br\/wp-content\/uploads\/2017\/12\/Noticia_20171226-110_Imagem-300x201.jpg 300w\" sizes=\"auto, (max-width: 597px) 100vw, 597px\" \/><\/a> <a href=\"http:\/\/www.socepel.com.br\/wpress\/?attachment_id=4291\" rel=\"attachment wp-att-4291\"><img loading=\"lazy\" decoding=\"async\" class=\"aligncenter size-full wp-image-4291\" src=\"http:\/\/www.socepel.com.br\/wpress\/wp-content\/uploads\/2017\/12\/Noticia_20171226-111_Imagem.jpg\" alt=\"\" width=\"597\" height=\"399\" srcset=\"https:\/\/socepel.com.br\/wp-content\/uploads\/2017\/12\/Noticia_20171226-111_Imagem.jpg 597w, https:\/\/socepel.com.br\/wp-content\/uploads\/2017\/12\/Noticia_20171226-111_Imagem-300x201.jpg 300w\" sizes=\"auto, (max-width: 597px) 100vw, 597px\" \/><\/a> <a href=\"http:\/\/www.socepel.com.br\/wpress\/?attachment_id=4292\" rel=\"attachment wp-att-4292\"><img loading=\"lazy\" decoding=\"async\" class=\"aligncenter size-full wp-image-4292\" src=\"http:\/\/www.socepel.com.br\/wpress\/wp-content\/uploads\/2017\/12\/Noticia_20171226-112_Imagem.jpg\" alt=\"\" width=\"597\" height=\"399\" srcset=\"https:\/\/socepel.com.br\/wp-content\/uploads\/2017\/12\/Noticia_20171226-112_Imagem.jpg 597w, https:\/\/socepel.com.br\/wp-content\/uploads\/2017\/12\/Noticia_20171226-112_Imagem-300x201.jpg 300w\" sizes=\"auto, (max-width: 597px) 100vw, 597px\" \/><\/a> <a href=\"http:\/\/www.socepel.com.br\/wpress\/?attachment_id=4293\" rel=\"attachment wp-att-4293\"><img loading=\"lazy\" decoding=\"async\" class=\"aligncenter size-full wp-image-4293\" src=\"http:\/\/www.socepel.com.br\/wpress\/wp-content\/uploads\/2017\/12\/Noticia_20171226-113_Imagem.jpg\" alt=\"\" width=\"597\" height=\"399\" srcset=\"https:\/\/socepel.com.br\/wp-content\/uploads\/2017\/12\/Noticia_20171226-113_Imagem.jpg 597w, https:\/\/socepel.com.br\/wp-content\/uploads\/2017\/12\/Noticia_20171226-113_Imagem-300x201.jpg 300w\" sizes=\"auto, (max-width: 597px) 100vw, 597px\" \/><\/a><\/p>\n<p>Fonte: <a href=\"http:\/\/www.ribeiraopreto.sp.gov.br\/J332\/noticia\/38321\" target=\"_blank\" rel=\"noopener\">http:\/\/www.ribeiraopreto.sp.gov.br\/<\/a><\/p>\n","protected":false},"excerpt":{"rendered":"<p>Ribeir\u00e3o Preto sedia primeira Copa exclusiva para atletas com S\u00edndrome de Down; equipes de cincos Estados participam da competi\u00e7\u00e3o\u00a0 Fotos: FL. Piton Prefeito Duarte Nogueira d\u00e1 o pontap\u00e9 inicial \u00e0 competi\u00e7\u00e3o O prefeito de Ribeir\u00e3o Preto, Duarte Nogueira, deu o pontap\u00e9 inicial que abriu oficialmente \u00a0a 1\u00aa Copa Brasil de Futsal Down, exclusiva para atletas [&hellip;]<\/p>\n","protected":false},"author":4,"featured_media":0,"comment_status":"open","ping_status":"open","sticky":false,"template":"","format":"standard","meta":{"footnotes":""},"categories":[18,24,25,28,43],"tags":[],"class_list":["post-4269","post","type-post","status-publish","format-standard","hentry","category-down","category-esporte","category-eventos","category-geral","category-noticia"],"_links":{"self":[{"href":"https:\/\/socepel.com.br\/index.php?rest_route=\/wp\/v2\/posts\/4269","targetHints":{"allow":["GET"]}}],"collection":[{"href":"https:\/\/socepel.com.br\/index.php?rest_route=\/wp\/v2\/posts"}],"about":[{"href":"https:\/\/socepel.com.br\/index.php?rest_route=\/wp\/v2\/types\/post"}],"author":[{"embeddable":true,"href":"https:\/\/socepel.com.br\/index.php?rest_route=\/wp\/v2\/users\/4"}],"replies":[{"embeddable":true,"href":"https:\/\/socepel.com.br\/index.php?rest_route=%2Fwp%2Fv2%2Fcomments&post=4269"}],"version-history":[{"count":6,"href":"https:\/\/socepel.com.br\/index.php?rest_route=\/wp\/v2\/posts\/4269\/revisions"}],"predecessor-version":[{"id":4297,"href":"https:\/\/socepel.com.br\/index.php?rest_route=\/wp\/v2\/posts\/4269\/revisions\/4297"}],"wp:attachment":[{"href":"https:\/\/socepel.com.br\/index.php?rest_route=%2Fwp%2Fv2%2Fmedia&parent=4269"}],"wp:term":[{"taxonomy":"category","embeddable":true,"href":"https:\/\/socepel.com.br\/index.php?rest_route=%2Fwp%2Fv2%2Fcategories&post=4269"},{"taxonomy":"post_tag","embeddable":true,"href":"https:\/\/socepel.com.br\/index.php?rest_route=%2Fwp%2Fv2%2Ftags&post=4269"}],"curies":[{"name":"wp","href":"https:\/\/api.w.org\/{rel}","templated":true}]}}