{"id":4266,"date":"2017-12-22T01:22:02","date_gmt":"2017-12-22T01:22:02","guid":{"rendered":"http:\/\/www.socepel.com.br\/wpress\/?p=4266"},"modified":"2017-12-26T01:27:34","modified_gmt":"2017-12-26T01:27:34","slug":"instituicoes-de-saude-podem-ser-obrigadas-a-ofertar-interprete-de-libras","status":"publish","type":"post","link":"https:\/\/socepel.com.br\/?p=4266","title":{"rendered":"Institui\u00e7\u00f5es de sa\u00fade podem ser obrigadas a ofertar int\u00e9rprete de Libras"},"content":{"rendered":"<p><a href=\"http:\/\/www.socepel.com.br\/wpress\/?attachment_id=4267\" rel=\"attachment wp-att-4267\"><img loading=\"lazy\" decoding=\"async\" class=\"aligncenter size-full wp-image-4267\" src=\"http:\/\/www.socepel.com.br\/wpress\/wp-content\/uploads\/2017\/12\/Noticia_20171222-1_Imagem.jpg\" alt=\"\" width=\"600\" height=\"398\" srcset=\"https:\/\/socepel.com.br\/wp-content\/uploads\/2017\/12\/Noticia_20171222-1_Imagem.jpg 600w, https:\/\/socepel.com.br\/wp-content\/uploads\/2017\/12\/Noticia_20171222-1_Imagem-300x199.jpg 300w\" sizes=\"auto, (max-width: 600px) 100vw, 600px\" \/><\/a>Proposi\u00e7\u00f5es legislativas<\/p>\n<ul>\n<li><a href=\"http:\/\/www25.senado.leg.br\/web\/atividade\/materias\/-\/materia\/131721\">PLS 465\/2017<\/a><\/li>\n<\/ul>\n<p style=\"text-align: justify;\"><span style=\"color: #000000;\">Hospitais p\u00fablicos ou institui\u00e7\u00f5es concession\u00e1rias de servi\u00e7os p\u00fablicos de assist\u00eancia \u00e0 sa\u00fade dever\u00e3o obrigatoriamente ofertar int\u00e9rpretes de Libras \u00e0s pessoas com defici\u00eancia auditiva, para garantir-lhes atendimento adequado quando procurarem as unidades. \u00c9 o que determina o Projeto de Lei do Senado (PLS<\/span>)\u00a0<a href=\"http:\/\/www25.senado.leg.br\/web\/atividade\/materias\/-\/materia\/131721\">465\/2017<\/a>, <span style=\"color: #000000;\">da senadora K\u00e1tia Abreu (sem partido-TO).<\/span><\/p>\n<p style=\"text-align: justify;\"><span style=\"color: #000000;\">A proposi\u00e7\u00e3o amplia a efic\u00e1cia da Lei de Libras<\/span> (<a href=\"http:\/\/www.planalto.gov.br\/ccivil_03\/leis\/2002\/l10436.htm\">Lei 10.436\/2002<\/a>), <span style=\"color: #000000;\">que j\u00e1 imp\u00f5e aos estabelecimentos de sa\u00fade garantia de tratamento e atendimento adequados \u00e0s pessoas com defici\u00eancia auditiva, mas n\u00e3o traz detalhes. A falta de previs\u00e3o expressa, na lei, de que os servi\u00e7os de sa\u00fade devem oferecer int\u00e9rpretes de Libras d\u00e1 margem \u00e0 neglig\u00eancia, acredita a senadora. Hoje, essa obrigatoriedade \u00e9 prevista por meio de decreto, mas K\u00e1tia defende a inclus\u00e3o da medida em lei.<\/span><\/p>\n<p style=\"text-align: justify;\"><span style=\"color: #000000;\">&#8220;Apenas o Decreto n\u00ba 5.626, de 22 de dezembro de 2005, que regulamenta a lei, prev\u00ea essa obrigatoriedade,<\/span><br \/>\n<span style=\"color: #000000;\"> mas entendemos que, por tratar de direitos e deveres, esse conte\u00fado deve ser veiculado em lei ordin\u00e1ria&#8221;, afirma.<\/span><\/p>\n<p style=\"text-align: justify;\"><span style=\"color: #000000;\">Segundo a senadora, o uso da L\u00edngua Brasileira de Sinais \u00e9 fundamental para que pessoas com defici\u00eancia auditiva ou da fala, ou ambas, possam se comunicar eficazmente, inclusive ao buscar servi\u00e7os p\u00fablicos de sa\u00fade. Barreiras na comunica\u00e7\u00e3o resultante da falta de int\u00e9rprete nas institui\u00e7\u00f5es que prestam servi\u00e7os de sa\u00fade podem colocar em risco a vida e o bem-estar dos usu\u00e1rios que dependam dessa forma de comunica\u00e7\u00e3o, o que resulta em uma forma de exclus\u00e3o social, na opini\u00e3o de K\u00e1tia Abreu.<\/span><\/p>\n<p style=\"text-align: justify;\"><span style=\"color: #000000;\">\u201c\u00c9 imperativo que preenchamos essa lacuna, garantindo simultaneamente a comunicabilidade e o atendimento das pessoas que dependem da Libras, promovendo sua inclus\u00e3o\u201d, defendeu K\u00e1tia Abreu.<\/span><\/p>\n<p style=\"text-align: justify;\"><span style=\"color: #000000;\">O projeto aguarda an\u00e1lise da Comiss\u00e3o de Direitos Humanos e Legisla\u00e7\u00e3o Participativa (CDH) e depois segue para a de Comiss\u00e3o de Constitui\u00e7\u00e3o, Justi\u00e7a e Cidadania (CCJ), onde receber\u00e1 decis\u00e3o terminativa.<\/span><\/p>\n<p><span style=\"color: #000000;\">Ag\u00eancia Senado (Reprodu\u00e7\u00e3o autorizada mediante cita\u00e7\u00e3o da Ag\u00eancia Senado)<\/span><\/p>\n<p><span style=\"color: #000000;\">Fonte: <a href=\"https:\/\/www12.senado.leg.br\/noticias\/materias\/2017\/12\/22\/instituicoes-de-saude-podem-ser-obrigadas-a-ofertar-interprete-de-libras\" target=\"_blank\" rel=\"noopener\">https:\/\/www12.senado.leg.br\/noticias\/<\/a><\/span><\/p>\n","protected":false},"excerpt":{"rendered":"<p>Proposi\u00e7\u00f5es legislativas PLS 465\/2017 Hospitais p\u00fablicos ou institui\u00e7\u00f5es concession\u00e1rias de servi\u00e7os p\u00fablicos de assist\u00eancia \u00e0 sa\u00fade dever\u00e3o obrigatoriamente ofertar int\u00e9rpretes de Libras \u00e0s pessoas com defici\u00eancia auditiva, para garantir-lhes atendimento adequado quando procurarem as unidades. \u00c9 o que determina o Projeto de Lei do Senado (PLS)\u00a0465\/2017, da senadora K\u00e1tia Abreu (sem partido-TO). A proposi\u00e7\u00e3o amplia [&hellip;]<\/p>\n","protected":false},"author":4,"featured_media":0,"comment_status":"open","ping_status":"open","sticky":false,"template":"","format":"standard","meta":{"footnotes":""},"categories":[28,33,35,43,47,48,52],"tags":[],"class_list":["post-4266","post","type-post","status-publish","format-standard","hentry","category-geral","category-legislacao","category-libras","category-noticia","category-projeto-de-lei","category-saude","category-surdez"],"_links":{"self":[{"href":"https:\/\/socepel.com.br\/index.php?rest_route=\/wp\/v2\/posts\/4266","targetHints":{"allow":["GET"]}}],"collection":[{"href":"https:\/\/socepel.com.br\/index.php?rest_route=\/wp\/v2\/posts"}],"about":[{"href":"https:\/\/socepel.com.br\/index.php?rest_route=\/wp\/v2\/types\/post"}],"author":[{"embeddable":true,"href":"https:\/\/socepel.com.br\/index.php?rest_route=\/wp\/v2\/users\/4"}],"replies":[{"embeddable":true,"href":"https:\/\/socepel.com.br\/index.php?rest_route=%2Fwp%2Fv2%2Fcomments&post=4266"}],"version-history":[{"count":1,"href":"https:\/\/socepel.com.br\/index.php?rest_route=\/wp\/v2\/posts\/4266\/revisions"}],"predecessor-version":[{"id":4268,"href":"https:\/\/socepel.com.br\/index.php?rest_route=\/wp\/v2\/posts\/4266\/revisions\/4268"}],"wp:attachment":[{"href":"https:\/\/socepel.com.br\/index.php?rest_route=%2Fwp%2Fv2%2Fmedia&parent=4266"}],"wp:term":[{"taxonomy":"category","embeddable":true,"href":"https:\/\/socepel.com.br\/index.php?rest_route=%2Fwp%2Fv2%2Fcategories&post=4266"},{"taxonomy":"post_tag","embeddable":true,"href":"https:\/\/socepel.com.br\/index.php?rest_route=%2Fwp%2Fv2%2Ftags&post=4266"}],"curies":[{"name":"wp","href":"https:\/\/api.w.org\/{rel}","templated":true}]}}