{"id":4262,"date":"2017-12-21T23:57:07","date_gmt":"2017-12-21T23:57:07","guid":{"rendered":"http:\/\/www.socepel.com.br\/wpress\/?p=4262"},"modified":"2017-12-23T00:03:24","modified_gmt":"2017-12-23T00:03:24","slug":"prefeitura-cria-servico-para-pessoas-surdas","status":"publish","type":"post","link":"https:\/\/socepel.com.br\/?p=4262","title":{"rendered":"Prefeitura cria servi\u00e7o para pessoas surdas"},"content":{"rendered":"<p style=\"text-align: justify;\"><span style=\"color: #000000;\">Por determina\u00e7\u00e3o do prefeito Telmo Kirst, a partir da pr\u00f3xima quinta-feira, dia 21, a Central de Atendimento ao Cidad\u00e3o (Caci), passar\u00e1 a contar com uma int\u00e9rprete de Libras para atender as demandas de surdos e demais pessoas com defici\u00eancia auditiva. Com a medida, que ainda ser\u00e1 regulamentada em decreto, Santa Cruz do Sul torna-se refer\u00eancia em acessibilidade no Estado pela disponibiliza\u00e7\u00e3o do servi\u00e7o. De acordo com o IBGE (Censo 2010), Santa Cruz do Sul possui 1376 pessoas com surdez e grande perda auditiva.\u00a0<\/span><\/p>\n<p style=\"text-align: justify;\"><span style=\"color: #000000;\">\u00a0No Rio Grande do Sul o recurso da tradu\u00e7\u00e3o simult\u00e2nea \u00e9 oferecido tamb\u00e9m pelas prefeituras de Alvorada, Horizontina e Parob\u00e9. J\u00e1 no Brasil o servi\u00e7o est\u00e1 dispon\u00edvel em apenas 32 prefeituras, entre os mais de cinco mil munic\u00edpios existentes. \u201cTodo cidad\u00e3o precisa ter acesso aos servi\u00e7os b\u00e1sicos, esse \u00e9 um direito que precisa ser respeitado. Ao ofertar mais este canal de comunica\u00e7\u00e3o, proporcionando acessibilidade a quem precisa, a Prefeitura n\u00e3o somente cumpre uma obriga\u00e7\u00e3o legal, como atende a uma antiga reivindica\u00e7\u00e3o de uma significativa parcela da sociedade santa-cruzense\u201d, disse o secret\u00e1rio municipal de Comunica\u00e7\u00e3o, R\u00e9gis de Oliveira J\u00fanior.<\/span><\/p>\n<p style=\"text-align: justify;\"><span style=\"color: #000000;\">Ser\u00e3o prestados dois tipos de atendimento, um no modo presencial e outro no virtual. No primeiro ser\u00e1 necess\u00e1rio efetuar agendamento pr\u00e9vio por meio do WhatsApp, telefone, e-mail ou diretamente no Palacinho da Pra\u00e7a da Bandeira, no hor\u00e1rio das 7h45 \u00e0s 11h45 e das 13h30 \u00e0s 17h30, exceto enquanto vigorar o turno \u00fanico, cujo hor\u00e1rio \u00e9 das 8h \u00e0s 14h.O profissional poder\u00e1 acompanhar o usu\u00e1rio para a solu\u00e7\u00e3o de demandas em \u00f3rg\u00e3os p\u00fablicos da Administra\u00e7\u00e3o Municipal, como escolas, postos de sa\u00fade e equipamentos de assist\u00eancia social, al\u00e9m de hospitais, delegacias, f\u00f3rum, cart\u00f3rios, entrevistas de emprego, confec\u00e7\u00e3o de Cart\u00e3o SUS, entre outros.\u00a0<\/span><\/p>\n<p style=\"text-align: justify;\"><span style=\"color: #000000;\">A prioridade de atendimento, como explica o secret\u00e1rio ser\u00e1 para os casos mais urgentes, como por exemplo aqueles em que haja risco de morte para o cidad\u00e3o. J\u00e1 os pedidos para acompanhamento em cursos e provas de habilita\u00e7\u00e3o para expedi\u00e7\u00e3o de carteira de motorista n\u00e3o ser\u00e3o aceitos, uma vez que h\u00e1 necessidade de muito tempo para a realiza\u00e7\u00e3o dessas atividades e o Munic\u00edpio conta com apenas um profissional no quadro de servidores.\u00a0<\/span><\/p>\n<p style=\"text-align: justify;\"><span style=\"color: #000000;\">O modo virtual dever\u00e1 ser implantado no decorrer de 2018 para atendimento \u00e0 dist\u00e2ncia. Para isso a Secom far\u00e1 a aquisi\u00e7\u00e3o de um aplicativo para smartphone, tablet ou computador. Por meio dessa tecnologia o cidad\u00e3o poder\u00e1 apresentar suas d\u00favidas utilizando a Libras e o aplicativo far\u00e1 a tradu\u00e7\u00e3o em l\u00edngua portuguesa. J\u00e1 a resposta do funcion\u00e1rio \u00e9 traduzida da l\u00edngua portuguesa para Libras.\u00a0<\/span><\/p>\n<p style=\"text-align: justify;\"><span style=\"color: #000000;\">Com a disponibiliza\u00e7\u00e3o do servi\u00e7o junto a Caci, eventos do governo municipal tamb\u00e9m ter\u00e3o tradu\u00e7\u00e3o simult\u00e2nea, mediante solicita\u00e7\u00f5es da comunidade. E no pr\u00f3ximo ano, a produ\u00e7\u00e3o audiovisual da Secom ter\u00e1 o recurso na tela a disposi\u00e7\u00e3o dos espectadores.\u00a0<\/span><\/p>\n<p style=\"text-align: justify;\"><span style=\"color: #000000;\">Outro avan\u00e7o no atendimento a surdos e deficientes auditivos ser\u00e1 percebido tamb\u00e9m a partir da capacita\u00e7\u00e3o de agentes administrativos para o primeiro acolhimento nos \u00f3rg\u00e3os p\u00fablicos municipais. Em 2018 eles receber\u00e3o aulas de Libras, em n\u00edvel b\u00e1sico.\u00a0<\/span><\/p>\n<p style=\"text-align: justify;\"><span style=\"color: #000000;\">Acessibilidade &#8211; Santa Cruz do Sul registrou in\u00fameros avan\u00e7os no campo da acessibilidade e inclus\u00e3o. Dentre as melhorias destacam-se a constru\u00e7\u00e3o de mais de 400 rampas no Centro e bairros para cadeirantes e pessoas com dificuldades de locomo\u00e7\u00e3o, avan\u00e7os de cal\u00e7ada encurtando a travessia para pedestres nas ruas de intenso fluxo, implanta\u00e7\u00e3o de piso t\u00e1til nos passeios p\u00fablicos e instala\u00e7\u00e3o de sem\u00e1foro com sinal sonoro para pessoas com defici\u00eancia visual.<\/span><\/p>\n<p><span style=\"color: #000000;\"><a href=\"http:\/\/www.socepel.com.br\/wpress\/?attachment_id=4263\" rel=\"attachment wp-att-4263\"><img loading=\"lazy\" decoding=\"async\" class=\"aligncenter size-full wp-image-4263\" src=\"http:\/\/www.socepel.com.br\/wpress\/wp-content\/uploads\/2017\/12\/Noticia_20171221-2_Imagem.jpg\" alt=\"\" width=\"600\" height=\"399\" srcset=\"https:\/\/socepel.com.br\/wp-content\/uploads\/2017\/12\/Noticia_20171221-2_Imagem.jpg 600w, https:\/\/socepel.com.br\/wp-content\/uploads\/2017\/12\/Noticia_20171221-2_Imagem-300x200.jpg 300w\" sizes=\"auto, (max-width: 600px) 100vw, 600px\" \/><\/a>Fonte<a href=\"http:\/\/:http:\/\/www.santacruz.rs.gov.br\/noticias\/2971\/prefeitura-cria-servico-para-pessoas-surdas\" target=\"_blank\" rel=\"noopener\">http:\/\/www.santacruz.rs.gov.br\/noticias\/<\/a><\/span><\/p>\n","protected":false},"excerpt":{"rendered":"<p>Por determina\u00e7\u00e3o do prefeito Telmo Kirst, a partir da pr\u00f3xima quinta-feira, dia 21, a Central de Atendimento ao Cidad\u00e3o (Caci), passar\u00e1 a contar com uma int\u00e9rprete de Libras para atender as demandas de surdos e demais pessoas com defici\u00eancia auditiva. Com a medida, que ainda ser\u00e1 regulamentada em decreto, Santa Cruz do Sul torna-se refer\u00eancia [&hellip;]<\/p>\n","protected":false},"author":4,"featured_media":0,"comment_status":"open","ping_status":"open","sticky":false,"template":"","format":"standard","meta":{"footnotes":""},"categories":[28,35,43,52],"tags":[],"class_list":["post-4262","post","type-post","status-publish","format-standard","hentry","category-geral","category-libras","category-noticia","category-surdez"],"_links":{"self":[{"href":"https:\/\/socepel.com.br\/index.php?rest_route=\/wp\/v2\/posts\/4262","targetHints":{"allow":["GET"]}}],"collection":[{"href":"https:\/\/socepel.com.br\/index.php?rest_route=\/wp\/v2\/posts"}],"about":[{"href":"https:\/\/socepel.com.br\/index.php?rest_route=\/wp\/v2\/types\/post"}],"author":[{"embeddable":true,"href":"https:\/\/socepel.com.br\/index.php?rest_route=\/wp\/v2\/users\/4"}],"replies":[{"embeddable":true,"href":"https:\/\/socepel.com.br\/index.php?rest_route=%2Fwp%2Fv2%2Fcomments&post=4262"}],"version-history":[{"count":1,"href":"https:\/\/socepel.com.br\/index.php?rest_route=\/wp\/v2\/posts\/4262\/revisions"}],"predecessor-version":[{"id":4264,"href":"https:\/\/socepel.com.br\/index.php?rest_route=\/wp\/v2\/posts\/4262\/revisions\/4264"}],"wp:attachment":[{"href":"https:\/\/socepel.com.br\/index.php?rest_route=%2Fwp%2Fv2%2Fmedia&parent=4262"}],"wp:term":[{"taxonomy":"category","embeddable":true,"href":"https:\/\/socepel.com.br\/index.php?rest_route=%2Fwp%2Fv2%2Fcategories&post=4262"},{"taxonomy":"post_tag","embeddable":true,"href":"https:\/\/socepel.com.br\/index.php?rest_route=%2Fwp%2Fv2%2Ftags&post=4262"}],"curies":[{"name":"wp","href":"https:\/\/api.w.org\/{rel}","templated":true}]}}