{"id":4259,"date":"2017-12-21T23:36:15","date_gmt":"2017-12-21T23:36:15","guid":{"rendered":"http:\/\/www.socepel.com.br\/wpress\/?p=4259"},"modified":"2017-12-22T23:47:40","modified_gmt":"2017-12-22T23:47:40","slug":"cadeirantes-entram-com-acao-civil-publica-contra-prefeitura-de-sao-gabriel-da-palha","status":"publish","type":"post","link":"https:\/\/socepel.com.br\/?p=4259","title":{"rendered":"Cadeirantes entram com a\u00e7\u00e3o civil p\u00fablica contra Prefeitura de S\u00e3o Gabriel da Palha"},"content":{"rendered":"<p style=\"text-align: justify;\"><span style=\"color: #000000;\">A total falta de acessibilidade na Rodovi\u00e1ria de S\u00e3o Gabriel da Palha, noroeste do Estado, motivou a Associa\u00e7\u00e3o de Pais e Amigos dos Surdos e Outras Defici\u00eancias (Apasod) a entrar com uma A\u00e7\u00e3o Civil P\u00fablica contra a Prefeitura, que administra o local, no valor de R$ 1 milh\u00e3o, referente aos dez anos de descumprimento da legisla\u00e7\u00e3o federal.<\/span><\/p>\n<p><span style=\"color: #ff0000;\">Leia tamb\u00e9m<\/span><\/p>\n<ul>\n<li><span style=\"color: #ff0000;\"><a href=\"http:\/\/seculodiario.com.br\/36962\/13\/cadeirantes-conseguem-liminar-contra-prefeitura-de-nova-venecia\">Justi\u00e7a obriga Prefeitura de Nova Ven\u00e9cia a garantir acessibilidade em sua sede<\/a><\/span><\/li>\n<\/ul>\n<p style=\"text-align: justify;\"><span style=\"color: #000000;\">Na a\u00e7\u00e3o, a Apasod afirma que a Rodovi\u00e1ria \u00e9 \u201cum monumento \u00e0 ofensa dos direitos da pessoa com defici\u00eancia\u201d e que \u201co comportamento do munic\u00edpio\u201d \u00e9 \u201cgerador de um ineg\u00e1vel sentimento generalizado, na coletividade de consumidores do Esp\u00edrito Santo (mormente desta municipalidade), de desrespeito, desconsidera\u00e7\u00e3o, aviltamento, ressentimento pela pr\u00e1tica desleal e pela situa\u00e7\u00e3o vexat\u00f3ria e perigosa de que \u00e9 v\u00edtima, em decorr\u00eancia da exposi\u00e7\u00e3o a um ambiente de risco \u00e0s pessoas com defici\u00eancia\u201d.<\/span><\/p>\n<p style=\"text-align: justify;\"><span style=\"color: #000000;\"><a href=\"http:\/\/www.socepel.com.br\/wpress\/?attachment_id=4260\" rel=\"attachment wp-att-4260\"><img loading=\"lazy\" decoding=\"async\" class=\"aligncenter size-full wp-image-4260\" src=\"http:\/\/www.socepel.com.br\/wpress\/wp-content\/uploads\/2017\/12\/Noticia_20171221-1_Imagem.jpg\" alt=\"\" width=\"600\" height=\"337\" srcset=\"https:\/\/socepel.com.br\/wp-content\/uploads\/2017\/12\/Noticia_20171221-1_Imagem.jpg 600w, https:\/\/socepel.com.br\/wp-content\/uploads\/2017\/12\/Noticia_20171221-1_Imagem-300x170.jpg 300w, https:\/\/socepel.com.br\/wp-content\/uploads\/2017\/12\/Noticia_20171221-1_Imagem-70x40.jpg 70w\" sizes=\"auto, (max-width: 600px) 100vw, 600px\" \/><\/a>A primeira solicita\u00e7\u00e3o \u00e9 pela suspens\u00e3o da cobran\u00e7a por utiliza\u00e7\u00e3o dos banheiros e a oferta de um plano alternativo de funcionamento dos servi\u00e7os e acesso geral, ambas dentro de no m\u00e1ximo de trinta dias.<\/span><\/p>\n<p><span style=\"color: #000000;\"> Em caso de descumprimento, \u00e9 proposta aplica\u00e7\u00e3o de multa di\u00e1ria de R$ 10 mil e, passados os trinta diais iniciais, a penaliza\u00e7\u00e3o \u00e9 individualizada na prefeita C\u00e9ia Ferreira (SD) e no secret\u00e1rio municipal de transportes (ou equivalente), no valor di\u00e1rio de R$ 5 mil para cada um. Caso a neglig\u00eancia ultrapasse o prazo de noventa dias, que seja nomeado um interventor (pessoa f\u00edsica ou jur\u00eddica) para administrar a Rodovi\u00e1ria.<\/span><\/p>\n<p><span style=\"color: #000000;\"> Outras solicita\u00e7\u00f5es s\u00e3o a apresenta\u00e7\u00e3o de um Plano de Adequa\u00e7\u00e3o das Instala\u00e7\u00f5es f\u00edsicas, bem como sua implementa\u00e7\u00e3o, e a condena\u00e7\u00e3o ao pagamento de indeniza\u00e7\u00e3o a t\u00edtulo de danos morais coletivos, no montante de R$ 1 milh\u00e3o, \u201ca ser revertido para o fundo destinado \u00e0 restaura\u00e7\u00e3o da les\u00e3o e indeniza\u00e7\u00e3o das v\u00edtimas, na forma do artigo 13 da Lei 7.347\/85\u201d, sendo que esta \u00faltima define o valor da a\u00e7\u00e3o em R$ 1 milh\u00e3o.<\/span><\/p>\n<p><span style=\"color: #000000;\"> O texto da a\u00e7\u00e3o discorre detalhadamente sobre toda a legisla\u00e7\u00e3o pertinente, seja em n\u00edvel estadual e federal, mencionando as cita\u00e7\u00f5es legais aos riscos \u00e0 seguran\u00e7a das pessoas com defici\u00eancia, advindos da falta de acessibilidade que, no caso da Rodovi\u00e1ria de S\u00e3o Gabriel da Palha, s\u00e3o evidenciados em fotografias que mostram a aus\u00eancia de rampa de acesso nas cal\u00e7adas, de acesso espec\u00edfico para embarque de cadeirantes, a total falta de acessibilidade nos banheiros, \u201cdentre outras inumer\u00e1veis inadequa\u00e7\u00f5es \u00e0s normas\u201d.<\/span><\/p>\n<p><span style=\"color: #000000;\"> A peti\u00e7\u00e3o foi protocolada na \u00faltima segunda-feira (18) e aceita na ter\u00e7a (19) pelo juiz Paulo Moises de Souza Gagno, por\u00e9m, com nega\u00e7\u00e3o da liminar. Em sua decis\u00e3o, o magistrado afirma que n\u00e3o v\u00ea \u201co periculum de dano irrevers\u00edvel, quanto \u00e0 determina\u00e7\u00e3o da suspens\u00e3o da cobran\u00e7a e nem mesmo apresenta\u00e7\u00e3o de plano alternativo de funcionamento, porque, caso seja julgada procedente a a\u00e7\u00e3o, dever\u00e3o ser realizadas as adequa\u00e7\u00f5es. E mais, o funcionamento da esta\u00e7\u00e3o rodovi\u00e1ria nos termos alegados \u00e9 de longa data e, at\u00e9 o momento, n\u00e3o houve qualquer requerimento a respeito de adequa\u00e7\u00e3o do local\u201d, havendo assim, no seu entendimento, a \u201cnecessidade de oportunizar o contradit\u00f3rio\u201d.<\/span><\/p>\n<p><span style=\"color: #000000;\"> Em a\u00e7\u00e3o semelhante, tamb\u00e9m no valor de R$ 1 milh\u00e3o, impetrada pela Apasod em Nova Ven\u00e9cia, a Justi\u00e7a concedeu a liminar requerida, condenando a prefeitura a disponibilizar a acessibilidade em sua sede, em decis\u00e3o tomada no \u00faltimo dia 12<\/span><\/p>\n<p><span style=\"color: #000000;\">Fonte:<a href=\"http:\/\/seculodiario.com.br\/37032\/13\/cadeirantes-entram-com-acao-civil-publica-contra-prefeitura-de-sao-gabriel-da-palha#.WjwOMJVW_5c.whatsapp\" target=\"_blank\" rel=\"noopener\"> http:\/\/seculodiario.com.br\/37032\/13\/<\/a><\/span><\/p>\n","protected":false},"excerpt":{"rendered":"<p>A total falta de acessibilidade na Rodovi\u00e1ria de S\u00e3o Gabriel da Palha, noroeste do Estado, motivou a Associa\u00e7\u00e3o de Pais e Amigos dos Surdos e Outras Defici\u00eancias (Apasod) a entrar com uma A\u00e7\u00e3o Civil P\u00fablica contra a Prefeitura, que administra o local, no valor de R$ 1 milh\u00e3o, referente aos dez anos de descumprimento da [&hellip;]<\/p>\n","protected":false},"author":4,"featured_media":0,"comment_status":"open","ping_status":"open","sticky":false,"template":"","format":"standard","meta":{"footnotes":""},"categories":[28,32,33,43],"tags":[],"class_list":["post-4259","post","type-post","status-publish","format-standard","hentry","category-geral","category-judicial","category-legislacao","category-noticia"],"_links":{"self":[{"href":"https:\/\/socepel.com.br\/index.php?rest_route=\/wp\/v2\/posts\/4259","targetHints":{"allow":["GET"]}}],"collection":[{"href":"https:\/\/socepel.com.br\/index.php?rest_route=\/wp\/v2\/posts"}],"about":[{"href":"https:\/\/socepel.com.br\/index.php?rest_route=\/wp\/v2\/types\/post"}],"author":[{"embeddable":true,"href":"https:\/\/socepel.com.br\/index.php?rest_route=\/wp\/v2\/users\/4"}],"replies":[{"embeddable":true,"href":"https:\/\/socepel.com.br\/index.php?rest_route=%2Fwp%2Fv2%2Fcomments&post=4259"}],"version-history":[{"count":1,"href":"https:\/\/socepel.com.br\/index.php?rest_route=\/wp\/v2\/posts\/4259\/revisions"}],"predecessor-version":[{"id":4261,"href":"https:\/\/socepel.com.br\/index.php?rest_route=\/wp\/v2\/posts\/4259\/revisions\/4261"}],"wp:attachment":[{"href":"https:\/\/socepel.com.br\/index.php?rest_route=%2Fwp%2Fv2%2Fmedia&parent=4259"}],"wp:term":[{"taxonomy":"category","embeddable":true,"href":"https:\/\/socepel.com.br\/index.php?rest_route=%2Fwp%2Fv2%2Fcategories&post=4259"},{"taxonomy":"post_tag","embeddable":true,"href":"https:\/\/socepel.com.br\/index.php?rest_route=%2Fwp%2Fv2%2Ftags&post=4259"}],"curies":[{"name":"wp","href":"https:\/\/api.w.org\/{rel}","templated":true}]}}