{"id":4253,"date":"2017-12-20T22:36:03","date_gmt":"2017-12-20T22:36:03","guid":{"rendered":"http:\/\/www.socepel.com.br\/wpress\/?p=4253"},"modified":"2017-12-20T22:36:03","modified_gmt":"2017-12-20T22:36:03","slug":"hospitais-e-unidades-de-saude-deverao-disponibilizar-atendente-com-influencia-em-libras","status":"publish","type":"post","link":"https:\/\/socepel.com.br\/?p=4253","title":{"rendered":"Hospitais e Unidades de Sa\u00fade dever\u00e3o disponibilizar atendente com influ\u00eancia em Libras"},"content":{"rendered":"<p style=\"text-align: justify;\"><span style=\"color: #000000;\"><a href=\"http:\/\/www.socepel.com.br\/wpress\/?attachment_id=4254\" rel=\"attachment wp-att-4254\"><img loading=\"lazy\" decoding=\"async\" class=\"alignleft size-full wp-image-4254\" src=\"http:\/\/www.socepel.com.br\/wpress\/wp-content\/uploads\/2017\/12\/Noticia_20171220-1_Imagem.jpg\" alt=\"\" width=\"300\" height=\"199\" \/><\/a>Hospitais e\u00a0<em>unidades de pronto atendimento (UPAS 24 Horas),<\/em>\u00a0localizados no munic\u00edpio de Crici\u00fama, dever\u00e3o disponibilizar, em suas instala\u00e7\u00f5es, atendente com flu\u00eancia na L\u00edngua Brasileira de Sinais \u2013 Libras, para aux\u00edlio aos deficientes auditivos ou indiv\u00edduos com dificuldade de fala.<em>\u00a0<\/em>O projeto PL 163\/17 de autoria do vereador Pastor Jair Alexandre (PSC) entrou em discuss\u00e3o na sess\u00e3o de hoje (27\/11), e teve parecer de ilegalidade pela Comiss\u00e3o de Constitui\u00e7\u00e3o, Justi\u00e7a e Reda\u00e7\u00e3o. O parecer foi derrubado e o projeto aprovado por unanimidade.<\/span><\/p>\n<p style=\"text-align: justify;\"><span style=\"color: #000000;\"><em>Conforme a mat\u00e9ria o<\/em>s hospitais ficam obrigados a orientar seus m\u00e9dicos, enfermeiras e funcion\u00e1rios a respeito das necessidades e limita\u00e7\u00f5es na comunica\u00e7\u00e3o de pessoas com defici\u00eancia auditiva, devendo fazer constar essa informa\u00e7\u00e3o no prontu\u00e1rio do paciente; identificar o atendimento especial em Libras com o s\u00edmbolo internacional da surdez nas depend\u00eancias do hospital, disponibilizar um int\u00e9rprete em Libras para atendimento especial a esse p\u00fablico, nas interna\u00e7\u00f5es e atendimentos de emerg\u00eancia.<\/span><\/p>\n<p style=\"text-align: justify;\"><span style=\"color: #000000;\">O vereador enfatizou que a Lei Federal 10.436\/2002, que disp\u00f5e sobre Libras, estabelece em seu artigo 3\u00ba que as institui\u00e7\u00f5es p\u00fablicas e empresas concession\u00e1rias de servi\u00e7os p\u00fablicos de sa\u00fade devem garantir atendimento e tratamento adequado aos deficientes auditivos. Por\u00e9m, esse servi\u00e7o nunca foi implementado no Munic\u00edpio. \u201cNo caso dos hospitais, a comunica\u00e7\u00e3o \u00e9 o instrumento b\u00e1sico num atendimento de sa\u00fade. A falta dela, entre profissionais e pacientes usu\u00e1rios da L\u00edngua Brasileira de Sinais, \u00e9 problema grave, que pode interferir no diagn\u00f3stico e no processo de recupera\u00e7\u00e3o. A Lei Federal 8.080\/90, que instituiu o SUS, aponta que \u00e9 dever do Estado estabelecer condi\u00e7\u00f5es que assegurem o acesso universal e igualit\u00e1rio \u00e0s a\u00e7\u00f5es e servi\u00e7os de promo\u00e7\u00e3o, prote\u00e7\u00e3o e recupera\u00e7\u00e3o da sa\u00fade\u201d, disse o vereador.<\/span><\/p>\n<p style=\"text-align: justify;\"><span style=\"color: #000000;\">Ele mencionou ainda que o curso para int\u00e9rprete j\u00e1 est\u00e1 sendo disponibilizado aos mun\u00edcipes pela secretaria da Educa\u00e7\u00e3o de Crici\u00fama, facilitando a atualiza\u00e7\u00e3o dos profissionais que trabalham na \u00e1rea. \u201cEsses setores ser\u00e3o mais humanizados, levando cidadania a esses indiv\u00edduos. \u00c9 necess\u00e1rio o atendimento especial ao deficiente auditivo, um cidad\u00e3o com os mesmos direitos e garantias individuais que qualquer outro brasileiro\u201d, comentou o vereador.<\/span><\/p>\n<p>\u00a0<a href=\"http:\/\/www.camaracriciuma.sc.gov.br\/documento\/projeto-pl-no-163-2017-28370\">http:\/\/www.camaracriciuma.sc.gov.br\/documento\/projeto-pl-no-163-2017-28370<\/a><\/p>\n<p>Fonte: <a href=\"http:\/\/www.camaracriciuma.sc.gov.br\/noticia\/hospitais-e-unidades-de-saude-deverao-disponibilizar-atendente-com-influencia-em-libras-4574\">http:\/\/www.camaracriciuma.sc.gov.br\/<\/a><\/p>\n","protected":false},"excerpt":{"rendered":"<p>Hospitais e\u00a0unidades de pronto atendimento (UPAS 24 Horas),\u00a0localizados no munic\u00edpio de Crici\u00fama, dever\u00e3o disponibilizar, em suas instala\u00e7\u00f5es, atendente com flu\u00eancia na L\u00edngua Brasileira de Sinais \u2013 Libras, para aux\u00edlio aos deficientes auditivos ou indiv\u00edduos com dificuldade de fala.\u00a0O projeto PL 163\/17 de autoria do vereador Pastor Jair Alexandre (PSC) entrou em discuss\u00e3o na sess\u00e3o de [&hellip;]<\/p>\n","protected":false},"author":4,"featured_media":0,"comment_status":"open","ping_status":"open","sticky":false,"template":"","format":"standard","meta":{"footnotes":""},"categories":[28,33,35,43],"tags":[],"class_list":["post-4253","post","type-post","status-publish","format-standard","hentry","category-geral","category-legislacao","category-libras","category-noticia"],"_links":{"self":[{"href":"https:\/\/socepel.com.br\/index.php?rest_route=\/wp\/v2\/posts\/4253","targetHints":{"allow":["GET"]}}],"collection":[{"href":"https:\/\/socepel.com.br\/index.php?rest_route=\/wp\/v2\/posts"}],"about":[{"href":"https:\/\/socepel.com.br\/index.php?rest_route=\/wp\/v2\/types\/post"}],"author":[{"embeddable":true,"href":"https:\/\/socepel.com.br\/index.php?rest_route=\/wp\/v2\/users\/4"}],"replies":[{"embeddable":true,"href":"https:\/\/socepel.com.br\/index.php?rest_route=%2Fwp%2Fv2%2Fcomments&post=4253"}],"version-history":[{"count":1,"href":"https:\/\/socepel.com.br\/index.php?rest_route=\/wp\/v2\/posts\/4253\/revisions"}],"predecessor-version":[{"id":4255,"href":"https:\/\/socepel.com.br\/index.php?rest_route=\/wp\/v2\/posts\/4253\/revisions\/4255"}],"wp:attachment":[{"href":"https:\/\/socepel.com.br\/index.php?rest_route=%2Fwp%2Fv2%2Fmedia&parent=4253"}],"wp:term":[{"taxonomy":"category","embeddable":true,"href":"https:\/\/socepel.com.br\/index.php?rest_route=%2Fwp%2Fv2%2Fcategories&post=4253"},{"taxonomy":"post_tag","embeddable":true,"href":"https:\/\/socepel.com.br\/index.php?rest_route=%2Fwp%2Fv2%2Ftags&post=4253"}],"curies":[{"name":"wp","href":"https:\/\/api.w.org\/{rel}","templated":true}]}}