{"id":4248,"date":"2017-12-19T13:24:04","date_gmt":"2017-12-19T13:24:04","guid":{"rendered":"http:\/\/www.socepel.com.br\/wpress\/?p=4248"},"modified":"2017-12-20T13:30:18","modified_gmt":"2017-12-20T13:30:18","slug":"pronatec-capacita-profissionais-com-sindrome-de-down-pela-primeira-vez-no-brasil","status":"publish","type":"post","link":"https:\/\/socepel.com.br\/?p=4248","title":{"rendered":"Pronatec capacita profissionais com s\u00edndrome de Down pela primeira vez no Brasil"},"content":{"rendered":"<p><span style=\"color: #000000;\">Governo do Estado, por meio da Sedectes, \u00e9 parceiro na realiza\u00e7\u00e3o da formatura, que ocorre na pr\u00f3xima quinta-feira (21\/12), em Pedro Leopoldo, no Territ\u00f3rio Metropolitano<\/span><\/p>\n<p style=\"text-align: center;\"><strong><a href=\"http:\/\/www.socepel.com.br\/wpress\/?attachment_id=4249\" rel=\"attachment wp-att-4249\"><img loading=\"lazy\" decoding=\"async\" class=\"size-full wp-image-4249 alignnone\" src=\"http:\/\/www.socepel.com.br\/wpress\/wp-content\/uploads\/2017\/12\/Noticia_20171219-2_Imagem.jpg\" alt=\"\" width=\"600\" height=\"411\" srcset=\"https:\/\/socepel.com.br\/wp-content\/uploads\/2017\/12\/Noticia_20171219-2_Imagem.jpg 600w, https:\/\/socepel.com.br\/wp-content\/uploads\/2017\/12\/Noticia_20171219-2_Imagem-300x206.jpg 300w, https:\/\/socepel.com.br\/wp-content\/uploads\/2017\/12\/Noticia_20171219-2_Imagem-190x130.jpg 190w\" sizes=\"auto, (max-width: 600px) 100vw, 600px\" \/><\/a>O\u00a0<\/strong><a href=\"http:\/\/www.mg.gov.br\/\"><strong>Governo de Minas Gerais<\/strong><\/a><strong>, <span style=\"color: #000000;\">por meio d<\/span>a\u00a0<\/strong><a href=\"http:\/\/www.tecnologia.mg.gov.br\/\"><strong>Secretaria de Desenvolvimento Econ\u00f4mico, Ci\u00eancia, Tecnologia e Ensino Superior (Sedectes)<\/strong><\/a><strong>, <span style=\"color: #000000;\">em parceria com a Prefeitura Municipal de Pedro Leopoldo, realizar\u00e1, na pr\u00f3xima quinta-feira (21\/12)\u00a0a formatura de alunos com s\u00edndrome de Down\u00a0que conclu\u00edram o curso de capacita\u00e7\u00e3o profissional ofertado pelo Programa Nacional de Acesso ao Ensino T\u00e9cnico e Emprego (Pronatec).<\/span><\/strong><\/p>\n<p><span style=\"color: #000000;\"> Pela primeira vez no Brasil, o ensino profissionalizante ofertado pelo Pronatec teve como p\u00fablico pessoas com defici\u00eancia intelectual. Ao todo, foram oferecidas 25 vagas para o curso de recepcionista de eventos. Nos encontros eles puderam aprender a linguagem e comunica\u00e7\u00e3o aplicada aos recepcionistas de eventos, postura profissional, cerimonial, protocolo, rela\u00e7\u00f5es interpessoais, marketing pessoal e a tipologia dos eventos.<\/span><\/p>\n<p><span style=\"color: #000000;\"> Segundo o secret\u00e1rio Miguel Corr\u00eaa, a Sedectes atua em diferentes formas de incentivo ao mercado de trabalho, por meio de\u00a0projetos de inova\u00e7\u00e3o e empreendedorismo. \u201cNossa meta \u00e9 contribuir na capacita\u00e7\u00e3o nas mais diversas formas, buscando uma sociedade mais justa e igualit\u00e1ria\u201d, destaca\u00a0o secret\u00e1rio.<\/span><\/p>\n<p><span style=\"color: #000000;\"> Segundo a coordenadora geral do Pronatec Sedectes, Cristiane Saldanha, o curso de recepcionista de eventos, teve como proposta promover a qualifica\u00e7\u00e3o e capacita\u00e7\u00e3o profissional da pessoa com s\u00edndrome de Down, oportunizando uma melhor empregabilidade.<\/span><\/p>\n<p><span style=\"color: #000000;\"> \u201cNaturalmente, a habilita\u00e7\u00e3o profissional impactar\u00e1 na qualidade de vida desses futuros profissionais, estimulando o desenvolvimento individual e da sociedade em que est\u00e1 inserido. Desta forma, as empresas tamb\u00e9m inseridas nesse mercado far\u00e3o a diferen\u00e7a, contribuindo para uma sociedade mais inclusiva\u201d, ressalta.<\/span><\/p>\n<p><span style=\"color: #000000;\"> De acordo com o prefeito de Pedro Leopoldo, Cristiano Mari\u00e3o, o munic\u00edpio se orgulha em ser a primeira cidade contemplada\u00a0com o Pronatec Especial, voltado para pessoas com s\u00edndrome de Down.<\/span><\/p>\n<p><span style=\"color: #000000;\"> \u201cPensar na profissionaliza\u00e7\u00e3o e gera\u00e7\u00e3o de oportunidades para este p\u00fablico \u00e9 algo muito importante, pois ele tem muitas potencialidades. Tenho certeza que estes jovens saem do curso mais capazes, mais motivados e com a autoestima elevada. Eles s\u00e3o capazes e certamente v\u00e3o se destacar no mercado de trabalho, afirma.\u00a0<\/span><\/p>\n<p><span style=\"color: #000000;\"> <u>Servi\u00e7o<\/u>:<\/span><\/p>\n<p><span style=\"color: #000000;\"> Formatura Pronatec Sedectes<\/span><br \/>\n<span style=\"color: #000000;\"> Data:\u00a021\/12\/2017 (quinta-feira)<\/span><br \/>\n<span style=\"color: #000000;\"> Hor\u00e1rio:\u00a018h30<\/span><br \/>\n<span style=\"color: #000000;\"> Local:\u00a0Lanagro (Avenida R\u00f4mulo Joviano, s\/n &#8211; Santo Ant\u00f4nio &#8211; Pedro Leopoldo\/MG)<\/span><\/p>\n<p><span style=\"color: #000000;\"><strong><u>Outras informa\u00e7\u00f5es<\/u>:<br \/>\nComunica\u00e7\u00e3o Pronatec Sedectes<br \/>\n(31) 3915-5030 \/ (31) 3915-5364 \/ (31) 3915-5037<\/strong><\/span><\/p>\n<p><span style=\"color: #000000;\"><strong>Fonte:<\/strong> <a href=\"http:\/\/www.agenciaminas.mg.gov.br\/noticia\/\" target=\"_blank\" rel=\"noopener\"><strong>http:\/\/www.agenciaminas.mg.gov.br\/noticia\/pronatec-capacita-profissionais-com-sindrome-de-down-pela-primeira-vez-no-brasil<\/strong><\/a><\/span><\/p>\n","protected":false},"excerpt":{"rendered":"<p>Governo do Estado, por meio da Sedectes, \u00e9 parceiro na realiza\u00e7\u00e3o da formatura, que ocorre na pr\u00f3xima quinta-feira (21\/12), em Pedro Leopoldo, no Territ\u00f3rio Metropolitano O\u00a0Governo de Minas Gerais, por meio da\u00a0Secretaria de Desenvolvimento Econ\u00f4mico, Ci\u00eancia, Tecnologia e Ensino Superior (Sedectes), em parceria com a Prefeitura Municipal de Pedro Leopoldo, realizar\u00e1, na pr\u00f3xima quinta-feira (21\/12)\u00a0a [&hellip;]<\/p>\n","protected":false},"author":4,"featured_media":0,"comment_status":"open","ping_status":"open","sticky":false,"template":"","format":"standard","meta":{"footnotes":""},"categories":[18,28,43],"tags":[],"class_list":["post-4248","post","type-post","status-publish","format-standard","hentry","category-down","category-geral","category-noticia"],"_links":{"self":[{"href":"https:\/\/socepel.com.br\/index.php?rest_route=\/wp\/v2\/posts\/4248","targetHints":{"allow":["GET"]}}],"collection":[{"href":"https:\/\/socepel.com.br\/index.php?rest_route=\/wp\/v2\/posts"}],"about":[{"href":"https:\/\/socepel.com.br\/index.php?rest_route=\/wp\/v2\/types\/post"}],"author":[{"embeddable":true,"href":"https:\/\/socepel.com.br\/index.php?rest_route=\/wp\/v2\/users\/4"}],"replies":[{"embeddable":true,"href":"https:\/\/socepel.com.br\/index.php?rest_route=%2Fwp%2Fv2%2Fcomments&post=4248"}],"version-history":[{"count":3,"href":"https:\/\/socepel.com.br\/index.php?rest_route=\/wp\/v2\/posts\/4248\/revisions"}],"predecessor-version":[{"id":4252,"href":"https:\/\/socepel.com.br\/index.php?rest_route=\/wp\/v2\/posts\/4248\/revisions\/4252"}],"wp:attachment":[{"href":"https:\/\/socepel.com.br\/index.php?rest_route=%2Fwp%2Fv2%2Fmedia&parent=4248"}],"wp:term":[{"taxonomy":"category","embeddable":true,"href":"https:\/\/socepel.com.br\/index.php?rest_route=%2Fwp%2Fv2%2Fcategories&post=4248"},{"taxonomy":"post_tag","embeddable":true,"href":"https:\/\/socepel.com.br\/index.php?rest_route=%2Fwp%2Fv2%2Ftags&post=4248"}],"curies":[{"name":"wp","href":"https:\/\/api.w.org\/{rel}","templated":true}]}}