{"id":4242,"date":"2017-12-17T15:01:06","date_gmt":"2017-12-17T15:01:06","guid":{"rendered":"http:\/\/www.socepel.com.br\/wpress\/?p=4242"},"modified":"2017-12-18T15:03:17","modified_gmt":"2017-12-18T15:03:17","slug":"justica-obriga-prefeitura-de-nova-venecia-a-garantir-acessibilidade-em-sua-sede","status":"publish","type":"post","link":"https:\/\/socepel.com.br\/?p=4242","title":{"rendered":"Justi\u00e7a obriga Prefeitura de Nova Ven\u00e9cia a garantir acessibilidade em sua sede"},"content":{"rendered":"<p style=\"text-align: justify;\"><span style=\"color: #000000;\">A Associa\u00e7\u00e3o de Defesa de Pessoas com Defici\u00eancia (Apasod) conseguiu uma liminar na Justi\u00e7a que obriga a Prefeitura de Nova Ven\u00e9cia a disponibilizar a acessibilidade em sua sede. A decis\u00e3o foi tomada na \u00faltima ter\u00e7a-feira (12), dando prazo de 48 horas para o cumprimento da medida.<\/span><\/p>\n<p style=\"text-align: justify;\"><span style=\"color: #000000;\">O pleito faz parte da a\u00e7\u00e3o civil p\u00fablica n\u00ba 0006036-52.2017.8.08.0038, impetrada pela entidade, em que \u00e9 requerido ainda uma multa de R$ 1 milh\u00e3o, devido aos dez anos de descumprimento da legisla\u00e7\u00e3o federal (R$ 100 mil\/ano).<\/span><\/p>\n<p><span style=\"color: #000000;\"> Para a entidade, o Munic\u00edpio, al\u00e9m de n\u00e3o apresentar sede edificada de acordo com as disposi\u00e7\u00f5es legais, afrontou as pessoas com defici\u00eancia ao montar decora\u00e7\u00e3o de Natal obstruindo as vias especiais de acesso que o pr\u00e9dio possui, numa grotesca contradi\u00e7\u00e3o com o chamado \u201cesp\u00edrito natalino\u201d de fraternidade e amor universal.<\/span><\/p>\n<p><span style=\"color: #000000;\"> Na a\u00e7\u00e3o, a Associa\u00e7\u00e3o destaca o Decreto n\u00ba 5.296\/2004, a Lei n\u00ba 13146\/2015 (Estatuto da Pessoa com Defici\u00eancia) e a Conven\u00e7\u00e3o Internacional Sobre os Direitos das Pessoas com Defici\u00eancia, da qual o Brasil \u00e9 signat\u00e1rio, al\u00e9m de mencionar a exist\u00eancia de uma s\u00e9rie de outros dispositivos legais previstos em diplomas normativos esparsos, de \u00e2mbito municipal, estadual e federal.<\/span><\/p>\n<p><span style=\"color: #000000;\"> O Decreto citado, especificamente, estabelece prazo de dois anos para que os pr\u00e9dios de uso p\u00fablico promovam plena acessibilidade das pessoas com defici\u00eancia, tendo transcorrido, portanto, dez anos do prazo legal. A a\u00e7\u00e3o prop\u00f5e o valor de R$ 100 mil por cada ano de descumprimento, totalizando em R$ 1 milh\u00e3o o valor proposto para a condena\u00e7\u00e3o por danos morais coletivos.<\/span><\/p>\n<p><span style=\"color: #000000;\"> Destacando que acessibilidade configura \u201ccondi\u00e7\u00e3o para utiliza\u00e7\u00e3o, com seguran\u00e7a e autonomia, total ou assistida, dos espa\u00e7os, mobili\u00e1rios e equipamentos urbanos, das edifica\u00e7\u00f5es, dos servi\u00e7os de transporte e dos dispositivos, sistemas e meios de comunica\u00e7\u00e3o, informa\u00e7\u00e3o, por pessoa portadora de defici\u00eancia ou com mobilidade reduzida\u201d, a Apasod alerta que \u201ca pr\u00f3pria seguran\u00e7a das pessoas portadoras de defici\u00eancia est\u00e1 em jogo quando n\u00e3o se verifica condi\u00e7\u00f5es m\u00ednimas de acessibilidade para as situa\u00e7\u00f5es de emerg\u00eancia (inc\u00eandio, terremoto, grandes perturba\u00e7\u00f5es, cat\u00e1strofes etc.)\u201d.<\/span><\/p>\n<p><span style=\"color: #000000;\"> E lembra que \u201cas normas de acessibilidade figuram como regras jur\u00eddicas, n\u00e3o comportando a flexibiliza\u00e7\u00e3o t\u00edpica dos princ\u00edpios, de modo que precisam ser cumpridas em seu inteiro teor. Segundo a dogm\u00e1tica anal\u00edtica, s\u00e3o normas imperativas, cogentes ou injuntivas, n\u00e3o dispondo o seu destinat\u00e1rio de espa\u00e7o para escolha. Sobre sua perspectiva, as normas s\u00e3o perceptivas, pois imp\u00f5em uma obriga\u00e7\u00e3o de fazer, consubstanciada na realiza\u00e7\u00e3o de atos materiais que impliquem a total acessibilidade do espa\u00e7o p\u00fablico\u201d.\u00a0<\/span><\/p>\n<p><span style=\"color: #000000;\">Fonte: http:\/\/seculodiario.com.br\/36962\/13\/cadeirantes-conseguem-liminar-contra-prefeitura-de-nova-venecia#.WjeeTrjfBn0.whatsapp<\/span><\/p>\n","protected":false},"excerpt":{"rendered":"<p>A Associa\u00e7\u00e3o de Defesa de Pessoas com Defici\u00eancia (Apasod) conseguiu uma liminar na Justi\u00e7a que obriga a Prefeitura de Nova Ven\u00e9cia a disponibilizar a acessibilidade em sua sede. A decis\u00e3o foi tomada na \u00faltima ter\u00e7a-feira (12), dando prazo de 48 horas para o cumprimento da medida. O pleito faz parte da a\u00e7\u00e3o civil p\u00fablica n\u00ba [&hellip;]<\/p>\n","protected":false},"author":4,"featured_media":0,"comment_status":"open","ping_status":"open","sticky":false,"template":"","format":"standard","meta":{"footnotes":""},"categories":[32,43],"tags":[],"class_list":["post-4242","post","type-post","status-publish","format-standard","hentry","category-judicial","category-noticia"],"_links":{"self":[{"href":"https:\/\/socepel.com.br\/index.php?rest_route=\/wp\/v2\/posts\/4242","targetHints":{"allow":["GET"]}}],"collection":[{"href":"https:\/\/socepel.com.br\/index.php?rest_route=\/wp\/v2\/posts"}],"about":[{"href":"https:\/\/socepel.com.br\/index.php?rest_route=\/wp\/v2\/types\/post"}],"author":[{"embeddable":true,"href":"https:\/\/socepel.com.br\/index.php?rest_route=\/wp\/v2\/users\/4"}],"replies":[{"embeddable":true,"href":"https:\/\/socepel.com.br\/index.php?rest_route=%2Fwp%2Fv2%2Fcomments&post=4242"}],"version-history":[{"count":1,"href":"https:\/\/socepel.com.br\/index.php?rest_route=\/wp\/v2\/posts\/4242\/revisions"}],"predecessor-version":[{"id":4243,"href":"https:\/\/socepel.com.br\/index.php?rest_route=\/wp\/v2\/posts\/4242\/revisions\/4243"}],"wp:attachment":[{"href":"https:\/\/socepel.com.br\/index.php?rest_route=%2Fwp%2Fv2%2Fmedia&parent=4242"}],"wp:term":[{"taxonomy":"category","embeddable":true,"href":"https:\/\/socepel.com.br\/index.php?rest_route=%2Fwp%2Fv2%2Fcategories&post=4242"},{"taxonomy":"post_tag","embeddable":true,"href":"https:\/\/socepel.com.br\/index.php?rest_route=%2Fwp%2Fv2%2Ftags&post=4242"}],"curies":[{"name":"wp","href":"https:\/\/api.w.org\/{rel}","templated":true}]}}