{"id":4239,"date":"2017-11-30T23:16:43","date_gmt":"2017-11-30T23:16:43","guid":{"rendered":"http:\/\/www.socepel.com.br\/wpress\/?p=4239"},"modified":"2017-12-16T23:21:28","modified_gmt":"2017-12-16T23:21:28","slug":"camara-de-aracaju-aprova-pls-que-beneficiam-comunidade-surda","status":"publish","type":"post","link":"https:\/\/socepel.com.br\/?p=4239","title":{"rendered":"C\u00e2mara de Aracaju aprova PLs que beneficiam comunidade surda"},"content":{"rendered":"<p style=\"text-align: justify;\"><span style=\"color: #000000;\"><a href=\"http:\/\/www.socepel.com.br\/wpress\/?attachment_id=4240\" rel=\"attachment wp-att-4240\"><img loading=\"lazy\" decoding=\"async\" class=\"aligncenter size-full wp-image-4240\" src=\"http:\/\/www.socepel.com.br\/wpress\/wp-content\/uploads\/2017\/12\/Noticia_20171130-3_Imagem.jpg\" alt=\"\" width=\"600\" height=\"417\" srcset=\"https:\/\/socepel.com.br\/wp-content\/uploads\/2017\/12\/Noticia_20171130-3_Imagem.jpg 600w, https:\/\/socepel.com.br\/wp-content\/uploads\/2017\/12\/Noticia_20171130-3_Imagem-300x209.jpg 300w\" sizes=\"auto, (max-width: 600px) 100vw, 600px\" \/><\/a>Dois projetos de lei de autoria do vereador Lucas Arib\u00e9 (PSB), que beneficiam pessoas com defici\u00eancia auditiva, foram aprovados pela C\u00e2mara Municipal de Aracaju na sess\u00e3o desta quinta-feira, 14. O PL n\u00ba 203\/2017, que autoriza o poder executivo a criar a categoria de int\u00e9rprete de L\u00edngua Brasileira de Sinais no quadro permanente de servidores da Prefeitura, passou pela terceira vota\u00e7\u00e3o e segue para reda\u00e7\u00e3o final na pr\u00f3xima ter\u00e7a-feira, 19. Os parlamentares tamb\u00e9m aprovaram, em primeira vota\u00e7\u00e3o, o PL n\u00ba369\/2017, que institui a ado\u00e7\u00e3o de uma plataforma digital de videoconfer\u00eancia que promova tradu\u00e7\u00e3o simult\u00e2nea para a Libras no servi\u00e7o p\u00fablico.<\/span><\/p>\n<p style=\"text-align: justify;\"><span style=\"color: #000000;\">\u201cEstou muito feliz com a aprova\u00e7\u00e3o dos dois projetos. A presen\u00e7a do int\u00e9rprete de Libras nos \u00f3rg\u00e3os p\u00fablicos e secretarias \u00e9 fundamental para a participa\u00e7\u00e3o social da pessoa com defici\u00eancia auditiva. A prefeitura vinha fazendo processos seletivos simplificados para contrata\u00e7\u00e3o de int\u00e9rpretes, os contratos j\u00e1 tinham sido renovados e expiraram. Hoje as escolas n\u00e3o disp\u00f5em desses profissionais. Como as pessoas surdas podem estudar desta forma? Por isso pensamos na efetiva\u00e7\u00e3o de int\u00e9rpretes, por meio de concurso p\u00fablico\u201d, afirma Arib\u00e9.<\/span><\/p>\n<p style=\"text-align: justify;\"><span style=\"color: #000000;\">O vereador tamb\u00e9m ressaltou a import\u00e2ncia do PL n\u00ba369, que trata das plataformas de videoconfer\u00eancia. \u201cO objetivo \u00e9 facilitar o acesso das pessoas surdas aos diversos servi\u00e7os p\u00fablicos. Se aprovado o projeto, a Prefeitura de Aracaju ter\u00e1 que capacitar o servidor ou empregado p\u00fablico para manipular a plataforma e intermediar a comunica\u00e7\u00e3o em tempo real, sempre que um cidad\u00e3o com defici\u00eancia auditiva demandar qualquer servi\u00e7o\u201d, explica.<\/span><\/p>\n<p style=\"text-align: justify;\"><span style=\"color: #000000;\">Os PLs apresentados por Lucas t\u00eam como base jur\u00eddica a Lei Brasileira de Inclus\u00e3o (Lei Federal 13.146\/15), que em seu artigo terceiro define acessibilidade como \u201cpossibilidade e condi\u00e7\u00e3o de alcance para utiliza\u00e7\u00e3o, com seguran\u00e7a e autonomia, de espa\u00e7os, mobili\u00e1rios, equipamentos urbanos, edifica\u00e7\u00f5es, transportes, informa\u00e7\u00e3o e comunica\u00e7\u00e3o, inclusive seus sistemas e tecnologias, bem como de outros servi\u00e7os e instala\u00e7\u00f5es abertos ao p\u00fablico, de uso p\u00fablico ou privados de uso coletivo, tanto na zona urbana como na rural, por pessoa com defici\u00eancia ou com mobilidade reduzida\u201d.<\/span><\/p>\n<p style=\"text-align: justify;\"><span style=\"color: #000000;\"><strong>Avisos sonoros<\/strong><\/span><br \/>\n<span style=\"color: #000000;\"> Outro projeto de lei de Lucas Arib\u00e9, o de n\u00ba202\/2017, tamb\u00e9m foi aprovado em terceira vota\u00e7\u00e3o na C\u00e2mara. Este PL determina aos estabelecimentos que se utilizam de senhas no atendimento ao p\u00fablico que disponibilizem aviso sonoro para pessoas com defici\u00eancia visual. \u201cTal medida permitir\u00e1 a identifica\u00e7\u00e3o da senha, de modo a dinamizar esse atendimento, evitando, inclusive, que a pessoa perca o momento de ser atendida pela impossibilidade de visualizar o n\u00famero chamado no painel. A medida \u00e9 simples, mas de grande utilidade para pessoas com defici\u00eancia, que agir\u00e3o com tranquilidade e autonomia em todos os espa\u00e7os\u201d, avalia Lucas.<\/span><\/p>\n<p><span style=\"color: #000000;\">Fonte:<a href=\"http:\/\/www.clicksergipe.com.br\/politica\/4\/36901\/camara-de-aracaju-aprova-pls-que-beneficiam-comunidade-surda.html\" target=\"_blank\" rel=\"noopener\"> http:\/\/www.clicksergipe.com.br\/<\/a><\/span><\/p>\n","protected":false},"excerpt":{"rendered":"<p>Dois projetos de lei de autoria do vereador Lucas Arib\u00e9 (PSB), que beneficiam pessoas com defici\u00eancia auditiva, foram aprovados pela C\u00e2mara Municipal de Aracaju na sess\u00e3o desta quinta-feira, 14. O PL n\u00ba 203\/2017, que autoriza o poder executivo a criar a categoria de int\u00e9rprete de L\u00edngua Brasileira de Sinais no quadro permanente de servidores da [&hellip;]<\/p>\n","protected":false},"author":4,"featured_media":0,"comment_status":"open","ping_status":"open","sticky":false,"template":"","format":"standard","meta":{"footnotes":""},"categories":[28,33,35,43],"tags":[],"class_list":["post-4239","post","type-post","status-publish","format-standard","hentry","category-geral","category-legislacao","category-libras","category-noticia"],"_links":{"self":[{"href":"https:\/\/socepel.com.br\/index.php?rest_route=\/wp\/v2\/posts\/4239","targetHints":{"allow":["GET"]}}],"collection":[{"href":"https:\/\/socepel.com.br\/index.php?rest_route=\/wp\/v2\/posts"}],"about":[{"href":"https:\/\/socepel.com.br\/index.php?rest_route=\/wp\/v2\/types\/post"}],"author":[{"embeddable":true,"href":"https:\/\/socepel.com.br\/index.php?rest_route=\/wp\/v2\/users\/4"}],"replies":[{"embeddable":true,"href":"https:\/\/socepel.com.br\/index.php?rest_route=%2Fwp%2Fv2%2Fcomments&post=4239"}],"version-history":[{"count":1,"href":"https:\/\/socepel.com.br\/index.php?rest_route=\/wp\/v2\/posts\/4239\/revisions"}],"predecessor-version":[{"id":4241,"href":"https:\/\/socepel.com.br\/index.php?rest_route=\/wp\/v2\/posts\/4239\/revisions\/4241"}],"wp:attachment":[{"href":"https:\/\/socepel.com.br\/index.php?rest_route=%2Fwp%2Fv2%2Fmedia&parent=4239"}],"wp:term":[{"taxonomy":"category","embeddable":true,"href":"https:\/\/socepel.com.br\/index.php?rest_route=%2Fwp%2Fv2%2Fcategories&post=4239"},{"taxonomy":"post_tag","embeddable":true,"href":"https:\/\/socepel.com.br\/index.php?rest_route=%2Fwp%2Fv2%2Ftags&post=4239"}],"curies":[{"name":"wp","href":"https:\/\/api.w.org\/{rel}","templated":true}]}}