{"id":4237,"date":"2017-11-30T19:48:03","date_gmt":"2017-11-30T19:48:03","guid":{"rendered":"http:\/\/www.socepel.com.br\/wpress\/?p=4237"},"modified":"2017-12-16T21:46:43","modified_gmt":"2017-12-16T21:46:43","slug":"nova-lei-de-pernambuco-garante-atendimento-em-libras-e-entrada-de-cao-guia-em-agencias-bancarias","status":"publish","type":"post","link":"https:\/\/socepel.com.br\/?p=4237","title":{"rendered":"Nova Lei de Pernambuco garante atendimento em Libras e entrada de c\u00e3o-guia em ag\u00eancias banc\u00e1rias"},"content":{"rendered":"<p style=\"text-align: justify;\"><span style=\"color: #000000;\">O Di\u00e1rio Oficial do Legislativo publicou, na data de 15 de novembro, a Lei n\u00ba 16.203 de 2017, que obriga as ag\u00eancias banc\u00e1rias do Estado de Pernambuco a incumbirem-se de oferecer atendimento em L\u00edngua Brasileira de Sinais (Libras).<\/span><\/p>\n<p style=\"text-align: justify;\"><span style=\"color: #000000;\">J\u00e1 para os deficientes visuais, essa mesma lei obriga as ag\u00eancias a liberarem a entrada e a perman\u00eancia de c\u00e3es-guia no local, podendo exigir a carteira de vacina\u00e7\u00e3o atualizada.<\/span><\/p>\n<p style=\"text-align: justify;\"><span style=\"color: #000000;\">O estabelecimento ter\u00e1 que colocar cartazes em lugares vis\u00edveis contendo todas as medidas exigidas por lei. A escritas devem ser em negrito e especificar no texto o tratamento preferencial \u00e0s pessoas com defici\u00eancia, com crian\u00e7as no colo, obesos ou diagnosticadas com doen\u00e7as graves, com laudos m\u00e9dicos comprovados.<\/span><\/p>\n<p style=\"text-align: justify;\"><span style=\"color: #000000;\">O estabelecimento que n\u00e3o cumprir a lei ser\u00e1 punido. O mesmo ser\u00e1 multado em um valor de R$ 1.000,00 a R$ 5.000,00. Em caso de reincid\u00eancia, o valor cobrado poder\u00e1 ser o dobro.<\/span><\/p>\n<p style=\"text-align: justify;\"><span style=\"color: #000000;\">Surdez no Brasil<\/span><\/p>\n<p style=\"text-align: justify;\"><span style=\"color: #000000;\">De acordo com uma publica\u00e7\u00e3o de 19\/09\/17 feita pela Organiza\u00e7\u00e3o Mundial da Sa\u00fade (OMS), h\u00e1 no Brasil 28 milh\u00f5es de pessoas com surdez, n\u00famero que representa 14% da popula\u00e7\u00e3o do pa\u00eds. A OMS afirma que 10% da popula\u00e7\u00e3o mundial possui alguma perda auditiva devido \u00e0 exposi\u00e7\u00e3o excessiva a sons.<\/span><\/p>\n<p style=\"text-align: justify;\"><span style=\"color: #000000;\">A OMS alerta para o uso de fones de ouvido com volumes muito altos, j\u00e1 que os mesmos podem prejudicar a audi\u00e7\u00e3o. Segundo o professor titular de otorrinolaringologia da Faculdade de Medicina da USP, a tend\u00eancia \u00e9 aumentar o n\u00famero de pessoas com surdez no Brasil, em decorr\u00eancia de v\u00e1rios fatores.<\/span><\/p>\n<p style=\"text-align: justify;\"><span style=\"color: #000000;\">Ele declara que um desses fatores est\u00e1 relacionado \u00e0 expectativa de vida das pessoas no pa\u00eds, pois o n\u00famero de idosos no Brasil atualmente \u00e9 maior em compara\u00e7\u00e3o a dez anos atr\u00e1s. Ele afirma que dos 60 aos 65 anos, a pessoa passa a ter perdas auditivas com mais intensidade.<\/span><\/p>\n<p style=\"text-align: justify;\"><span style=\"color: #000000;\">Outro fator, explica o professor, s\u00e3o os ru\u00eddos num todo, como acontece nos locais de trabalho, como em pequenas ind\u00fastrias, mec\u00e2nicas, metal\u00fargicas e oficinas. Os danos \u00e0 audi\u00e7\u00e3o s\u00e3o maiores caso n\u00e3o se fa\u00e7a uso dos protetores auditivos, al\u00e9m da defici\u00eancia de uma fiscaliza\u00e7\u00e3o rigorosa.<\/span><\/p>\n<p style=\"text-align: justify;\"><span style=\"color: #000000;\">O otorrinolaringologista alerta para a utiliza\u00e7\u00e3o de aparelhos de som, como fones de ouvido e celulares com volume al\u00e9m do normal, pois o uso incorreto desses aparelhos pode degenerar a audi\u00e7\u00e3o.<\/span><\/p>\n<p style=\"text-align: justify;\"><span style=\"color: #000000;\">Desafios para forma\u00e7\u00e3o educacional de surdos no Brasil<\/span><\/p>\n<p style=\"text-align: justify;\"><span style=\"color: #000000;\">Esse foi o tema da reda\u00e7\u00e3o do Exame Nacional do Ensino M\u00e9dio (ENEM) deste ano. O Instituto Nacional de Estudos e Pesquisas foi o respons\u00e1vel pela divulga\u00e7\u00e3o da not\u00edcia.<\/span><\/p>\n<p style=\"text-align: justify;\"><span style=\"color: #000000;\">Segundo o ENEM, a prova em Libras se trata de um recurso a fim de ajudar na realiza\u00e7\u00e3o do exame voltado para pessoas com defici\u00eancia auditiva que passaram pela alfabetiza\u00e7\u00e3o na linguagem dos sinais, pois os mesmos possuem dificuldades para realizar as provas escritas.<\/span><\/p>\n<p style=\"text-align: justify;\"><span style=\"color: #000000;\">O Otoread \u00e9 um aparelho de exame auditivo para o teste da orelhinha, para uso pedi\u00e1trico, e tamb\u00e9m para exames em adultos. O aparelho pode ser adquirido na Audiology, que \u00e9 um site que conta com uma linha de equipamentos m\u00e9dicos e audiol\u00f3gicos e estoque com capacidade para suprir o mercado em todos os Estados.\u00a0<\/span><\/p>\n<p>Fonte: <a href=\"https:\/\/www.terra.com.br\/noticias\/dino\/nova-lei-de-pernambuco-garante-atendimento-em-libras-e-entrada-de-cao-guia-em-agencias-bancarias,580449d2d1b3a89bfa15cc3ad05fb3d8lin5bp87.html\" target=\"_blank\" rel=\"noopener\">https:\/\/www.terra.com.br\/noticias\/<\/a><\/p>\n","protected":false},"excerpt":{"rendered":"<p>O Di\u00e1rio Oficial do Legislativo publicou, na data de 15 de novembro, a Lei n\u00ba 16.203 de 2017, que obriga as ag\u00eancias banc\u00e1rias do Estado de Pernambuco a incumbirem-se de oferecer atendimento em L\u00edngua Brasileira de Sinais (Libras). J\u00e1 para os deficientes visuais, essa mesma lei obriga as ag\u00eancias a liberarem a entrada e a [&hellip;]<\/p>\n","protected":false},"author":4,"featured_media":0,"comment_status":"open","ping_status":"open","sticky":false,"template":"","format":"standard","meta":{"footnotes":""},"categories":[28,33],"tags":[],"class_list":["post-4237","post","type-post","status-publish","format-standard","hentry","category-geral","category-legislacao"],"_links":{"self":[{"href":"https:\/\/socepel.com.br\/index.php?rest_route=\/wp\/v2\/posts\/4237","targetHints":{"allow":["GET"]}}],"collection":[{"href":"https:\/\/socepel.com.br\/index.php?rest_route=\/wp\/v2\/posts"}],"about":[{"href":"https:\/\/socepel.com.br\/index.php?rest_route=\/wp\/v2\/types\/post"}],"author":[{"embeddable":true,"href":"https:\/\/socepel.com.br\/index.php?rest_route=\/wp\/v2\/users\/4"}],"replies":[{"embeddable":true,"href":"https:\/\/socepel.com.br\/index.php?rest_route=%2Fwp%2Fv2%2Fcomments&post=4237"}],"version-history":[{"count":1,"href":"https:\/\/socepel.com.br\/index.php?rest_route=\/wp\/v2\/posts\/4237\/revisions"}],"predecessor-version":[{"id":4238,"href":"https:\/\/socepel.com.br\/index.php?rest_route=\/wp\/v2\/posts\/4237\/revisions\/4238"}],"wp:attachment":[{"href":"https:\/\/socepel.com.br\/index.php?rest_route=%2Fwp%2Fv2%2Fmedia&parent=4237"}],"wp:term":[{"taxonomy":"category","embeddable":true,"href":"https:\/\/socepel.com.br\/index.php?rest_route=%2Fwp%2Fv2%2Fcategories&post=4237"},{"taxonomy":"post_tag","embeddable":true,"href":"https:\/\/socepel.com.br\/index.php?rest_route=%2Fwp%2Fv2%2Ftags&post=4237"}],"curies":[{"name":"wp","href":"https:\/\/api.w.org\/{rel}","templated":true}]}}