{"id":4221,"date":"2017-11-17T22:14:17","date_gmt":"2017-11-17T22:14:17","guid":{"rendered":"http:\/\/www.socepel.com.br\/wpress\/?p=4221"},"modified":"2017-12-07T22:44:12","modified_gmt":"2017-12-07T22:44:12","slug":"mec-vai-apoiar-formacao-de-professores-para-educacao-de-surdos-diz-ministro","status":"publish","type":"post","link":"https:\/\/socepel.com.br\/?p=4221","title":{"rendered":"MEC vai apoiar forma\u00e7\u00e3o de professores para educa\u00e7\u00e3o de surdos, diz ministro"},"content":{"rendered":"<p><span style=\"color: #000000;\"><a href=\"http:\/\/www.socepel.com.br\/wpress\/?attachment_id=4222\" rel=\"attachment wp-att-4222\"><img loading=\"lazy\" decoding=\"async\" class=\"aligncenter size-full wp-image-4222\" src=\"http:\/\/www.socepel.com.br\/wpress\/wp-content\/uploads\/2017\/12\/Noticia_20171117-1_Imagem.jpg\" alt=\"\" width=\"600\" height=\"448\" srcset=\"https:\/\/socepel.com.br\/wp-content\/uploads\/2017\/12\/Noticia_20171117-1_Imagem.jpg 600w, https:\/\/socepel.com.br\/wp-content\/uploads\/2017\/12\/Noticia_20171117-1_Imagem-300x224.jpg 300w\" sizes=\"auto, (max-width: 600px) 100vw, 600px\" \/><\/a>O ministro da Educa\u00e7\u00e3o, Mendon\u00e7a Filho, disse hoje (6) que o Minist\u00e9rio da Educa\u00e7\u00e3o (MEC) busca a ampliar acessibilidade e pol\u00edticas de afirma\u00e7\u00e3o de surdos. Segundo ele, est\u00e1 inclu\u00eddo na proposta da Base Nacional Comum Curricular, a forma\u00e7\u00e3o adequada de professores, \u201cpara que a gente possa ter uma pol\u00edtica p\u00fablica cada vez mais inclusiva, respeitando a condi\u00e7\u00e3o espec\u00edfica dos surdos ou daqueles que t\u00eam defici\u00eancia auditiva no nosso pa\u00eds&#8221;.<\/span><\/p>\n<p><span style=\"color: #000000;\">Mendon\u00e7a Filho participou hoje do programa Por Dentro do Governo, produzido pela\u00a0<strong>TV NBR<\/strong>, e comentou o tema da reda\u00e7\u00e3o do Exame Nacional do Ensino M\u00e9dio deste ano: Desafios para a Forma\u00e7\u00e3o Educacional de Surdos no Brasil.<\/span><\/p>\n<p><span style=\"color: #000000;\"><em>Saiba Mais<\/em><\/span><\/p>\n<ul>\n<li><a href=\"http:\/\/agenciabrasil.ebc.com.br\/educacao\/noticia\/2017-11\/candidatos-consideram-inesperado-e-dificil-tema-da-redacao-do-enem\">Candidatos consideram inesperado e dif\u00edcil tema da reda\u00e7\u00e3o do Enem<\/a><\/li>\n<li><a href=\"http:\/\/agenciabrasil.ebc.com.br\/educacao\/noticia\/2017-11\/para-especialista-redacao-do-enem-amplia-visibilidade-para-educacao-de\">Para especialista, reda\u00e7\u00e3o do Enem amplia visibilidade para educa\u00e7\u00e3o de surdos<\/a><\/li>\n<\/ul>\n<p><span style=\"color: #000000;\">Segundo o ministro, o Instituto Nacional de Educa\u00e7\u00e3o de Surdos (Ines), no Rio de Janeiro, \u00e9 quem subsidia as pol\u00edticas p\u00fablicas para surdos no \u00e2mbito do MEC e apoia a sua implementa\u00e7\u00e3o pelas esferas subnacionais de governo. \u201cNa ponta, quem tem a responsabilidade direta por essas pol\u00edticas p\u00fablicas s\u00e3o os estados e munic\u00edpios. Cabe ao Minist\u00e9rio da Educa\u00e7\u00e3o induzir e apoiar politicas nacionais de inclus\u00e3o geral e espec\u00edficas\u201d.<\/span><\/p>\n<p><span style=\"color: #000000;\">Com mais de 160 anos de exist\u00eancia, o Ines produz material pedag\u00f3gico, fonoaudiol\u00f3gico e de v\u00eddeos em l\u00edngua de sinais, distribu\u00eddos para os sistemas de ensino. Al\u00e9m de atender em torno de 600 alunos, da educa\u00e7\u00e3o infantil ao ensino m\u00e9dio, o instituto tamb\u00e9m forma profissionais surdos e ouvintes no Curso Bil\u00edngue de Pedagogia.<\/span><\/p>\n<p><span style=\"color: #000000;\">Para Mendon\u00e7a Filho, a l\u00edngua brasileira de sinais (Libras) precisa ser cada vez mais incorporada na pol\u00edtica educacional brasileira. Por isso, desde 2013, em parceria com a Associa\u00e7\u00e3o de Comunica\u00e7\u00e3o Educativa Roquette Pinto (Acerp), o Ines disponibiliza conte\u00fado audiovisual acess\u00edvel ao p\u00fablico surdo e aulas de Libras, por meio da\u00a0<a href=\"http:\/\/tvines.ines.gov.br\/\">TV INES<\/a>\u00a0.<\/span><\/p>\n<p><span style=\"color: #000000;\"><strong>Absten\u00e7\u00f5es no Enem<\/strong><\/span><\/p>\n<p><span style=\"color: #000000;\">Segundo o ministro da Educa\u00e7\u00e3o, a absten\u00e7\u00e3o de 30,2% no primeiro dia de provas do Enem seguiu os patamares de anos anteriores. Entretanto, para ele, \u00e9 preciso reduzir esse n\u00famero. \u201cPreparamos o exame para 6,7 milh\u00f5es de inscritos e n\u00e3o tivemos todos eles comparecendo \u00e0 prova. Isso significa um desperd\u00edcio. Se algu\u00e9m tem uma motiva\u00e7\u00e3o de for\u00e7a maior ou de doen\u00e7a \u00e9 compreens\u00edvel, mas outros que se inscrevem e n\u00e3o comparecem por raz\u00e3o mais banal, n\u00e3o \u00e9 razo\u00e1vel. Estamos aplicando cerca de R$ 90 por prova e isso \u00e9 dinheiro tirado do contribuinte\u201d.<\/span><\/p>\n<p><span style=\"color: #000000;\">Ontem (5) foi o primeiro dia do Enem, com provas de reda\u00e7\u00e3o, linguagens (l\u00edngua portuguesa e l\u00edngua estrangeira) e ci\u00eancias humanas (geografia, hist\u00f3ria, filosofia, sociologia e conhecimentos gerais). O segundo dia de provas ser\u00e1 no pr\u00f3ximo domingo (12), com quest\u00f5es de matem\u00e1tica e ci\u00eancias da natureza.<\/span><\/p>\n<p><span style=\"color: #000000;\">Edi\u00e7\u00e3o:\u00a0Val\u00e9ria Aguiar<\/span><\/p>\n<p><span style=\"color: #000000;\">Fonte: <a href=\"http:\/\/agenciabrasil.ebc.com.br\/educacao\/noticia\/2017-11\/mec-vai-apoiar-formacao-de-professores-para-educacao-de-surdos-diz-ministro\" target=\"_blank\" rel=\"noopener\">http:\/\/agenciabrasil.ebc.com.br\/educacao\/<\/a><\/span><\/p>\n","protected":false},"excerpt":{"rendered":"<p>O ministro da Educa\u00e7\u00e3o, Mendon\u00e7a Filho, disse hoje (6) que o Minist\u00e9rio da Educa\u00e7\u00e3o (MEC) busca a ampliar acessibilidade e pol\u00edticas de afirma\u00e7\u00e3o de surdos. Segundo ele, est\u00e1 inclu\u00eddo na proposta da Base Nacional Comum Curricular, a forma\u00e7\u00e3o adequada de professores, \u201cpara que a gente possa ter uma pol\u00edtica p\u00fablica cada vez mais inclusiva, respeitando [&hellip;]<\/p>\n","protected":false},"author":4,"featured_media":0,"comment_status":"open","ping_status":"open","sticky":false,"template":"","format":"standard","meta":{"footnotes":""},"categories":[28],"tags":[],"class_list":["post-4221","post","type-post","status-publish","format-standard","hentry","category-geral"],"_links":{"self":[{"href":"https:\/\/socepel.com.br\/index.php?rest_route=\/wp\/v2\/posts\/4221","targetHints":{"allow":["GET"]}}],"collection":[{"href":"https:\/\/socepel.com.br\/index.php?rest_route=\/wp\/v2\/posts"}],"about":[{"href":"https:\/\/socepel.com.br\/index.php?rest_route=\/wp\/v2\/types\/post"}],"author":[{"embeddable":true,"href":"https:\/\/socepel.com.br\/index.php?rest_route=\/wp\/v2\/users\/4"}],"replies":[{"embeddable":true,"href":"https:\/\/socepel.com.br\/index.php?rest_route=%2Fwp%2Fv2%2Fcomments&post=4221"}],"version-history":[{"count":1,"href":"https:\/\/socepel.com.br\/index.php?rest_route=\/wp\/v2\/posts\/4221\/revisions"}],"predecessor-version":[{"id":4223,"href":"https:\/\/socepel.com.br\/index.php?rest_route=\/wp\/v2\/posts\/4221\/revisions\/4223"}],"wp:attachment":[{"href":"https:\/\/socepel.com.br\/index.php?rest_route=%2Fwp%2Fv2%2Fmedia&parent=4221"}],"wp:term":[{"taxonomy":"category","embeddable":true,"href":"https:\/\/socepel.com.br\/index.php?rest_route=%2Fwp%2Fv2%2Fcategories&post=4221"},{"taxonomy":"post_tag","embeddable":true,"href":"https:\/\/socepel.com.br\/index.php?rest_route=%2Fwp%2Fv2%2Ftags&post=4221"}],"curies":[{"name":"wp","href":"https:\/\/api.w.org\/{rel}","templated":true}]}}