{"id":4217,"date":"2017-10-27T00:09:18","date_gmt":"2017-10-27T00:09:18","guid":{"rendered":"http:\/\/www.socepel.com.br\/wpress\/?p=4217"},"modified":"2017-10-28T00:13:00","modified_gmt":"2017-10-28T00:13:00","slug":"igreja-batista-de-pindamonhangaba-realiza-eventos-sobre-inclusao-de-surdos-e-libras","status":"publish","type":"post","link":"https:\/\/socepel.com.br\/?p=4217","title":{"rendered":"Igreja Batista de Pindamonhangaba realiza eventos sobre inclus\u00e3o de surdos e LIBRAS"},"content":{"rendered":"<p style=\"text-align: justify;\"><span style=\"color: #000000;\">Primeira Igreja Evang\u00e9lica Batista (PIEB) em Pindamonhangaba organizar\u00e1 em outubro\/novembro, a\u00e7\u00f5es de capacita\u00e7\u00e3o para a inclus\u00e3o dos surdos e alcance dos mesmos pelo Evangelho<\/span><\/p>\n<p style=\"text-align: justify;\"><span style=\"color: #000000;\"><a href=\"http:\/\/www.socepel.com.br\/wpress\/?attachment_id=4218\" rel=\"attachment wp-att-4218\"><img loading=\"lazy\" decoding=\"async\" class=\"aligncenter size-full wp-image-4218\" src=\"http:\/\/www.socepel.com.br\/wpress\/wp-content\/uploads\/2017\/10\/Noticia_20171027-1_Imagem.jpg\" alt=\"\" width=\"650\" height=\"366\" srcset=\"https:\/\/socepel.com.br\/wp-content\/uploads\/2017\/10\/Noticia_20171027-1_Imagem.jpg 650w, https:\/\/socepel.com.br\/wp-content\/uploads\/2017\/10\/Noticia_20171027-1_Imagem-600x338.jpg 600w, https:\/\/socepel.com.br\/wp-content\/uploads\/2017\/10\/Noticia_20171027-1_Imagem-300x170.jpg 300w, https:\/\/socepel.com.br\/wp-content\/uploads\/2017\/10\/Noticia_20171027-1_Imagem-70x40.jpg 70w\" sizes=\"auto, (max-width: 650px) 100vw, 650px\" \/><\/a>A Primeira Igreja Evang\u00e9lica Batista (PIEB) em Pindamonhangaba organizar\u00e1 em outubro\/novembro, a\u00e7\u00f5es de capacita\u00e7\u00e3o para a inclus\u00e3o dos surdos e alcance dos mesmos pelo Evangelho. Desde agosto de 2017, por interm\u00e9dio da professora Viviane Galv\u00e3o, o Projeto &#8220;M\u00e3os que Falam&#8221; est\u00e1 funcionando na Igreja, atrav\u00e9s da classe de ensino da L\u00edngua Brasileira de Sinais (LIBRAS).<\/span><\/p>\n<p><span style=\"color: #000000;\"> No dia 28 de outubro, das 14h \u00e0s 18h, ocorrer\u00e1 a &#8220;Forma\u00e7\u00e3o de L\u00edderes para o Trabalho com Surdos&#8221;, visando \u00e0 prepara\u00e7\u00e3o para desenvolver o trabalho com os surdos. O evento \u00e9 gratuito e contar\u00e1 com palestras ministradas pela Prof\u00aa. K\u00e1tia Elaine do Carmo.<\/span><\/p>\n<p><span style=\"color: #000000;\"> J\u00e1 no dia 11 de novembro, das 08h \u00e0s 17h, acontecer\u00e1 a &#8220;1\u00aa Cl\u00ednica de Capacita\u00e7\u00e3o para o Alcance de Surdos Atrav\u00e9s do Evangelho&#8221; na PIEB Pinda. O evento contar\u00e1 com a presen\u00e7a do Pr. Adilson Santos (Diretor Executivo da CBESP \u2013 Conven\u00e7\u00e3o Batista no Estado de S\u00e3o Paulo), da mission\u00e1ria Mar\u00edlia Manh\u00e3es e do Pr. Marcelo Santos (Obreiro da Junta de Miss\u00f5es Nacionais). A cl\u00ednica por sua vez, tem inscri\u00e7\u00f5es abertas at\u00e9 o dia 05 de novembro mediante taxa de R$ 25,00 por pessoa, depositado no Banco Bradesco \u2013 Ag\u00eancia 0216 \u2013 Conta-Corrente 12.976-3, e o comprovante enviado para o e-mail<\/span>\u00a0<a href=\"mailto:educa%C3%A7%C3%A3o@piebpinda.org.br\">educa\u00e7\u00e3o@piebpinda.org.br<\/a>.<\/p>\n<p><span style=\"color: #000000;\">A previs\u00e3o \u00e9 que no in\u00edcio de 2018 ocorram outros eventos com a mesma tem\u00e1tica de aprendizado.<\/span><\/p>\n<p><span style=\"color: #000000;\"> A Primeira Igreja Evang\u00e9lica Batista (PIEB) est\u00e1 localizada na Trav. Marqu\u00eas do Herval, N\u00ba 96, Centro.\u00a0Mais informa\u00e7\u00f5es, o telefone \u00e9 (12) 99782-4383.<\/span><\/p>\n<p><span style=\"color: #000000;\">Fonte: <a href=\"https:\/\/www.agoravale.com.br\/noticias\/educacao\/igreja-batista-de-pindamonhangaba-realiza-eventos-sobre-inclusao-de-surdos-e-libras\" target=\"_blank\" rel=\"noopener\">https:\/\/www.agoravale.com.br\/noticias\/<\/a><\/span><\/p>\n","protected":false},"excerpt":{"rendered":"<p>Primeira Igreja Evang\u00e9lica Batista (PIEB) em Pindamonhangaba organizar\u00e1 em outubro\/novembro, a\u00e7\u00f5es de capacita\u00e7\u00e3o para a inclus\u00e3o dos surdos e alcance dos mesmos pelo Evangelho A Primeira Igreja Evang\u00e9lica Batista (PIEB) em Pindamonhangaba organizar\u00e1 em outubro\/novembro, a\u00e7\u00f5es de capacita\u00e7\u00e3o para a inclus\u00e3o dos surdos e alcance dos mesmos pelo Evangelho. Desde agosto de 2017, por interm\u00e9dio [&hellip;]<\/p>\n","protected":false},"author":4,"featured_media":0,"comment_status":"open","ping_status":"open","sticky":false,"template":"","format":"standard","meta":{"footnotes":""},"categories":[28,35,43],"tags":[],"class_list":["post-4217","post","type-post","status-publish","format-standard","hentry","category-geral","category-libras","category-noticia"],"_links":{"self":[{"href":"https:\/\/socepel.com.br\/index.php?rest_route=\/wp\/v2\/posts\/4217","targetHints":{"allow":["GET"]}}],"collection":[{"href":"https:\/\/socepel.com.br\/index.php?rest_route=\/wp\/v2\/posts"}],"about":[{"href":"https:\/\/socepel.com.br\/index.php?rest_route=\/wp\/v2\/types\/post"}],"author":[{"embeddable":true,"href":"https:\/\/socepel.com.br\/index.php?rest_route=\/wp\/v2\/users\/4"}],"replies":[{"embeddable":true,"href":"https:\/\/socepel.com.br\/index.php?rest_route=%2Fwp%2Fv2%2Fcomments&post=4217"}],"version-history":[{"count":1,"href":"https:\/\/socepel.com.br\/index.php?rest_route=\/wp\/v2\/posts\/4217\/revisions"}],"predecessor-version":[{"id":4219,"href":"https:\/\/socepel.com.br\/index.php?rest_route=\/wp\/v2\/posts\/4217\/revisions\/4219"}],"wp:attachment":[{"href":"https:\/\/socepel.com.br\/index.php?rest_route=%2Fwp%2Fv2%2Fmedia&parent=4217"}],"wp:term":[{"taxonomy":"category","embeddable":true,"href":"https:\/\/socepel.com.br\/index.php?rest_route=%2Fwp%2Fv2%2Fcategories&post=4217"},{"taxonomy":"post_tag","embeddable":true,"href":"https:\/\/socepel.com.br\/index.php?rest_route=%2Fwp%2Fv2%2Ftags&post=4217"}],"curies":[{"name":"wp","href":"https:\/\/api.w.org\/{rel}","templated":true}]}}