{"id":4209,"date":"2017-10-18T00:27:56","date_gmt":"2017-10-18T00:27:56","guid":{"rendered":"http:\/\/www.socepel.com.br\/wpress\/?p=4209"},"modified":"2017-10-24T00:39:50","modified_gmt":"2017-10-24T00:39:50","slug":"mamografia-acessivel","status":"publish","type":"post","link":"https:\/\/socepel.com.br\/?p=4209","title":{"rendered":"Mamografia acess\u00edvel"},"content":{"rendered":"<p><span style=\"color: #000000;\">Mulheres que usam cadeira de rodas e cuidadoras v\u00e3o fazer o exame de preven\u00e7\u00e3o do c\u00e2ncer de mama em S\u00e3o Paulo. A\u00e7\u00e3o foi desenvolvida pelas secretarias da Pessoa com Defici\u00eancia e da Sa\u00fade, com o apoio da Sociedade Brasileira de Mastologia, para garantir acompanhamento pelo SUS. Vans do Atende v\u00e3o transportar as cidad\u00e3s cadastradas.<\/span><\/p>\n<p><span style=\"color: #000000;\"><strong>Luiz Alexandre Souza Ventura<\/strong><\/span><\/p>\n<p><span style=\"color: #000000;\">18 Outubro 2017 | 13h09<\/span><\/p>\n<p><a href=\"http:\/\/www.socepel.com.br\/wpress\/?attachment_id=4210\" rel=\"attachment wp-att-4210\"><img loading=\"lazy\" decoding=\"async\" class=\"aligncenter size-full wp-image-4210\" src=\"http:\/\/www.socepel.com.br\/wpress\/wp-content\/uploads\/2017\/10\/Noticia_20171018-1A_Imagem.jpg\" alt=\"\" width=\"650\" height=\"584\" srcset=\"https:\/\/socepel.com.br\/wp-content\/uploads\/2017\/10\/Noticia_20171018-1A_Imagem.jpg 650w, https:\/\/socepel.com.br\/wp-content\/uploads\/2017\/10\/Noticia_20171018-1A_Imagem-600x539.jpg 600w, https:\/\/socepel.com.br\/wp-content\/uploads\/2017\/10\/Noticia_20171018-1A_Imagem-300x270.jpg 300w\" sizes=\"auto, (max-width: 650px) 100vw, 650px\" \/><\/a><span style=\"color: #000000;\">Entre os dias 21 e 28 de outubro, mulheres que usam cadeira de rodas e cuidadoras ser\u00e3o submetidas ao exame gratuito de mamografia em S\u00e3o Paulo. Imagem: Divulga\u00e7\u00e3o\/SMPEDSP<\/span><\/p>\n<p>&#8212;&#8212;&#8212;&#8212;&#8212;&#8212;&#8212;&#8212;&#8212;&#8212;&#8212;&#8212;&#8212;&#8212;&#8212;&#8212;&#8212;&#8212;&#8212;&#8212;&#8212;&#8212;&#8212;&#8212;&#8212;&#8212;&#8212;&#8212;&#8212;&#8212;&#8212;&#8212;&#8212;&#8212;&#8212;&#8212;&#8212;&#8212;&#8212;&#8212;&#8212;&#8212;&#8212;&#8212;&#8212;&#8212;&#8212;<\/p>\n<p><span style=\"color: #000000;\">Est\u00e1 assegurada no artigo 18 da<\/span>\u00a0<a href=\"http:\/\/www.planalto.gov.br\/ccivil_03\/_ato2015-2018\/2015\/lei\/l13146.htm\"><strong>Lei Brasileira de Inclus\u00e3o da Pessoa com Defici\u00eancia (n\u00ba 13.146\/2015)<\/strong><\/a>\u00a0<span style=\"color: #000000;\">a aten\u00e7\u00e3o integral \u00e0 sa\u00fade da pessoa com defici\u00eancia em todos os n\u00edveis de complexidade, por interm\u00e9dio do Sistema \u00danico de Sa\u00fade (SUS), com acesso universal e igualit\u00e1rio.<\/span><\/p>\n<p><span style=\"color: #000000;\">No m\u00eas de preven\u00e7\u00e3o do c\u00e2ncer de mama e da campanha\u00a0<strong>#OutubroRosa<\/strong>, uma a\u00e7\u00e3o da Secretaria Municipal da Pessoa com Defici\u00eancia (SMPED) e da Secretaria Municipal de Sa\u00fade (SMS) de S\u00e3o Paulo trata especificamente de dois pontos fundamentais: inclus\u00e3o e cidadania.<\/span><\/p>\n<p><span style=\"color: #000000;\">Entre os dias 21 e 28 de outubro, mulheres que usam cadeira de rodas e cuidadoras ser\u00e3o submetidas ao exame gratuito de mamografia em S\u00e3o Paulo, no Hospital Municipal do Campo Limpo.<\/span><\/p>\n<p><a href=\"http:\/\/www.socepel.com.br\/wpress\/?attachment_id=4211\" rel=\"attachment wp-att-4211\"><img loading=\"lazy\" decoding=\"async\" class=\"aligncenter size-full wp-image-4211\" src=\"http:\/\/www.socepel.com.br\/wpress\/wp-content\/uploads\/2017\/10\/Noticia_20171018-1B_Imagem.jpg\" alt=\"\" width=\"650\" height=\"516\" srcset=\"https:\/\/socepel.com.br\/wp-content\/uploads\/2017\/10\/Noticia_20171018-1B_Imagem.jpg 650w, https:\/\/socepel.com.br\/wp-content\/uploads\/2017\/10\/Noticia_20171018-1B_Imagem-600x476.jpg 600w, https:\/\/socepel.com.br\/wp-content\/uploads\/2017\/10\/Noticia_20171018-1B_Imagem-300x238.jpg 300w\" sizes=\"auto, (max-width: 650px) 100vw, 650px\" \/><\/a><span style=\"color: #000000;\">Esta \u00e9 a terceira edi\u00e7\u00e3o da campanha, que tem apoio da Sociedade Brasileira de Mastologia (SBM). Imagem: Divulga\u00e7\u00e3o\/SMPEDSP<\/span><\/p>\n<p>&#8212;&#8212;&#8212;&#8212;&#8212;&#8212;&#8212;&#8212;&#8212;&#8212;&#8212;&#8212;&#8212;&#8212;&#8212;&#8212;&#8212;&#8212;&#8212;&#8212;&#8212;&#8212;&#8212;&#8212;&#8212;&#8212;&#8212;&#8212;&#8212;&#8212;&#8212;&#8212;&#8212;&#8212;&#8212;&#8212;&#8212;&#8212;&#8212;&#8212;&#8212;&#8212;&#8212;&#8212;&#8211;<\/p>\n<p><span style=\"color: #000000;\">Com o apoio do Conselho Municipal da Pessoa com Defici\u00eancia de S\u00e3o Paulo (CMPD\/SP), dezenas de mulheres foram cadastradas. Nos dias e hor\u00e1rios marcados, elas ser\u00e3o transportadas em vans do servi\u00e7o Atende.<\/span><\/p>\n<p><span style=\"color: #000000;\">\u201cNa pr\u00e1tica, o que est\u00e1 garantido na LBI n\u00e3o acontece, pela aus\u00eancia de mam\u00f3grafos adaptados para atender mulheres cadeirantes e tamb\u00e9m pela falta de profissionais capacitados para se comunicar em Libras (L\u00edngua Brasileira de Sinais)\u201d, afirma Cid Torquato, secret\u00e1rio municipal da Pessoa com Defici\u00eancia de S\u00e3o Paulo.<\/span><\/p>\n<p><span style=\"color: #000000;\">Esta \u00e9 a terceira edi\u00e7\u00e3o da campanha, que tem apoio da Sociedade Brasileira de Mastologia (SBM) e foi criada para garantir a realiza\u00e7\u00e3o dos exames e o tamb\u00e9m acompanhamento das pacientes pelo SUS.<\/span><\/p>\n<p><span style=\"color: #000000;\"><strong>SERVI\u00c7O<\/strong><\/span><\/p>\n<p><strong>Mamografias em mulheres com defici\u00eancia e cuidadoras<\/strong><br \/>\n<strong>Data: 21 e 28 de outubro<\/strong><br \/>\n<strong>Hor\u00e1rio: 8h \u00e0s 16h30<\/strong><br \/>\n<strong>Local: Hospital Municipal do Campo Limpo<\/strong><br \/>\n<strong>Endere\u00e7o: Estrada de Itapecerica da Serra, 1661 \u2013 Campo Limpo<\/strong><\/p>\n<h1><\/h1>\n<p><iframe loading=\"lazy\" src=\"https:\/\/www.youtube.com\/embed\/-eE94jKtptg\" width=\"560\" height=\"315\" frameborder=\"0\" allowfullscreen=\"allowfullscreen\"><\/iframe><\/p>\n<p><span style=\"color: #000000;\">SAIBA MAIS \u2013 O c\u00e2ncer de mama \u00e9 o tipo de c\u00e2ncer mais comum entre as mulheres no mundo e, no Brasil, responde por cerca de 28% dos casos novos a cada ano. Tamb\u00e9m acomete homens, mas \u00e9 raro, atingindo 1% do total de casos da doen\u00e7a. Costuma surgir ap\u00f3s os 35 anos e tem maior incid\u00eancia depois dos 50.<\/span><\/p>\n<p><span style=\"color: #000000;\">De acordo com estat\u00edsticas, o n\u00famero de casos est\u00e1 crescendo em todo o mundo. No Brasil, segundo estimativas do Instituto Nacional de C\u00e2ncer (INCA), no Brasil foram registra dos 57.960 novos casos de c\u00e2ncer de mama em 2016, sendo que 14.206 mulheres e 181 homens morreram por causa da doen\u00e7a.<\/span><\/p>\n<p><span style=\"color: #000000;\">Fonte: <a href=\"http:\/\/brasil.estadao.com.br\/blogs\/vencer-limites\/mamografia-acessivel\/\" target=\"_blank\" rel=\"noopener\">http:\/\/brasil.estadao.com.br\/blogs\/vencer-limites\/<\/a>18<\/span><\/p>\n","protected":false},"excerpt":{"rendered":"<p>Mulheres que usam cadeira de rodas e cuidadoras v\u00e3o fazer o exame de preven\u00e7\u00e3o do c\u00e2ncer de mama em S\u00e3o Paulo. A\u00e7\u00e3o foi desenvolvida pelas secretarias da Pessoa com Defici\u00eancia e da Sa\u00fade, com o apoio da Sociedade Brasileira de Mastologia, para garantir acompanhamento pelo SUS. Vans do Atende v\u00e3o transportar as cidad\u00e3s cadastradas. Luiz [&hellip;]<\/p>\n","protected":false},"author":4,"featured_media":0,"comment_status":"open","ping_status":"open","sticky":false,"template":"","format":"standard","meta":{"footnotes":""},"categories":[28,43,48],"tags":[],"class_list":["post-4209","post","type-post","status-publish","format-standard","hentry","category-geral","category-noticia","category-saude"],"_links":{"self":[{"href":"https:\/\/socepel.com.br\/index.php?rest_route=\/wp\/v2\/posts\/4209","targetHints":{"allow":["GET"]}}],"collection":[{"href":"https:\/\/socepel.com.br\/index.php?rest_route=\/wp\/v2\/posts"}],"about":[{"href":"https:\/\/socepel.com.br\/index.php?rest_route=\/wp\/v2\/types\/post"}],"author":[{"embeddable":true,"href":"https:\/\/socepel.com.br\/index.php?rest_route=\/wp\/v2\/users\/4"}],"replies":[{"embeddable":true,"href":"https:\/\/socepel.com.br\/index.php?rest_route=%2Fwp%2Fv2%2Fcomments&post=4209"}],"version-history":[{"count":1,"href":"https:\/\/socepel.com.br\/index.php?rest_route=\/wp\/v2\/posts\/4209\/revisions"}],"predecessor-version":[{"id":4212,"href":"https:\/\/socepel.com.br\/index.php?rest_route=\/wp\/v2\/posts\/4209\/revisions\/4212"}],"wp:attachment":[{"href":"https:\/\/socepel.com.br\/index.php?rest_route=%2Fwp%2Fv2%2Fmedia&parent=4209"}],"wp:term":[{"taxonomy":"category","embeddable":true,"href":"https:\/\/socepel.com.br\/index.php?rest_route=%2Fwp%2Fv2%2Fcategories&post=4209"},{"taxonomy":"post_tag","embeddable":true,"href":"https:\/\/socepel.com.br\/index.php?rest_route=%2Fwp%2Fv2%2Ftags&post=4209"}],"curies":[{"name":"wp","href":"https:\/\/api.w.org\/{rel}","templated":true}]}}