{"id":4205,"date":"2017-10-17T23:18:32","date_gmt":"2017-10-17T23:18:32","guid":{"rendered":"http:\/\/www.socepel.com.br\/wpress\/?p=4205"},"modified":"2017-10-23T23:24:27","modified_gmt":"2017-10-23T23:24:27","slug":"vereadores-defendem-implantacao-da-central-de-interpretacao-de-libras-em-sorriso","status":"publish","type":"post","link":"https:\/\/socepel.com.br\/?p=4205","title":{"rendered":"Vereadores defendem implanta\u00e7\u00e3o da Central de Interpreta\u00e7\u00e3o de Libras em Sorriso"},"content":{"rendered":"<p><a href=\"http:\/\/www.socepel.com.br\/wpress\/?attachment_id=4206\" rel=\"attachment wp-att-4206\"><img loading=\"lazy\" decoding=\"async\" class=\"aligncenter size-full wp-image-4206\" src=\"http:\/\/www.socepel.com.br\/wpress\/wp-content\/uploads\/2017\/10\/Noticia_20171017-1B_Imagem.jpg\" alt=\"\" width=\"650\" height=\"461\" srcset=\"https:\/\/socepel.com.br\/wp-content\/uploads\/2017\/10\/Noticia_20171017-1B_Imagem.jpg 650w, https:\/\/socepel.com.br\/wp-content\/uploads\/2017\/10\/Noticia_20171017-1B_Imagem-600x426.jpg 600w, https:\/\/socepel.com.br\/wp-content\/uploads\/2017\/10\/Noticia_20171017-1B_Imagem-300x213.jpg 300w\" sizes=\"auto, (max-width: 650px) 100vw, 650px\" \/><\/a>Aprovado por unanimidade pelo Plen\u00e1rio, o Requerimento 271\/17 pede ao Minist\u00e9rio da Justi\u00e7a e Seguran\u00e7a P\u00fablica a implanta\u00e7\u00e3o da Central de Interpreta\u00e7\u00e3o de L\u00edngua Brasileira de Sinais \u2013 Libras (CIL), em Sorriso.<\/p>\n<p>De autoria dos vereadores Claudio Oliveira (PR), Professora Silvana e Professora Marisa, ambas do PTB, a <span style=\"color: #000000;\">mat\u00e9ria visa garantir atendimento de qualidade a pessoas com defici\u00eancia auditiva por meio de servi\u00e7os de tradu\u00e7\u00e3o e interpreta\u00e7\u00e3o, al\u00e9m de facilitar o acesso a servi\u00e7os p\u00fablicos.<\/span><\/p>\n<p><span style=\"color: #000000;\">Segundo o vereador Claudio, o pedido leva em considera\u00e7\u00e3o o fato de que o governo federal vem, desde 2013, implantando a CIL em diversas cidades brasileiras por meio da coopera\u00e7\u00e3o e articula\u00e7\u00e3o com estados e munic\u00edpios.<\/span><\/p>\n<p><span style=\"color: #000000;\">Em 2015, foi implantada em Cuiab\u00e1 a primeira Central, cujo objetivo \u00e9 dar suporte ao atendimento de pessoas surdas, auxiliando em entrevistas de emprego, consulta m\u00e9dica, audi\u00eancia p\u00fablica, Boletim de Ocorr\u00eancia ou em qualquer situa\u00e7\u00e3o e local que precise de um int\u00e9rprete. A Central de Cuiab\u00e1 conta com tr\u00eas int\u00e9rpretes com Forma\u00e7\u00e3o Superior em Libras, que foram escolhidos por meio de sele\u00e7\u00e3o.<\/span><\/p>\n<p><span style=\"color: #000000;\">Conforme o parlamentar, a CIL, al\u00e9m de auxiliar as pessoas com defici\u00eancia auditiva extrema, tamb\u00e9m presta apoio a familiares com oferecimento do curso de Libras, por exemplo.<\/span><\/p>\n<p><span style=\"color: #000000;\">O requerimento, subscrito pelos demais vereadores da bancada de oposi\u00e7\u00e3o, ser\u00e1 encaminhado tamb\u00e9m \u00e0s secretarias de Direitos Humanos da Presid\u00eancia da Rep\u00fablica e de Promo\u00e7\u00e3o dos Direitos da Pessoa com Defici\u00eancia, aos senadores da bancada de Mato Grosso, ao governador Pedro Taques, aos deputados estaduais Mauro Savi e Jos\u00e9 Domingos, ao prefeito Ari Lafin e \u00e0s secretarias municipais de Educa\u00e7\u00e3o e de Assist\u00eancia Social.<\/span><\/p>\n<p><span style=\"color: #000000;\"><strong>CENTRAL<\/strong>\u00a0&#8211; De acordo com a Secretaria Nacional dos Direitos da Pessoa com Defici\u00eancia, cada central conta com mobili\u00e1rio, impressora, aparelho de telefone, computadores e webcam de alto desempenho, al\u00e9m de um ve\u00edculo para atendimentos que demandem deslocamentos.\u00a0<\/span><\/p>\n<p><span style=\"color: #000000;\">\u00a0<a href=\"http:\/\/www.socepel.com.br\/wpress\/?attachment_id=4207\" rel=\"attachment wp-att-4207\"><img loading=\"lazy\" decoding=\"async\" class=\"aligncenter size-full wp-image-4207\" src=\"http:\/\/www.socepel.com.br\/wpress\/wp-content\/uploads\/2017\/10\/Noticia_20171017-1A_Imagem.jpg\" alt=\"\" width=\"650\" height=\"436\" srcset=\"https:\/\/socepel.com.br\/wp-content\/uploads\/2017\/10\/Noticia_20171017-1A_Imagem.jpg 650w, https:\/\/socepel.com.br\/wp-content\/uploads\/2017\/10\/Noticia_20171017-1A_Imagem-600x402.jpg 600w, https:\/\/socepel.com.br\/wp-content\/uploads\/2017\/10\/Noticia_20171017-1A_Imagem-300x201.jpg 300w\" sizes=\"auto, (max-width: 650px) 100vw, 650px\" \/><\/a>Fonte: \u00c2ngela Gimenez \u2013 Assessoria<\/span><\/p>\n<p><a href=\"http:\/\/sorriso.mt.leg.br\/\" target=\"_blank\" rel=\"noopener\"><span style=\"color: #000000;\">http:\/\/sorriso.mt.leg.br\/noticia\/index\/vereadores-defendem-implantacao-da-central-de-interpretacao-de-libras-em-sorriso\/2113<\/span><\/a><\/p>\n","protected":false},"excerpt":{"rendered":"<p>Aprovado por unanimidade pelo Plen\u00e1rio, o Requerimento 271\/17 pede ao Minist\u00e9rio da Justi\u00e7a e Seguran\u00e7a P\u00fablica a implanta\u00e7\u00e3o da Central de Interpreta\u00e7\u00e3o de L\u00edngua Brasileira de Sinais \u2013 Libras (CIL), em Sorriso. De autoria dos vereadores Claudio Oliveira (PR), Professora Silvana e Professora Marisa, ambas do PTB, a mat\u00e9ria visa garantir atendimento de qualidade a [&hellip;]<\/p>\n","protected":false},"author":4,"featured_media":0,"comment_status":"open","ping_status":"open","sticky":false,"template":"","format":"standard","meta":{"footnotes":""},"categories":[8,28,35,43],"tags":[],"class_list":["post-4205","post","type-post","status-publish","format-standard","hentry","category-central-de-libras","category-geral","category-libras","category-noticia"],"_links":{"self":[{"href":"https:\/\/socepel.com.br\/index.php?rest_route=\/wp\/v2\/posts\/4205","targetHints":{"allow":["GET"]}}],"collection":[{"href":"https:\/\/socepel.com.br\/index.php?rest_route=\/wp\/v2\/posts"}],"about":[{"href":"https:\/\/socepel.com.br\/index.php?rest_route=\/wp\/v2\/types\/post"}],"author":[{"embeddable":true,"href":"https:\/\/socepel.com.br\/index.php?rest_route=\/wp\/v2\/users\/4"}],"replies":[{"embeddable":true,"href":"https:\/\/socepel.com.br\/index.php?rest_route=%2Fwp%2Fv2%2Fcomments&post=4205"}],"version-history":[{"count":1,"href":"https:\/\/socepel.com.br\/index.php?rest_route=\/wp\/v2\/posts\/4205\/revisions"}],"predecessor-version":[{"id":4208,"href":"https:\/\/socepel.com.br\/index.php?rest_route=\/wp\/v2\/posts\/4205\/revisions\/4208"}],"wp:attachment":[{"href":"https:\/\/socepel.com.br\/index.php?rest_route=%2Fwp%2Fv2%2Fmedia&parent=4205"}],"wp:term":[{"taxonomy":"category","embeddable":true,"href":"https:\/\/socepel.com.br\/index.php?rest_route=%2Fwp%2Fv2%2Fcategories&post=4205"},{"taxonomy":"post_tag","embeddable":true,"href":"https:\/\/socepel.com.br\/index.php?rest_route=%2Fwp%2Fv2%2Ftags&post=4205"}],"curies":[{"name":"wp","href":"https:\/\/api.w.org\/{rel}","templated":true}]}}