{"id":4083,"date":"2017-07-09T23:10:58","date_gmt":"2017-07-09T23:10:58","guid":{"rendered":"http:\/\/www.socepel.com.br\/wpress\/?p=4083"},"modified":"2017-07-09T23:10:58","modified_gmt":"2017-07-09T23:10:58","slug":"ufes-matricula-seu-primeiro-estudante-com-sindrome-de-down","status":"publish","type":"post","link":"https:\/\/socepel.com.br\/?p=4083","title":{"rendered":"Ufes matricula seu primeiro estudante com S\u00edndrome de Down"},"content":{"rendered":"<p style=\"text-align: justify;\"><span style=\"color: #000000;\"><a href=\"http:\/\/www.socepel.com.br\/wpress\/?attachment_id=4084\" rel=\"attachment wp-att-4084\"><img loading=\"lazy\" decoding=\"async\" class=\"alignright size-full wp-image-4084\" src=\"http:\/\/www.socepel.com.br\/wpress\/wp-content\/uploads\/2017\/07\/Noticia_20170704-3A_Imagem.jpg\" alt=\"\" width=\"300\" height=\"305\" srcset=\"https:\/\/socepel.com.br\/wp-content\/uploads\/2017\/07\/Noticia_20170704-3A_Imagem.jpg 300w, https:\/\/socepel.com.br\/wp-content\/uploads\/2017\/07\/Noticia_20170704-3A_Imagem-295x300.jpg 295w\" sizes=\"auto, (max-width: 300px) 100vw, 300px\" \/><\/a>Surpresa, euforia, realiza\u00e7\u00e3o. Foi com esta mistura de sentimentos que a fam\u00edlia do estudante Rodolfo Pinheiro Bernardi recebeu a not\u00edcia de sua convoca\u00e7\u00e3o para ingressar em uma vaga no curso de Gemologia, ofertado pela Ufes no campus de Goiabeiras.<\/span><\/p>\n<p style=\"text-align: justify;\"><span style=\"color: #000000;\">At\u00e9 a\u00ed, os sentimentos da fam\u00edlia de Rodolfo s\u00e3o iguais aos das milhares de estudantes aprovados na Ufes. Mas a fam\u00edlia de Rodolfo tem um motivo a mais para comemorar: o estudante ser\u00e1 o primeiro da Universidade, portador de S\u00edndrome de Down. \u00a0<\/span><\/p>\n<p style=\"text-align: justify;\"><span style=\"color: #000000;\">Segundo informa\u00e7\u00f5es da Pr\u00f3-Reitoria de Gradua\u00e7\u00e3o (Prograd) e do N\u00facleo de Acessibilidade da Ufes (Naufes), n\u00e3o h\u00e1 registros anteriores de estudantes com S\u00edndrome de Down na Universidade.<\/span><\/p>\n<p style=\"text-align: justify;\"><span style=\"color: #000000;\">O estudante, de 25 anos, foi convocado na\u00a0terceira chamada da lista de espera do processo seletivo Sisu\/Ufes\/2017\/1, para ingresso nos cursos presenciais de gradua\u00e7\u00e3o no segundo semestre de 2017 nos campi de Vit\u00f3ria e S\u00e3o Mateus. Sua matr\u00edcula foi realizada na \u00faltima segunda-feira, 3, juntamente com os demais candidatos convocados.<\/span><\/p>\n<p style=\"text-align: justify;\"><span style=\"color: #000000;\">Para a irm\u00e3 do estudante, Paola Pinheiro Bernardi Primo, a aprova\u00e7\u00e3o de Rodolfo em sua primeira tentativa no processo seletivo deixou a fam\u00edlia em \u00eaxtase: \u201cFoi uma mistura de \u00eaxtase e surpresa. Ele sempre disse que queria estudar na Ufes e ele \u00e9 muito determinado. Se acontecesse, seria \u00f3timo, mas a gente entendia as limita\u00e7\u00f5es. Quando vimos a convoca\u00e7\u00e3o, foi fant\u00e1stico! Estamos muito felizes com a realiza\u00e7\u00e3o do sonho dele. Essa \u00e9 a verdadeira inclus\u00e3o e o Sisu tem proporcionado isso\u201d, destaca.<\/span><\/p>\n<p style=\"text-align: justify;\"><span style=\"color: #000000;\"><strong>Acessibilidade<\/strong><\/span><\/p>\n<p style=\"text-align: justify;\"><span style=\"color: #000000;\">Segundo dados do Naufes, a Universidade possui atualmente 158 estudantes com alguma defici\u00eancia (auditiva, visual, f\u00edsica, intelectual, m\u00faltiplas defici\u00eancias, autismo ou transtorno global de desenvolvimento) em seus diversos cursos. Conhe\u00e7a o trabalho do Naufes em uma\u00a0<strong><a href=\"https:\/\/www.youtube.com\/watch?v=k5U17TC-324&amp;list=PLqhsTiIIAr3zBm2fUVCVZ5pMIjuj0WnWx&amp;t=3s&amp;index=12\">mat\u00e9ria produzida pela TV Ufes<\/a><\/strong>.\u00a0<\/span><\/p>\n<p style=\"text-align: justify;\"><span style=\"color: #000000;\">Cabe \u00e0 Universidade, por meio do Naufes, promover, coordenar e executar programas, pol\u00edticas e a\u00e7\u00f5es voltadas para a mobilidade e acessibilidade, al\u00e9m de acompanhar e fiscalizar as pol\u00edticas de inclus\u00e3o, visando a garantia de ingresso, acesso, perman\u00eancia e mobilidade no ambiente acad\u00eamico.\u00a0O N\u00facleo realiza o atendimento a esses estudantes, de acordo com as necessidades que eles apresentam. \u00a0<\/span><\/p>\n<p><span style=\"color: #000000;\"><em>Texto: Thereza Marinho<\/em><em><br \/>\nFoto: Reprodu\u00e7\u00e3o do Facebook<\/em><\/span><\/p>\n<p><span style=\"color: #000000;\">Fonte: <a href=\"http:\/\/www.ufes.br\/conteudo\/ufes-matricula-seu-primeiro-estudante-com-s%C3%ADndrome-de-down\" target=\"_blank\" rel=\"noopener\">http:\/\/www.ufes.br\/<\/a><\/span><\/p>\n","protected":false},"excerpt":{"rendered":"<p>Surpresa, euforia, realiza\u00e7\u00e3o. Foi com esta mistura de sentimentos que a fam\u00edlia do estudante Rodolfo Pinheiro Bernardi recebeu a not\u00edcia de sua convoca\u00e7\u00e3o para ingressar em uma vaga no curso de Gemologia, ofertado pela Ufes no campus de Goiabeiras. At\u00e9 a\u00ed, os sentimentos da fam\u00edlia de Rodolfo s\u00e3o iguais aos das milhares de estudantes aprovados [&hellip;]<\/p>\n","protected":false},"author":4,"featured_media":0,"comment_status":"open","ping_status":"open","sticky":false,"template":"","format":"standard","meta":{"footnotes":""},"categories":[18,19,21,28,43],"tags":[],"class_list":["post-4083","post","type-post","status-publish","format-standard","hentry","category-down","category-educacao","category-educacao-inclusiva","category-geral","category-noticia"],"_links":{"self":[{"href":"https:\/\/socepel.com.br\/index.php?rest_route=\/wp\/v2\/posts\/4083","targetHints":{"allow":["GET"]}}],"collection":[{"href":"https:\/\/socepel.com.br\/index.php?rest_route=\/wp\/v2\/posts"}],"about":[{"href":"https:\/\/socepel.com.br\/index.php?rest_route=\/wp\/v2\/types\/post"}],"author":[{"embeddable":true,"href":"https:\/\/socepel.com.br\/index.php?rest_route=\/wp\/v2\/users\/4"}],"replies":[{"embeddable":true,"href":"https:\/\/socepel.com.br\/index.php?rest_route=%2Fwp%2Fv2%2Fcomments&post=4083"}],"version-history":[{"count":1,"href":"https:\/\/socepel.com.br\/index.php?rest_route=\/wp\/v2\/posts\/4083\/revisions"}],"predecessor-version":[{"id":4085,"href":"https:\/\/socepel.com.br\/index.php?rest_route=\/wp\/v2\/posts\/4083\/revisions\/4085"}],"wp:attachment":[{"href":"https:\/\/socepel.com.br\/index.php?rest_route=%2Fwp%2Fv2%2Fmedia&parent=4083"}],"wp:term":[{"taxonomy":"category","embeddable":true,"href":"https:\/\/socepel.com.br\/index.php?rest_route=%2Fwp%2Fv2%2Fcategories&post=4083"},{"taxonomy":"post_tag","embeddable":true,"href":"https:\/\/socepel.com.br\/index.php?rest_route=%2Fwp%2Fv2%2Ftags&post=4083"}],"curies":[{"name":"wp","href":"https:\/\/api.w.org\/{rel}","templated":true}]}}