{"id":3906,"date":"2017-02-15T21:39:01","date_gmt":"2017-02-15T21:39:01","guid":{"rendered":"http:\/\/www.socepel.com.br\/wpress\/?p=3906"},"modified":"2017-02-15T21:40:29","modified_gmt":"2017-02-15T21:40:29","slug":"universidade-deve-indenizar-por-negar-interprete","status":"publish","type":"post","link":"https:\/\/socepel.com.br\/?p=3906","title":{"rendered":"Universidade deve indenizar por negar int\u00e9rprete"},"content":{"rendered":"<p style=\"text-align: justify;\"><strong>http:\/\/www.ambito-juridico.com.br\/A Funda\u00e7\u00e3o Percival Farquhar (FPF), mantenedora da Universidade Vale do Rio Doce \u2013 Univale, deve indenizar um estudante, com defici\u00eancia auditiva, em R$10 mil, por danos morais, porque a institui\u00e7\u00e3o negou a ele o servi\u00e7o de int\u00e9rprete de L\u00edngua Brasileira dos Sinais (Libras). A decis\u00e3o da 13\u00aa C\u00e2mara C\u00edvel do Tribunal de Justi\u00e7a de Minas Gerais (TJMG) manteve senten\u00e7a da 1\u00aa Vara C\u00edvel de Governador Valadares.<\/strong><\/p>\n<p style=\"text-align: justify;\"><strong>Em 2011, o estudante, com 21 anos, matriculou-se no curso de Design Gr\u00e1fico da Univale. Segundo afirmou, por ser deficiente auditivo, formulou pedido para contar com um int\u00e9rprete de libras, pois seria imposs\u00edvel arcar, de forma particular, com o pagamento de profissional. No entanto, a universidade disse que o atendimento individual e especializado seria cobrado \u00e0 parte, por n\u00e3o estar incluso no pre\u00e7o da semestralidade escolar.<\/strong><\/p>\n<p style=\"text-align: justify;\"><strong>Em fun\u00e7\u00e3o da negativa do servi\u00e7o, o estudante pleiteou na justi\u00e7a indeniza\u00e7\u00e3o por danos morais e materiais.<\/strong><\/p>\n<p style=\"text-align: justify;\"><strong>Em an\u00e1lise do processo, a ju\u00edza Dilma Concei\u00e7\u00e3o Ara\u00fajo Duque enfatizou o dever de as universidades atenderem \u00e0s normas de acessibilidade como um todo, ainda que particulares. \u201cTratando-se o autor de pessoa portadora de defici\u00eancia auditiva, impossibilitada, portanto, de cursar com dignidade e aproveitamento adequado o ensino superior em raz\u00e3o da falta de profissional habilitado e com dom\u00ednio da L\u00edngua Brasileira de Sinais \u2013 Libras, cabe \u00e0 Univale disponibilizar tal profissional, de modo a cumprir a previs\u00e3o constitucional e legal\u201d, afirmou. Desta forma, a ju\u00edza condenou a FPF a pagar R$10 mil de indeniza\u00e7\u00e3o por danos morais ao estudante. Quanto ao dano material, a magistrada n\u00e3o deferiu a solicita\u00e7\u00e3o, uma vez que o autor da a\u00e7\u00e3o conseguiu concluir o curso.<\/strong><\/p>\n<p style=\"text-align: justify;\"><strong>Em recurso ao TJMG, a Funda\u00e7\u00e3o Percival Farquhar sustentou que o aluno concluiu a gradua\u00e7\u00e3o, mesmo sem a assist\u00eancia do int\u00e9rprete e, portanto, n\u00e3o houve qualquer dano ou empecilho ao acesso \u00e0 educa\u00e7\u00e3o. Al\u00e9m disso, alegou que, na \u00e9poca em que o autor estudava, \u201cn\u00e3o havia nenhum dispositivo legal que obrigasse a empresa a arcar com o custo de int\u00e9rprete de libras para alunos com defici\u00eancia auditiva\u201d. Requereu a improced\u00eancia do dano moral.<\/strong><\/p>\n<p style=\"text-align: justify;\"><strong>O recurso n\u00e3o prosperou. De acordo com o relator do recurso, desembargador Alberto Henrique, a recusa da disponibiliza\u00e7\u00e3o do int\u00e9rprete para aluno com defici\u00eancia, em raz\u00e3o de exclus\u00e3o da cobertura, caracterizou cl\u00e1usula contratual abusiva e lesiva ao consumidor. O magistrado manteve a decis\u00e3o de primeira inst\u00e2ncia, por considerar que a conduta da institui\u00e7\u00e3o foi \u201cinequ\u00edvoca\u201d e \u201cferiu a dignidade\u201d do aluno, que sofreu \u201cdificuldades diariamente em raz\u00e3o dos obst\u00e1culos colocados pela institui\u00e7\u00e3<\/strong><\/p>\n<p style=\"text-align: justify;\"><strong> Os desembargadores Rog\u00e9rio Medeiros e Newton Teixeira Carvalho votaram de acordo com o relator.<\/strong><\/p>\n<p>Veja o<a href=\"http:\/\/www5.tjmg.jus.br\/jurisprudencia\/pesquisaPalavrasEspelhoAcordao.do?&amp;numeroRegistro=33&amp;totalLinhas=1311&amp;paginaNumero=33&amp;linhasPorPagina=1&amp;palavras=danos%20morais&amp;pesquisarPor=ementa&amp;pesquisaTesauro=true&amp;orderByData=1&amp;dataPublicacaoInicial=01\/01\/2017&amp;dataPublicacaoFinal=10\/02\/2017&amp;referenciaLegislativa=Clique%20na%20lupa%20para%20pesquisar%20as%20refer%EAncias%20cadastradas...&amp;pesquisaPalavras=Pesquisar&amp;\">\u00a0ac\u00f3rd\u00e3o<\/a>\u00a0e acompanhe a\u00a0<a href=\"http:\/\/www4.tjmg.jus.br\/juridico\/sf\/proc_resultado2.jsp?listaProcessos=10105120180085001\">movimenta\u00e7\u00e3o processual<\/a>.<\/p>\n<p>Fonte:<a href=\"http:\/\/www.ambito-juridico.com.br\/\" target=\"_blank\">http:\/\/www.ambito-juridico.com.br\/site\/index.php?n_link=visualiza_noticia&amp;id_caderno=&amp;id_noticia=147279<\/a><\/p>\n","protected":false},"excerpt":{"rendered":"<p>http:\/\/www.ambito-juridico.com.br\/A Funda\u00e7\u00e3o Percival Farquhar (FPF), mantenedora da Universidade Vale do Rio Doce \u2013 Univale, deve indenizar um estudante, com defici\u00eancia auditiva, em R$10 mil, por danos morais, porque a institui\u00e7\u00e3o negou a ele o servi\u00e7o de int\u00e9rprete de L\u00edngua Brasileira dos Sinais (Libras). A decis\u00e3o da 13\u00aa C\u00e2mara C\u00edvel do Tribunal de Justi\u00e7a de Minas [&hellip;]<\/p>\n","protected":false},"author":4,"featured_media":0,"comment_status":"open","ping_status":"open","sticky":false,"template":"","format":"standard","meta":{"footnotes":""},"categories":[19,28,32,35,40],"tags":[],"class_list":["post-3906","post","type-post","status-publish","format-standard","hentry","category-educacao","category-geral","category-judicial","category-libras","category-mpf"],"_links":{"self":[{"href":"https:\/\/socepel.com.br\/index.php?rest_route=\/wp\/v2\/posts\/3906","targetHints":{"allow":["GET"]}}],"collection":[{"href":"https:\/\/socepel.com.br\/index.php?rest_route=\/wp\/v2\/posts"}],"about":[{"href":"https:\/\/socepel.com.br\/index.php?rest_route=\/wp\/v2\/types\/post"}],"author":[{"embeddable":true,"href":"https:\/\/socepel.com.br\/index.php?rest_route=\/wp\/v2\/users\/4"}],"replies":[{"embeddable":true,"href":"https:\/\/socepel.com.br\/index.php?rest_route=%2Fwp%2Fv2%2Fcomments&post=3906"}],"version-history":[{"count":2,"href":"https:\/\/socepel.com.br\/index.php?rest_route=\/wp\/v2\/posts\/3906\/revisions"}],"predecessor-version":[{"id":3908,"href":"https:\/\/socepel.com.br\/index.php?rest_route=\/wp\/v2\/posts\/3906\/revisions\/3908"}],"wp:attachment":[{"href":"https:\/\/socepel.com.br\/index.php?rest_route=%2Fwp%2Fv2%2Fmedia&parent=3906"}],"wp:term":[{"taxonomy":"category","embeddable":true,"href":"https:\/\/socepel.com.br\/index.php?rest_route=%2Fwp%2Fv2%2Fcategories&post=3906"},{"taxonomy":"post_tag","embeddable":true,"href":"https:\/\/socepel.com.br\/index.php?rest_route=%2Fwp%2Fv2%2Ftags&post=3906"}],"curies":[{"name":"wp","href":"https:\/\/api.w.org\/{rel}","templated":true}]}}