{"id":3903,"date":"2017-02-14T21:30:53","date_gmt":"2017-02-14T21:30:53","guid":{"rendered":"http:\/\/www.socepel.com.br\/wpress\/?p=3903"},"modified":"2017-02-14T21:30:53","modified_gmt":"2017-02-14T21:30:53","slug":"hospital-das-clinicas-oferece-curso-gratuito-de-libras-para-capacitar-funcionarios","status":"publish","type":"post","link":"https:\/\/socepel.com.br\/?p=3903","title":{"rendered":"Hospital das Cl\u00ednicas oferece curso gratuito de libras para capacitar funcion\u00e1rios"},"content":{"rendered":"<p><span style=\"font-family: Arial, sans-serif; color: #000080;\"><span style=\"font-size: large;\">Servidores interessados em participar devem se inscrever at\u00e9 sexta<\/span><\/span><\/p>\n<p align=\"justify\"><span style=\"font-family: Arial, sans-serif;\"><span style=\"font-size: small;\"><span style=\"color: #000000;\">O Hospital das Cl\u00ednicas, da Universidade Federal de Pernambuco, vai promover o Curso B\u00e1sico de Libras para capacitar os servidores. O curso \u00e9 voltado para todos os profissionais do HC &#8211; concursados ou terceirizados -, bem como bolsistas e estagi\u00e1rios. As inscri\u00e7\u00f5es come\u00e7aram nesta segunda-feira e seguem at\u00e9 o dia 3 de mar\u00e7o. Os interessados podem se inscrever preenchendo um formul\u00e1rio dispon\u00edvel na Divis\u00e3o de Gest\u00e3o de Pessoas, localizada no t\u00e9rreo do HC. A capacita\u00e7\u00e3o \u00e9 desenvolvida em parceria com o N\u00facleo de Acessibilidade da UFPE (Nace).<\/span><span style=\"color: #000000;\"><\/p>\n<p><\/span><span style=\"color: #000000;\">O curso ser\u00e1 oferecido gratuitamente e contar\u00e1 com dez encontros, possuindo carga hor\u00e1ria total de 20 horas. Os participantes receber\u00e3o um certificado. As turmas ser\u00e3o divididas entre A e B, respectivamente, nos hor\u00e1rios das 14h \u00e0s 16h e das 16h \u00e0s 18h, e as aulas ser\u00e3o ministras nas ter\u00e7as e quintas-feiras, na sala de treinamento do HC, a partir do dia 7 de mar\u00e7o.<\/span><span style=\"color: #000000;\"><\/p>\n<p><\/span><span style=\"color: #000000;\">LIBRAS \u2013 A L\u00edngua Brasileira de Sinais (Libras) \u00e9 uma forma espec\u00edfica de comunica\u00e7\u00e3o, baseada em sinais que surgem com o gesto das m\u00e3os, movimentos e pontos de articula\u00e7\u00e3o. Assim como a fala e a escrita, este meio de comunica\u00e7\u00e3o \u00e9 importante, pois auxilia na intera\u00e7\u00e3o e transmiss\u00e3o de ideias entre pessoas que possuem defici\u00eancia auditiva e entre elas e quem n\u00e3o pos<\/span><span style=\"color: #333333;\">sui.<\/span> <\/span><\/span><\/p>\n<p align=\"justify\"><span style=\"font-family: Arial, sans-serif;\"><span style=\"font-size: small;\">Fonte:<a href=\"http:\/\/www.diariodepernambuco.com.br\/app\/noticia\/vida-urbana\/2017\/02\/13\/interna_vidaurbana,688968\/hospital-das-clinicas-oferece-curso-gratuito-de-libras-para-capacitar.shtml\" target=\"_blank\">http:\/\/www.diariodepernambuco.com.br<\/a><\/span><\/span><\/p>\n","protected":false},"excerpt":{"rendered":"<p>Servidores interessados em participar devem se inscrever at\u00e9 sexta O Hospital das Cl\u00ednicas, da Universidade Federal de Pernambuco, vai promover o Curso B\u00e1sico de Libras para capacitar os servidores. O curso \u00e9 voltado para todos os profissionais do HC &#8211; concursados ou terceirizados -, bem como bolsistas e estagi\u00e1rios. As inscri\u00e7\u00f5es come\u00e7aram nesta segunda-feira e [&hellip;]<\/p>\n","protected":false},"author":4,"featured_media":0,"comment_status":"open","ping_status":"open","sticky":false,"template":"","format":"standard","meta":{"footnotes":""},"categories":[14,28,35,43,48,52],"tags":[],"class_list":["post-3903","post","type-post","status-publish","format-standard","hentry","category-curso-de-libras","category-geral","category-libras","category-noticia","category-saude","category-surdez"],"_links":{"self":[{"href":"https:\/\/socepel.com.br\/index.php?rest_route=\/wp\/v2\/posts\/3903","targetHints":{"allow":["GET"]}}],"collection":[{"href":"https:\/\/socepel.com.br\/index.php?rest_route=\/wp\/v2\/posts"}],"about":[{"href":"https:\/\/socepel.com.br\/index.php?rest_route=\/wp\/v2\/types\/post"}],"author":[{"embeddable":true,"href":"https:\/\/socepel.com.br\/index.php?rest_route=\/wp\/v2\/users\/4"}],"replies":[{"embeddable":true,"href":"https:\/\/socepel.com.br\/index.php?rest_route=%2Fwp%2Fv2%2Fcomments&post=3903"}],"version-history":[{"count":1,"href":"https:\/\/socepel.com.br\/index.php?rest_route=\/wp\/v2\/posts\/3903\/revisions"}],"predecessor-version":[{"id":3904,"href":"https:\/\/socepel.com.br\/index.php?rest_route=\/wp\/v2\/posts\/3903\/revisions\/3904"}],"wp:attachment":[{"href":"https:\/\/socepel.com.br\/index.php?rest_route=%2Fwp%2Fv2%2Fmedia&parent=3903"}],"wp:term":[{"taxonomy":"category","embeddable":true,"href":"https:\/\/socepel.com.br\/index.php?rest_route=%2Fwp%2Fv2%2Fcategories&post=3903"},{"taxonomy":"post_tag","embeddable":true,"href":"https:\/\/socepel.com.br\/index.php?rest_route=%2Fwp%2Fv2%2Ftags&post=3903"}],"curies":[{"name":"wp","href":"https:\/\/api.w.org\/{rel}","templated":true}]}}