{"id":3898,"date":"2017-02-13T20:52:08","date_gmt":"2017-02-13T20:52:08","guid":{"rendered":"http:\/\/www.socepel.com.br\/wpress\/?p=3898"},"modified":"2017-02-14T21:02:07","modified_gmt":"2017-02-14T21:02:07","slug":"recusada-em-universidade-estilista-com-sindrome-de-down-vira-jogo","status":"publish","type":"post","link":"https:\/\/socepel.com.br\/?p=3898","title":{"rendered":"Recusada em universidade, estilista com s\u00edndrome de Down vira jogo"},"content":{"rendered":"<p style=\"text-align: justify;\" align=\"left\"><span style=\"color: #000000;\"><span style=\"font-family: Arial, sans-serif;\"><span style=\"font-size: small;\"><a href=\"http:\/\/www.socepel.com.br\/wpress\/?attachment_id=3899\" rel=\"attachment wp-att-3899\"><img loading=\"lazy\" decoding=\"async\" class=\"alignleft size-full wp-image-3899\" src=\"http:\/\/www.socepel.com.br\/wpress\/wp-content\/uploads\/2017\/02\/Noticia_20170213-1_Imagem.jpg\" alt=\"Noticia_20170213-1_Imagem\" width=\"300\" height=\"225\" \/><\/a><\/span><\/span><\/span><strong><span style=\"font-family: Arial, sans-serif;\"><span style=\"font-size: small;\">I<\/span><\/span><span style=\"font-family: Arial, sans-serif;\"><span style=\"font-size: small;\">sabella Springmuhl nunca desistiu de seu sonho e hoje, aos 20 anos, \u00e9 a primeira estilista com s\u00edndrome de Down da hist\u00f3ria. A jovem guatemalteca j\u00e1 foi convidada para apresentar uma cole\u00e7\u00e3o na Semana de Moda de Londres e integrou uma lista elaborada pela BBC das 100 mulheres mais influentes do mundo em 2016. Nada mal para quem foi impedida de entrar na universidade e come\u00e7ou fazendo roupas de trapo para suas bonecas.<\/span><\/span><\/strong><\/p>\n<p><strong><span style=\"font-family: Arial, sans-serif;\"><span style=\"font-size: small;\">Em entrevista por e-mail ao UOL, a criadora da marca Down to Xjabelle (fotos abaixo) conta como foram seus primeiros passos na carreira e a supera\u00e7\u00e3o das adversidades. Leia a seguir:<\/span><\/span><\/strong><\/p>\n<p><strong><span style=\"font-family: Arial, sans-serif;\"><span style=\"font-size: small;\">Trajet\u00f3ria na moda<\/span><\/span><\/strong><\/p>\n<p><strong><span style=\"font-family: Arial, sans-serif;\"><span style=\"font-size: small;\">Minha m\u00e3e conta que quando eu era mais nova passava horas folheando revistas de moda. Quando cresci, comecei a fazer roupas de retalhos para minhas bonecas.<\/span><\/span><\/strong><\/p>\n<p><strong><span style=\"font-family: Arial, sans-serif;\"><span style=\"font-size: small;\">Atualmente fa\u00e7o um curso de corte e costura. Montei um ateli\u00ea onde duas costureiras e duas bordadeiras confeccionam minhas pe\u00e7as. Eu crio os desenhos, escolho os tecidos, as cores, formas e acess\u00f3rios.<\/span><\/span><\/strong><\/p>\n<p><strong><span style=\"font-family: Arial, sans-serif;\"><span style=\"font-size: small;\">Minha inspira\u00e7\u00e3o \u00e9 a natureza e as cores da Guatemala. As tonalidades dos trajes ind\u00edgenas s\u00e3o muito vivas e alegres. Uso apenas tecidos tradicionais. Eles s\u00e3o confeccionados \u00e0 m\u00e3o pelas senhoras guatemaltecas, que usam fios de algod\u00e3o e seda em teares de cintura.<\/span><\/span><\/strong><\/p>\n<p><strong><span style=\"font-family: Arial, sans-serif;\"><span style=\"font-size: small;\">Com meu trabalho, fui convidada para participar como estilista revela\u00e7\u00e3o na semana de moda de Londres. Foi uma enorme felicidade, senti muito orgulho.<\/span><\/span><\/strong><\/p>\n<p><strong><span style=\"font-family: Arial, sans-serif;\"><span style=\"font-size: small;\">Vencendo o preconceito<\/span><\/span><\/strong><\/p>\n<p><strong><span style=\"font-family: Arial, sans-serif;\"><span style=\"font-size: small;\">Ao me formar no ensino m\u00e9dio, tentei ingressar em faculdades de moda, mas fui rejeitada por causa da minha condi\u00e7\u00e3o gen\u00e9tica. Foi uma muito triste, eu fiquei devastada.<\/span><\/span><\/strong><\/p>\n<p><strong><span style=\"font-family: Arial, sans-serif;\"><span style=\"font-size: small;\">J\u00e1 sofri preconceito diversas vezes na minha vida. Quando pequena, n\u00e3o me aceitaram no bal\u00e9 por causa da minha condi\u00e7\u00e3o. Depois, nas universidades. Gosto de como sou, uma menina com s\u00edndrome de Down que ama o que faz.<\/span><\/span><\/strong><\/p>\n<p><strong><span style=\"font-family: Arial, sans-serif;\"><span style=\"font-size: small;\">Quero que todos saibam que pessoas como eu podem fazer muitas coisas, mesmo que nos custe o dobro de esfor\u00e7o. \u00c9 importante n\u00e3o se render e lutar, sempre seguindo em frente.<\/span><\/span><span style=\"font-family: Arial, sans-serif;\"><span style=\"font-size: small;\"><br \/>\n<\/span><\/span><\/strong><br \/>\n<strong> <span style=\"font-family: arial;\"><span style=\"font-size: small;\">Reda\u00e7\u00e3o com UOL<\/span><\/span><\/strong><\/p>\n<p align=\"left\"><span style=\"font-size: small;\">Fonte:<a href=\"https:\/\/www.pbagora.com.br\/conteudo.php?id=20170213125310&amp;cat=saude&amp;keys=recusada-universidade-estilista-sindrome-down-vira-jogo\" target=\"_blank\">https:\/\/www.pbagora.com.br\/<\/a><\/span><\/p>\n","protected":false},"excerpt":{"rendered":"<p>Isabella Springmuhl nunca desistiu de seu sonho e hoje, aos 20 anos, \u00e9 a primeira estilista com s\u00edndrome de Down da hist\u00f3ria. A jovem guatemalteca j\u00e1 foi convidada para apresentar uma cole\u00e7\u00e3o na Semana de Moda de Londres e integrou uma lista elaborada pela BBC das 100 mulheres mais influentes do mundo em 2016. Nada [&hellip;]<\/p>\n","protected":false},"author":4,"featured_media":0,"comment_status":"open","ping_status":"open","sticky":false,"template":"","format":"standard","meta":{"footnotes":""},"categories":[18,28,43],"tags":[],"class_list":["post-3898","post","type-post","status-publish","format-standard","hentry","category-down","category-geral","category-noticia"],"_links":{"self":[{"href":"https:\/\/socepel.com.br\/index.php?rest_route=\/wp\/v2\/posts\/3898","targetHints":{"allow":["GET"]}}],"collection":[{"href":"https:\/\/socepel.com.br\/index.php?rest_route=\/wp\/v2\/posts"}],"about":[{"href":"https:\/\/socepel.com.br\/index.php?rest_route=\/wp\/v2\/types\/post"}],"author":[{"embeddable":true,"href":"https:\/\/socepel.com.br\/index.php?rest_route=\/wp\/v2\/users\/4"}],"replies":[{"embeddable":true,"href":"https:\/\/socepel.com.br\/index.php?rest_route=%2Fwp%2Fv2%2Fcomments&post=3898"}],"version-history":[{"count":2,"href":"https:\/\/socepel.com.br\/index.php?rest_route=\/wp\/v2\/posts\/3898\/revisions"}],"predecessor-version":[{"id":3901,"href":"https:\/\/socepel.com.br\/index.php?rest_route=\/wp\/v2\/posts\/3898\/revisions\/3901"}],"wp:attachment":[{"href":"https:\/\/socepel.com.br\/index.php?rest_route=%2Fwp%2Fv2%2Fmedia&parent=3898"}],"wp:term":[{"taxonomy":"category","embeddable":true,"href":"https:\/\/socepel.com.br\/index.php?rest_route=%2Fwp%2Fv2%2Fcategories&post=3898"},{"taxonomy":"post_tag","embeddable":true,"href":"https:\/\/socepel.com.br\/index.php?rest_route=%2Fwp%2Fv2%2Ftags&post=3898"}],"curies":[{"name":"wp","href":"https:\/\/api.w.org\/{rel}","templated":true}]}}