{"id":3894,"date":"2017-02-10T23:57:56","date_gmt":"2017-02-10T23:57:56","guid":{"rendered":"http:\/\/www.socepel.com.br\/wpress\/?p=3894"},"modified":"2017-02-12T00:03:37","modified_gmt":"2017-02-12T00:03:37","slug":"mpf-determina-contratacao-imediata-de-interprete-de-libras-no-ifg","status":"publish","type":"post","link":"https:\/\/socepel.com.br\/?p=3894","title":{"rendered":"MPF determina contrata\u00e7\u00e3o imediata de int\u00e9rprete de Libras no IFG"},"content":{"rendered":"<p><strong><span style=\"font-family: Raleway, sans-serif; color: #000080;\"><span style=\"font-size: large;\">Institui\u00e7\u00e3o e a Uni\u00e3o n\u00e3o est\u00e3o cumprindo adequadamente com seus deveres legais de disponibilizarem tradutores int\u00e9rpretes de Libras a estudantes surdos<\/span><\/span><\/strong><\/p>\n<p align=\"justify\"><span style=\"color: #292f33;\"><span style=\"font-family: Raleway, sans-serif;\"><span style=\"font-size: medium;\"><a href=\"http:\/\/www.socepel.com.br\/wpress\/?attachment_id=3895\" rel=\"attachment wp-att-3895\"><img loading=\"lazy\" decoding=\"async\" class=\"aligncenter size-full wp-image-3895\" src=\"http:\/\/www.socepel.com.br\/wpress\/wp-content\/uploads\/2017\/02\/Noticia_20170210-1_Imagem.jpg\" alt=\"Noticia_20170210-1_Imagem\" width=\"600\" height=\"455\" srcset=\"https:\/\/socepel.com.br\/wp-content\/uploads\/2017\/02\/Noticia_20170210-1_Imagem.jpg 600w, https:\/\/socepel.com.br\/wp-content\/uploads\/2017\/02\/Noticia_20170210-1_Imagem-300x228.jpg 300w\" sizes=\"auto, (max-width: 600px) 100vw, 600px\" \/><\/a>O Minist\u00e9rio P\u00fablico Federal em Goi\u00e1s (MPF-GO) ajuizou, na \u00faltima sexta-feira (3), uma A\u00e7\u00e3o Civil P\u00fablica (ACP), com pedido de tutela provis\u00f3ria de urg\u00eancia liminar, para que a Uni\u00e3o libere, imediatamente, a contrata\u00e7\u00e3o de tradutores\/int\u00e9rpretes de Libras em n\u00famero suficiente ao pleno atendimento dos alunos surdos do Instituto Federal de Educa\u00e7\u00e3o, Ci\u00eancia e Tecnologia de Goi\u00e1s (IFG). A a\u00e7\u00e3o foi distribu\u00edda \u00e0 7\u00aa Vara da Justi\u00e7a Federal em Goi\u00e1s, comandada pelo juiz federal Mark Yshida Brand\u00e3o.<\/span><\/span><\/span><\/p>\n<p align=\"justify\"><span style=\"color: #292f33;\"><span style=\"font-family: Raleway, sans-serif;\"><span style=\"font-size: medium;\">A a\u00e7\u00e3o tem origem em um procedimento preparat\u00f3rio instaurado pelo MPF-GO, em 2016, ap\u00f3s representa\u00e7\u00e3o de um estudante do IFG que informou que a institui\u00e7\u00e3o de ensino n\u00e3o tem oferecido, a contento, o acompanhamento de int\u00e9rpretes para os alunos surdos do curso de Pedagogia Bil\u00edngue. Com o n\u00famero reduzido destes profissionais, os alunos surdos ficam desassistidos, comprometendo, n\u00e3o raro, a compreens\u00e3o dos conte\u00fados ministrados em sala de aula.<\/span><\/span><\/span><\/p>\n<p align=\"justify\"><span style=\"color: #292f33;\"><span style=\"font-family: Raleway, sans-serif;\"><span style=\"font-size: medium;\">Em informa\u00e7\u00f5es fornecidas ao MPF-GO pelo pr\u00f3prio IFG, o Minist\u00e9rio do Planejamento somente autoriza as contrata\u00e7\u00f5es dos tradutores\/int\u00e9rpretes por meio de portaria interministerial ou de decis\u00e3o judicial e admite que o atual n\u00famero de profissionais n\u00e3o tem sido suficiente para o atendimento da demanda.<\/span><\/span><\/span><\/p>\n<p align=\"justify\"><span style=\"color: #292f33;\"><span style=\"font-family: Raleway, sans-serif;\"><span style=\"font-size: medium;\">Para a procuradora da Rep\u00fablica que cuida do caso, Mariane Guimar\u00e3es, com o in\u00edcio do ano letivo de 2017 e a aus\u00eancia de provid\u00eancias adequadas para a solu\u00e7\u00e3o do problema por parte dos \u00f3rg\u00e3os p\u00fablicos envolvidos, fica demonstrada uma omiss\u00e3o il\u00edcita da Administra\u00e7\u00e3o P\u00fablica Federal, que n\u00e3o pode ser tolerada. \u201cN\u00e3o nos restou alternativa sen\u00e3o ingressar em ju\u00edzo visando a tutela de urg\u00eancia do direito \u00e0 educa\u00e7\u00e3o dos estudantes surdos do IFG\u201d, esclarece a procuradora.<\/span><\/span><\/span><\/p>\n<p align=\"justify\"><strong><span style=\"color: #292f33;\"><span style=\"font-family: Raleway, sans-serif;\"><span style=\"font-size: medium;\"><b>Pedidos<\/b><\/span><\/span><\/span><\/strong><\/p>\n<p align=\"justify\"><span style=\"color: #292f33;\"><span style=\"font-family: Raleway, sans-serif;\"><span style=\"font-size: medium;\">Na a\u00e7\u00e3o, entre outras solicita\u00e7\u00f5es, o MPF-GO pede \u00e0 Justi\u00e7a Federal que determine \u00e0 Uni\u00e3o, por meio do Minist\u00e9rio do Planejamento, que libere, imediatamente, a contrata\u00e7\u00e3o de tradutores\/int\u00e9rpretes de Libras, em car\u00e1ter definitivo ou tempor\u00e1rio, em n\u00famero suficiente para o acompanhamento de todos os alunos surdos matriculados at\u00e9 a data da concess\u00e3o do provimento judicial, em todos os campi do IFG, sob pena de multa di\u00e1ria de R$ 1 mil em caso de descumprimento.<\/span><\/span><\/span><\/p>\n<p align=\"justify\"><span style=\"color: #292f33;\"><span style=\"font-family: Raleway, sans-serif;\"><span style=\"font-size: medium;\">J\u00e1 ao IFG caber\u00e1, caso a Justi\u00e7a Federal acate os pedidos, a realiza\u00e7\u00e3o de processo seletivo e contrata\u00e7\u00e3o desses profissionais no prazo m\u00e1ximo de 30 dias, sob pena de multa di\u00e1ria do mesmo valor.<\/span><\/span><\/span><\/p>\n<p align=\"justify\"><span style=\"color: #292f33;\"><span style=\"font-family: Raleway, sans-serif;\"><span style=\"font-size: medium;\">Fonte:<span style=\"font-size: small;\"><a href=\"http:\/\/www.emaisgoias.com.br\/\" target=\"_blank\">http:\/\/www.emaisgoias.com.br\/mpf-determina-contratacao-imediata-de-interprete-de-libras-no-ifg\/<\/a><\/span><\/span><\/span><\/span><\/p>\n","protected":false},"excerpt":{"rendered":"<p>Institui\u00e7\u00e3o e a Uni\u00e3o n\u00e3o est\u00e3o cumprindo adequadamente com seus deveres legais de disponibilizarem tradutores int\u00e9rpretes de Libras a estudantes surdos O Minist\u00e9rio P\u00fablico Federal em Goi\u00e1s (MPF-GO) ajuizou, na \u00faltima sexta-feira (3), uma A\u00e7\u00e3o Civil P\u00fablica (ACP), com pedido de tutela provis\u00f3ria de urg\u00eancia liminar, para que a Uni\u00e3o libere, imediatamente, a contrata\u00e7\u00e3o de [&hellip;]<\/p>\n","protected":false},"author":4,"featured_media":0,"comment_status":"open","ping_status":"open","sticky":false,"template":"","format":"standard","meta":{"footnotes":""},"categories":[19,28,35,40,43],"tags":[],"class_list":["post-3894","post","type-post","status-publish","format-standard","hentry","category-educacao","category-geral","category-libras","category-mpf","category-noticia"],"_links":{"self":[{"href":"https:\/\/socepel.com.br\/index.php?rest_route=\/wp\/v2\/posts\/3894","targetHints":{"allow":["GET"]}}],"collection":[{"href":"https:\/\/socepel.com.br\/index.php?rest_route=\/wp\/v2\/posts"}],"about":[{"href":"https:\/\/socepel.com.br\/index.php?rest_route=\/wp\/v2\/types\/post"}],"author":[{"embeddable":true,"href":"https:\/\/socepel.com.br\/index.php?rest_route=\/wp\/v2\/users\/4"}],"replies":[{"embeddable":true,"href":"https:\/\/socepel.com.br\/index.php?rest_route=%2Fwp%2Fv2%2Fcomments&post=3894"}],"version-history":[{"count":2,"href":"https:\/\/socepel.com.br\/index.php?rest_route=\/wp\/v2\/posts\/3894\/revisions"}],"predecessor-version":[{"id":3897,"href":"https:\/\/socepel.com.br\/index.php?rest_route=\/wp\/v2\/posts\/3894\/revisions\/3897"}],"wp:attachment":[{"href":"https:\/\/socepel.com.br\/index.php?rest_route=%2Fwp%2Fv2%2Fmedia&parent=3894"}],"wp:term":[{"taxonomy":"category","embeddable":true,"href":"https:\/\/socepel.com.br\/index.php?rest_route=%2Fwp%2Fv2%2Fcategories&post=3894"},{"taxonomy":"post_tag","embeddable":true,"href":"https:\/\/socepel.com.br\/index.php?rest_route=%2Fwp%2Fv2%2Ftags&post=3894"}],"curies":[{"name":"wp","href":"https:\/\/api.w.org\/{rel}","templated":true}]}}