{"id":3890,"date":"2017-02-09T23:58:27","date_gmt":"2017-02-09T23:58:27","guid":{"rendered":"http:\/\/www.socepel.com.br\/wpress\/?p=3890"},"modified":"2017-02-11T00:06:27","modified_gmt":"2017-02-11T00:06:27","slug":"banda-malta-lanca-clipe-protagonizado-por-casal-com-sindrome-de-down","status":"publish","type":"post","link":"https:\/\/socepel.com.br\/?p=3890","title":{"rendered":"Banda Malta lan\u00e7a clipe protagonizado por casal com S\u00edndrome de Down"},"content":{"rendered":"<p align=\"justify\"><strong><span style=\"color: #000080;\">M\u00fasica conta ainda com parceria de Marcos &amp; Belluti<\/span><\/strong><\/p>\n<p align=\"justify\"><span style=\"color: #000000;\"><span style=\"font-family: OpenSans, sans-serif;\"><span style=\"font-size: medium;\"><a href=\"http:\/\/www.socepel.com.br\/wpress\/?attachment_id=3891\" rel=\"attachment wp-att-3891\"><img loading=\"lazy\" decoding=\"async\" class=\"aligncenter size-full wp-image-3891\" src=\"http:\/\/www.socepel.com.br\/wpress\/wp-content\/uploads\/2017\/02\/Noticia_20170209-1_Imagem.jpg\" alt=\"Noticia_20170209-1_Imagem\" width=\"600\" height=\"369\" srcset=\"https:\/\/socepel.com.br\/wp-content\/uploads\/2017\/02\/Noticia_20170209-1_Imagem.jpg 600w, https:\/\/socepel.com.br\/wp-content\/uploads\/2017\/02\/Noticia_20170209-1_Imagem-300x185.jpg 300w\" sizes=\"auto, (max-width: 600px) 100vw, 600px\" \/><\/a>A banda Malta lan\u00e7a o clipe da m\u00fasica &#8220;Primeiro Amor\u201d nesta quinta-feira (09), e tem participa\u00e7\u00e3o especial de Marcos e Belutti. O clipe marca o engajamento da banda com quest\u00e3o de inclus\u00e3o social. O v\u00eddeo \u00e9 estrelado por um casal de atores portadores da S\u00edndrome de Down.<\/span><\/span><\/span><\/p>\n<p align=\"justify\"><span style=\"color: #000000;\"><span style=\"font-family: OpenSans, sans-serif;\"><span style=\"font-size: medium;\">O guitarrista da banda, Thor Moraes, tem um irm\u00e3o portador da doen\u00e7a e tinha vontade de falar sobre o assunto em algum dos v\u00eddeos da banda.<\/span><\/span><\/span><\/p>\n<p align=\"justify\"><span style=\"color: #000000;\">\u2014 <\/span><span style=\"color: #000000;\"><span style=\"font-family: OpenSans, sans-serif;\"><span style=\"font-size: medium;\">Sempre quis ter um clipe com atores com s\u00edndrome Down, para mostrar que n\u00e3o existem limita\u00e7\u00f5es, a n\u00e3o ser aquelas impostas por n\u00f3s mesmos, e que o amor n\u00e3o conhece fronteiras, ra\u00e7as ou g\u00eaneros. Todos t\u00eam o direito de amar e ser respeitado, independentemente de qualquer coisa. A Malta sempre teve essa base de falar sobre relacionamentos, e agora envolvendo inclus\u00e3o, que toca em um assunto muito importante e muito especial para mim, minha fam\u00edlia e muitas outras pessoas<\/span><\/span><\/span><\/p>\n<p align=\"justify\"><span style=\"color: #000000;\"><span style=\"font-family: OpenSans, sans-serif;\"><span style=\"font-size: medium;\">Os atores Ariel Goldenberg e Rita Pokk s\u00e3o casados na vida real e interpretam namorados que vivem a dor da separa\u00e7\u00e3o. Os atores j\u00e1 protagonizaram o filme nacional Colegas, de 2013.<\/span><\/span><\/span><\/p>\n<p align=\"justify\"><span style=\"color: #000000;\"><span style=\"font-family: OpenSans, sans-serif;\"><span style=\"font-size: medium;\">Assista o clipe abaixo:<\/span><\/span><\/span><\/p>\n<p align=\"justify\"><iframe loading=\"lazy\" src=\"https:\/\/www.youtube.com\/embed\/j6VnQEY88JQ?ecver=1\" width=\"560\" height=\"315\" frameborder=\"0\" allowfullscreen=\"allowfullscreen\"><\/iframe><\/p>\n<p>Fonte:<a href=\"http:\/\/entretenimento.r7.com\/pop\/banda-malta-lanca-clipe-protagonizado-por-casal-com-sindrome-de-down-09022017\" target=\"_blank\">http:\/\/entretenimento.r7.com\/<\/a><\/p>\n","protected":false},"excerpt":{"rendered":"<p>M\u00fasica conta ainda com parceria de Marcos &amp; Belluti A banda Malta lan\u00e7a o clipe da m\u00fasica &#8220;Primeiro Amor\u201d nesta quinta-feira (09), e tem participa\u00e7\u00e3o especial de Marcos e Belutti. O clipe marca o engajamento da banda com quest\u00e3o de inclus\u00e3o social. O v\u00eddeo \u00e9 estrelado por um casal de atores portadores da S\u00edndrome de [&hellip;]<\/p>\n","protected":false},"author":4,"featured_media":0,"comment_status":"open","ping_status":"open","sticky":false,"template":"","format":"standard","meta":{"footnotes":""},"categories":[18,28,43,57],"tags":[],"class_list":["post-3890","post","type-post","status-publish","format-standard","hentry","category-down","category-geral","category-noticia","category-video"],"_links":{"self":[{"href":"https:\/\/socepel.com.br\/index.php?rest_route=\/wp\/v2\/posts\/3890","targetHints":{"allow":["GET"]}}],"collection":[{"href":"https:\/\/socepel.com.br\/index.php?rest_route=\/wp\/v2\/posts"}],"about":[{"href":"https:\/\/socepel.com.br\/index.php?rest_route=\/wp\/v2\/types\/post"}],"author":[{"embeddable":true,"href":"https:\/\/socepel.com.br\/index.php?rest_route=\/wp\/v2\/users\/4"}],"replies":[{"embeddable":true,"href":"https:\/\/socepel.com.br\/index.php?rest_route=%2Fwp%2Fv2%2Fcomments&post=3890"}],"version-history":[{"count":1,"href":"https:\/\/socepel.com.br\/index.php?rest_route=\/wp\/v2\/posts\/3890\/revisions"}],"predecessor-version":[{"id":3892,"href":"https:\/\/socepel.com.br\/index.php?rest_route=\/wp\/v2\/posts\/3890\/revisions\/3892"}],"wp:attachment":[{"href":"https:\/\/socepel.com.br\/index.php?rest_route=%2Fwp%2Fv2%2Fmedia&parent=3890"}],"wp:term":[{"taxonomy":"category","embeddable":true,"href":"https:\/\/socepel.com.br\/index.php?rest_route=%2Fwp%2Fv2%2Fcategories&post=3890"},{"taxonomy":"post_tag","embeddable":true,"href":"https:\/\/socepel.com.br\/index.php?rest_route=%2Fwp%2Fv2%2Ftags&post=3890"}],"curies":[{"name":"wp","href":"https:\/\/api.w.org\/{rel}","templated":true}]}}