{"id":3875,"date":"2017-02-04T23:11:47","date_gmt":"2017-02-04T23:11:47","guid":{"rendered":"http:\/\/www.socepel.com.br\/wpress\/?p=3875"},"modified":"2017-02-07T23:19:20","modified_gmt":"2017-02-07T23:19:20","slug":"oitenta-pacientes-recebem-aparelhos-de-surdez-em-arapongas","status":"publish","type":"post","link":"https:\/\/socepel.com.br\/?p=3875","title":{"rendered":"Oitenta pacientes recebem\u00a0aparelhos de surdez\u00a0em Arapongas"},"content":{"rendered":"<p><a href=\"http:\/\/m.tnonline.uol.com.br\/noticias\/arapongas\/46,401679,03,02,oitenta-pacientes-recebem-aparelhos-de-surdez-em-arapongas.shtml%20rel=#\"><span style=\"color: #2199e8;\"><span style=\"font-family: 'Open Sans', Lato, 'Helvetica Neue', Helvetica, Arial, sans-serif;\"><span style=\"font-size: small;\">Fernanda Neme<\/span><\/span><\/span><\/a><\/p>\n<p>VIDEO<\/p>\n<p><iframe loading=\"lazy\" src=\"https:\/\/mais.uol.com.br\/static\/uolplayer\/index.html?mediaId=16130698\" width=\"100%\" height=\"360\" frameborder=\"0\" allowfullscreen=\"allowfullscreen\"><\/iframe><\/p>\n<p style=\"text-align: justify;\" align=\"justify\"><strong><span style=\"font-family: 'Open Sans', Lato, 'Helvetica Neue', Helvetica, Arial, sans-serif;\">Oitenta pr\u00f3teses auditivas foram entregues nesta sexta-feira\u00a0(3), no Centro de Sa\u00fade Jaime de Lima, em Arapongas. A iniciativa \u00e9 da Secretaria de Sa\u00fade do munic\u00edpio em parceria com o Instituto Londrinense de Educa\u00e7\u00e3o de Surdos (Iles).<\/span><\/strong><\/p>\n<p style=\"text-align: justify;\" align=\"justify\"><strong><span style=\"font-family: 'Open Sans', Lato, 'Helvetica Neue', Helvetica, Arial, sans-serif;\">A distribui\u00e7\u00e3o dos aparelhos, que integra o mutir\u00e3o de adapta\u00e7\u00e3o de pr\u00f3teses auditivas do Cons\u00f3rcio Intermunicipal de Sa\u00fade do Vale do Iva\u00ed e Regi\u00e3o (Cisvir), come\u00e7ou hoje e continua na pr\u00f3xima segunda-feira (6).<\/span><\/strong><\/p>\n<p style=\"text-align: justify;\" align=\"justify\"><strong>\u201c<span style=\"font-family: 'Open Sans', Lato, 'Helvetica Neue', Helvetica, Arial, sans-serif;\">Vamos zerar a fila de pessoas que precisam de aparelhos de surdez em Arapongas\u201d, garantiu o gerente administrativo do Iles, Zenildo dos Santos, de Londrina.<\/span><\/strong><\/p>\n<p align=\"justify\"><strong><span style=\"font-family: 'Open Sans', Lato, 'Helvetica Neue', Helvetica, Arial, sans-serif;\"><a href=\"http:\/\/www.socepel.com.br\/wpress\/?attachment_id=3876\" rel=\"attachment wp-att-3876\"><img loading=\"lazy\" decoding=\"async\" class=\"aligncenter size-full wp-image-3876\" src=\"http:\/\/www.socepel.com.br\/wpress\/wp-content\/uploads\/2017\/02\/Noticia_20170204-1_Imagem.jpg\" alt=\"Noticia_20170204-1_Imagem\" width=\"600\" height=\"374\" srcset=\"https:\/\/socepel.com.br\/wp-content\/uploads\/2017\/02\/Noticia_20170204-1_Imagem.jpg 600w, https:\/\/socepel.com.br\/wp-content\/uploads\/2017\/02\/Noticia_20170204-1_Imagem-300x187.jpg 300w\" sizes=\"auto, (max-width: 600px) 100vw, 600px\" \/><\/a>Segundo Zenildo, o investimento financeiro girou em torno de R$ 200 mil, j\u00e1 que o valor das pr\u00f3teses varia de acordo com a tecnologia, ou seja, de R$ 525 a R$1.100. Al\u00e9m disso, \u201cTodo repasse financeiro foi feito pelo Cisvir, que \u00e9 uma verba que vem do Minist\u00e9rio da Sa\u00fade, exclusivamente destinada a este setor\u201d, explica.<\/span><\/strong><\/p>\n<p><em><span style=\"color: #333333;\"><span style=\"font-family: 'Open Sans', Lato, 'Helvetica Neue', Helvetica, Arial, sans-serif;\"><i><b>A mat\u00e9ria completa voc\u00ea confere na edi\u00e7\u00e3o impressa ou vers\u00e3o digital deste s\u00e1bado (4), do jornal Tribuna do Norte.<\/b><\/i><\/span><\/span><\/em><\/p>\n<p align=\"justify\"><span style=\"color: #000000;\"><span style=\"font-family: 'Open Sans', Lato, 'Helvetica Neue', Helvetica, Arial, sans-serif;\">Fonte:<a href=\"http:\/\/m.tnonline.uol.com.br\/noticias\/arapongas\/46,401679,03,02,oitenta-pacientes-recebem-aparelhos-de-surdez-em-arapongas.shtml%20rel\" target=\"_blank\">http:\/\/m.tnonline.uol.com.br\/<\/a>=<\/span><\/span><\/p>\n","protected":false},"excerpt":{"rendered":"<p>Fernanda Neme VIDEO Oitenta pr\u00f3teses auditivas foram entregues nesta sexta-feira\u00a0(3), no Centro de Sa\u00fade Jaime de Lima, em Arapongas. A iniciativa \u00e9 da Secretaria de Sa\u00fade do munic\u00edpio em parceria com o Instituto Londrinense de Educa\u00e7\u00e3o de Surdos (Iles). A distribui\u00e7\u00e3o dos aparelhos, que integra o mutir\u00e3o de adapta\u00e7\u00e3o de pr\u00f3teses auditivas do Cons\u00f3rcio Intermunicipal [&hellip;]<\/p>\n","protected":false},"author":4,"featured_media":0,"comment_status":"open","ping_status":"open","sticky":false,"template":"","format":"standard","meta":{"footnotes":""},"categories":[43,48,52],"tags":[],"class_list":["post-3875","post","type-post","status-publish","format-standard","hentry","category-noticia","category-saude","category-surdez"],"_links":{"self":[{"href":"https:\/\/socepel.com.br\/index.php?rest_route=\/wp\/v2\/posts\/3875","targetHints":{"allow":["GET"]}}],"collection":[{"href":"https:\/\/socepel.com.br\/index.php?rest_route=\/wp\/v2\/posts"}],"about":[{"href":"https:\/\/socepel.com.br\/index.php?rest_route=\/wp\/v2\/types\/post"}],"author":[{"embeddable":true,"href":"https:\/\/socepel.com.br\/index.php?rest_route=\/wp\/v2\/users\/4"}],"replies":[{"embeddable":true,"href":"https:\/\/socepel.com.br\/index.php?rest_route=%2Fwp%2Fv2%2Fcomments&post=3875"}],"version-history":[{"count":2,"href":"https:\/\/socepel.com.br\/index.php?rest_route=\/wp\/v2\/posts\/3875\/revisions"}],"predecessor-version":[{"id":3878,"href":"https:\/\/socepel.com.br\/index.php?rest_route=\/wp\/v2\/posts\/3875\/revisions\/3878"}],"wp:attachment":[{"href":"https:\/\/socepel.com.br\/index.php?rest_route=%2Fwp%2Fv2%2Fmedia&parent=3875"}],"wp:term":[{"taxonomy":"category","embeddable":true,"href":"https:\/\/socepel.com.br\/index.php?rest_route=%2Fwp%2Fv2%2Fcategories&post=3875"},{"taxonomy":"post_tag","embeddable":true,"href":"https:\/\/socepel.com.br\/index.php?rest_route=%2Fwp%2Fv2%2Ftags&post=3875"}],"curies":[{"name":"wp","href":"https:\/\/api.w.org\/{rel}","templated":true}]}}