{"id":3869,"date":"2017-01-30T21:19:52","date_gmt":"2017-01-30T21:19:52","guid":{"rendered":"http:\/\/www.socepel.com.br\/wpress\/?p=3869"},"modified":"2017-02-07T21:31:34","modified_gmt":"2017-02-07T21:31:34","slug":"associacao-diz-que-ensino-de-libras-cresce-em-itabira-mas-falta-mercado-para-surdos","status":"publish","type":"post","link":"https:\/\/socepel.com.br\/?p=3869","title":{"rendered":"Associa\u00e7\u00e3o diz que ensino de libras cresce em Itabira, mas falta mercado para surdos"},"content":{"rendered":"<p style=\"text-align: justify;\"><strong><span style=\"color: #333333;\"><span style=\"font-family: Arial, Verdana, Geneva, sans-serif;\"><span style=\"font-size: small;\"><a href=\"http:\/\/www.socepel.com.br\/wpress\/?attachment_id=3870\" rel=\"attachment wp-att-3870\"><img loading=\"lazy\" decoding=\"async\" class=\"alignright size-full wp-image-3870\" src=\"http:\/\/www.socepel.com.br\/wpress\/wp-content\/uploads\/2017\/02\/Noticia_20170130-1A_Imagem.jpg\" alt=\"Noticia_20170130-1A_Imagem\" width=\"600\" height=\"359\" srcset=\"https:\/\/socepel.com.br\/wp-content\/uploads\/2017\/02\/Noticia_20170130-1A_Imagem.jpg 600w, https:\/\/socepel.com.br\/wp-content\/uploads\/2017\/02\/Noticia_20170130-1A_Imagem-300x180.jpg 300w\" sizes=\"auto, (max-width: 600px) 100vw, 600px\" \/><\/a><\/span><\/span><\/span><span style=\"color: #333333;\"><span style=\"font-family: Arial, Verdana, Geneva, sans-serif;\"><span style=\"font-size: small;\">nserir os surdos em todos os sentidos na sociedade. Esse \u00e9 o principal objetivo da Associa\u00e7\u00e3o de Pais e Amigos do Surdo de Itabira (Apasita), que promoveu nesse s\u00e1bado, 28 de janeiro, um encontro para discutir sobre os direitos dos associados, inclus\u00e3o social, inser\u00e7\u00e3o no mercado de trabalho, autonomia para gerir a entidade, entre outros temas.<\/span><\/span><\/span><\/strong><\/p>\n<p style=\"text-align: justify;\"><strong><span style=\"color: #333333;\"><span style=\"font-family: Arial, Verdana, Geneva, sans-serif;\"><span style=\"font-size: small;\"><a href=\"http:\/\/www.socepel.com.br\/wpress\/?attachment_id=3871\" rel=\"attachment wp-att-3871\"><img loading=\"lazy\" decoding=\"async\" class=\"alignright size-full wp-image-3871\" src=\"http:\/\/www.socepel.com.br\/wpress\/wp-content\/uploads\/2017\/02\/Noticia_20170130-2B_Imagem.jpg\" alt=\"Noticia_20170130-2B_Imagem\" width=\"600\" height=\"572\" srcset=\"https:\/\/socepel.com.br\/wp-content\/uploads\/2017\/02\/Noticia_20170130-2B_Imagem.jpg 600w, https:\/\/socepel.com.br\/wp-content\/uploads\/2017\/02\/Noticia_20170130-2B_Imagem-300x286.jpg 300w\" sizes=\"auto, (max-width: 600px) 100vw, 600px\" \/><\/a><\/span><\/span><\/span><\/strong><span style=\"color: #333333;\"><span style=\"font-family: Arial, Verdana, Geneva, sans-serif;\"><span style=\"font-size: small;\"><span style=\"color: #000000;\">Das 13h \u00e0s 17h, no audit\u00f3rio da Acita, o p\u00fablico prestigiou palestras com representantes da administra\u00e7\u00e3o regional da Federa\u00e7\u00e3o Nacional de Educa\u00e7\u00e3o e Integra\u00e7\u00e3o dos Surdos (Feneis) em Minas Gerais.<\/span><\/span><\/span><\/span><\/p>\n<p style=\"text-align: justify;\"><span style=\"color: #000000;\"><span style=\"font-family: Arial, Verdana, Geneva, sans-serif;\"><span style=\"font-size: small;\"><a href=\"http:\/\/www.socepel.com.br\/wpress\/?attachment_id=3872\" rel=\"attachment wp-att-3872\"><img loading=\"lazy\" decoding=\"async\" class=\"alignright size-full wp-image-3872\" src=\"http:\/\/www.socepel.com.br\/wpress\/wp-content\/uploads\/2017\/02\/Noticia_20170130-2C_Imagem.jpg\" alt=\"Noticia_20170130-2C_Imagem\" width=\"300\" height=\"169\" srcset=\"https:\/\/socepel.com.br\/wp-content\/uploads\/2017\/02\/Noticia_20170130-2C_Imagem.jpg 300w, https:\/\/socepel.com.br\/wp-content\/uploads\/2017\/02\/Noticia_20170130-2C_Imagem-70x40.jpg 70w\" sizes=\"auto, (max-width: 300px) 100vw, 300px\" \/><\/a><\/span><\/span><span style=\"font-family: Arial, Verdana, Geneva, sans-serif;\"><span style=\"font-size: small;\">De acordo com a presidente, Enilza Soares Greg\u00f3rio, a maior preocupa\u00e7\u00e3o da associa\u00e7\u00e3o \u00e9 conseguir inserir os surdos no mercado de trabalho. Segundo Enilza, Itabira vive um problema: a libra est\u00e1 crescendo na cidade, mas, ao mesmo tempo, n\u00e3o gera inser\u00e7\u00e3o dos surdos na sociedade. \u201cTemos que conciliar as duas coisas, dar oportunidade para o ouvinte ajudar o surdo\u201d, frisou.<\/span><\/span><\/span><\/p>\n<p style=\"text-align: justify;\"><span style=\"color: #000000;\"><span style=\"font-family: Arial, Verdana, Geneva, sans-serif;\"><span style=\"font-size: small;\">Enilza tem um filho surdo, de 19 anos. Durante a gravidez, ela teve rub\u00e9ola, que gerou a surdez no filho. \u201cFalo para meu filho que se ele quer ser grande, ele tem que se fazer grande. Temos que incentivar os surdos a correram atr\u00e1s e buscar melhorias\u201d, salientou.<\/span><\/span><\/span><\/p>\n<p><strong><span style=\"font-family: Arial, Verdana, Geneva, sans-serif; color: #000000;\"><span style=\"font-size: small;\"><span style=\"font-family: inherit;\">Almejos<\/span><\/span><\/span><\/strong><\/p>\n<p style=\"text-align: justify;\"><strong><span style=\"color: #000000;\"><span style=\"font-family: Arial, Verdana, Geneva, sans-serif;\"><span style=\"font-size: small;\">Al\u00e9m da inser\u00e7\u00e3o na sociedade, outro problema apontado por Enilza \u00e9 com a educa\u00e7\u00e3o. \u201cNa escola estadual a dificuldade \u00e9 maior, na rede p\u00fablica, temos um acompanhamento. Mas com essa mudan\u00e7a de governo, a gente tem uma esperan\u00e7a muito grande que venha dar uma melhorada. A gente espera unir for\u00e7as\u201d, disse.<\/span><\/span><\/span><\/strong><\/p>\n<p style=\"text-align: justify;\"><strong><span style=\"color: #000000;\"><span style=\"font-family: Arial, Verdana, Geneva, sans-serif;\"><span style=\"font-size: small;\"><a href=\"http:\/\/www.socepel.com.br\/wpress\/?attachment_id=3873\" rel=\"attachment wp-att-3873\"><img loading=\"lazy\" decoding=\"async\" class=\"aligncenter size-full wp-image-3873\" src=\"http:\/\/www.socepel.com.br\/wpress\/wp-content\/uploads\/2017\/02\/Noticia_20170130-2D_Imagem.jpg\" alt=\"Noticia_20170130-2D_Imagem\" width=\"600\" height=\"450\" srcset=\"https:\/\/socepel.com.br\/wp-content\/uploads\/2017\/02\/Noticia_20170130-2D_Imagem.jpg 600w, https:\/\/socepel.com.br\/wp-content\/uploads\/2017\/02\/Noticia_20170130-2D_Imagem-300x225.jpg 300w\" sizes=\"auto, (max-width: 600px) 100vw, 600px\" \/><\/a>O grande sonho da Apasita \u00e9 que os surdos comandem a associa\u00e7\u00e3o. No primeiro momento, como o surdo ainda n\u00e3o entende como construir uma associa\u00e7\u00e3o, os pais est\u00e3o \u00e0 frente. \u201cMas a gente espera que num futuro muito breve, que eles venham comandar a associa\u00e7\u00e3o\u201d, contou.<\/span><\/span><\/span><\/strong><\/p>\n<p><strong><span style=\"color: #000000;\"><span style=\"font-family: inherit;\"><span style=\"font-size: small;\">A associa\u00e7\u00e3o<\/span><\/span><\/span><\/strong><\/p>\n<p style=\"text-align: justify;\"><strong><span style=\"color: #000000;\"><span style=\"font-family: Arial, Verdana, Geneva, sans-serif;\"><span style=\"font-size: small;\">A Apasita foi criada h\u00e1 tr\u00eas meses por pais de surdos em Itabira. A associa\u00e7\u00e3o surgiu a partir de reuni\u00f5es realizadas h\u00e1 mais de 10 anos entre seis pais de deficientes auditivos. Hoje, a Apasita conta com 30 membros, entre pais, amigos, surdos e int\u00e9rpretes.<\/span><\/span><\/span><\/strong><\/p>\n<p style=\"text-align: justify;\"><strong><span style=\"color: #000000;\"><span style=\"font-family: Arial, Verdana, Geneva, sans-serif;\"><span style=\"font-size: small;\">Um dos objetivos da entidade \u00e9 aproximar todas as fam\u00edlias que possuem membros com surdez em Itabira e, com isso, proporcionar mais qualidade de vida aos associados.<\/span><\/span><\/span><\/strong><\/p>\n<p style=\"text-align: justify;\" align=\"justify\"><span style=\"font-family: inherit;\"><span style=\"font-size: small;\"><span style=\"color: #333333;\"><strong><span style=\"color: #000000;\">Quer fazer parte da associa\u00e7\u00e3o, saber mais informa\u00e7\u00f5es ou colaborar? Entre em contato atrav\u00e9s do telefone (31) 98572-4547. O endere\u00e7o provis\u00f3rio do grupo \u00e9 a rua Tabeli\u00e3o Waldemar de Alvarenga Lage, 378, bairro \u00c1gua Fresca<\/span><\/strong>.\u00a0<\/span><\/span><\/span><\/p>\n<p><span style=\"color: #333333;\"><span style=\"font-family: Arial, Verdana, Geneva, sans-serif;\"><span style=\"font-size: small;\">Fonte :30<a href=\"http:\/\/www.defatoonline.com.br\/noticias\/ultimas\/30-01-2017\/associacao-diz-que-ensino-de-libras-cresce-em-itabira-mas-falta-mercado-para-surdos\" target=\"_blank\">http:\/\/www.defatoonline.com.br\/<\/a><\/span><\/span><\/span><\/p>\n","protected":false},"excerpt":{"rendered":"<p>nserir os surdos em todos os sentidos na sociedade. Esse \u00e9 o principal objetivo da Associa\u00e7\u00e3o de Pais e Amigos do Surdo de Itabira (Apasita), que promoveu nesse s\u00e1bado, 28 de janeiro, um encontro para discutir sobre os direitos dos associados, inclus\u00e3o social, inser\u00e7\u00e3o no mercado de trabalho, autonomia para gerir a entidade, entre outros [&hellip;]<\/p>\n","protected":false},"author":4,"featured_media":0,"comment_status":"open","ping_status":"open","sticky":false,"template":"","format":"standard","meta":{"footnotes":""},"categories":[28,35,43],"tags":[],"class_list":["post-3869","post","type-post","status-publish","format-standard","hentry","category-geral","category-libras","category-noticia"],"_links":{"self":[{"href":"https:\/\/socepel.com.br\/index.php?rest_route=\/wp\/v2\/posts\/3869","targetHints":{"allow":["GET"]}}],"collection":[{"href":"https:\/\/socepel.com.br\/index.php?rest_route=\/wp\/v2\/posts"}],"about":[{"href":"https:\/\/socepel.com.br\/index.php?rest_route=\/wp\/v2\/types\/post"}],"author":[{"embeddable":true,"href":"https:\/\/socepel.com.br\/index.php?rest_route=\/wp\/v2\/users\/4"}],"replies":[{"embeddable":true,"href":"https:\/\/socepel.com.br\/index.php?rest_route=%2Fwp%2Fv2%2Fcomments&post=3869"}],"version-history":[{"count":1,"href":"https:\/\/socepel.com.br\/index.php?rest_route=\/wp\/v2\/posts\/3869\/revisions"}],"predecessor-version":[{"id":3874,"href":"https:\/\/socepel.com.br\/index.php?rest_route=\/wp\/v2\/posts\/3869\/revisions\/3874"}],"wp:attachment":[{"href":"https:\/\/socepel.com.br\/index.php?rest_route=%2Fwp%2Fv2%2Fmedia&parent=3869"}],"wp:term":[{"taxonomy":"category","embeddable":true,"href":"https:\/\/socepel.com.br\/index.php?rest_route=%2Fwp%2Fv2%2Fcategories&post=3869"},{"taxonomy":"post_tag","embeddable":true,"href":"https:\/\/socepel.com.br\/index.php?rest_route=%2Fwp%2Fv2%2Ftags&post=3869"}],"curies":[{"name":"wp","href":"https:\/\/api.w.org\/{rel}","templated":true}]}}