{"id":3820,"date":"2016-12-02T19:38:57","date_gmt":"2016-12-02T19:38:57","guid":{"rendered":"http:\/\/www.socepel.com.br\/wpress\/?p=3820"},"modified":"2016-12-18T19:48:29","modified_gmt":"2016-12-18T19:48:29","slug":"dia-d-da-campanha-es-solidario-leva-alegria-e-diversao-para-alunos","status":"publish","type":"post","link":"https:\/\/socepel.com.br\/?p=3820","title":{"rendered":"Dia D da campanha ES Solid\u00e1rio leva alegria e divers\u00e3o para alunos"},"content":{"rendered":"<p>&nbsp;<\/p>\n<p style=\"text-align: justify;\"><span style=\"color: #000000;\"><span style=\"font-family: 'Pontano Sans', 'Open Sans', Arial, Helvetica, sans-serif;\"><span style=\"font-size: medium;\"><a href=\"http:\/\/www.socepel.com.br\/wpress\/?attachment_id=3821\" rel=\"attachment wp-att-3821\"><img loading=\"lazy\" decoding=\"async\" class=\"aligncenter size-full wp-image-3821\" src=\"http:\/\/www.socepel.com.br\/wpress\/wp-content\/uploads\/2016\/12\/Noticia_20161202-4_Imagem.jpg\" alt=\"noticia_20161202-4_imagem\" width=\"600\" height=\"350\" srcset=\"https:\/\/socepel.com.br\/wp-content\/uploads\/2016\/12\/Noticia_20161202-4_Imagem.jpg 600w, https:\/\/socepel.com.br\/wp-content\/uploads\/2016\/12\/Noticia_20161202-4_Imagem-300x175.jpg 300w, https:\/\/socepel.com.br\/wp-content\/uploads\/2016\/12\/Noticia_20161202-4_Imagem-70x40.jpg 70w\" sizes=\"auto, (max-width: 600px) 100vw, 600px\" \/><\/a>Nesta sexta-feira (02) foi\u00a0realizado o Dia D da campanha Esp\u00edrito Santo Solid\u00e1rio. Em virtude desse dia t\u00e3o especial, o programa Fala Esp\u00edrito Santo, da TV Vit\u00f3ria, esteve na sede da Associa\u00e7\u00e3o de Pais e Amigos dos Excepcionais (APAE), que fica no bairro Bento Ferreira, em\u00a0<\/span><\/span><strong><span style=\"font-family: 'Pontano Sans', 'Open Sans', Arial, Helvetica, sans-serif;\"><span style=\"font-size: medium;\"><b>Vit\u00f3ria<\/b><\/span><\/span><\/strong><span style=\"font-family: 'Pontano Sans', 'Open Sans', Arial, Helvetica, sans-serif;\"><span style=\"font-size: medium;\">, para realizar diversas a\u00e7\u00f5es com as pessoas da APAE.<\/span><\/span><\/span><\/p>\n<p style=\"text-align: justify;\"><span style=\"color: #000000;\"><span style=\"font-family: 'Pontano Sans', 'Open Sans', Arial, Helvetica, sans-serif;\"><span style=\"font-size: medium;\">O Dia D teve uma programa\u00e7\u00e3o muito especial, contando com a turma do Macakids, que apresentou uma dan\u00e7a super divertida para as crian\u00e7as, al\u00e9m da banda Derengos, que animou a sede da APAE e colocou todo mundo para dan\u00e7ar com um belo repert\u00f3rio musical.<\/span><\/span><\/span><\/p>\n<p style=\"text-align: justify;\"><span style=\"color: #000000;\"><span style=\"font-family: 'Pontano Sans', 'Open Sans', Arial, Helvetica, sans-serif;\"><span style=\"font-size: medium;\">O evento tem por objetivo conscientizar a popula\u00e7\u00e3o de que muitas pessoas com defici\u00eancia intelectual no Brasil, e v\u00e1rias delas t\u00eam nas APAE\u2019s a oportunidade de desenvolver seus conhecimentos e superar os seus limites.\u00a0A campanha ES Solid\u00e1rio do m\u00eas de novembro teve foco especial em arrecadar doa\u00e7\u00f5es e refor\u00e7ar a import\u00e2ncia em ajudar a APAE.<\/span><\/span><\/span><\/p>\n<p style=\"text-align: justify;\"><span style=\"color: #000000;\"><span style=\"font-family: 'Pontano Sans', 'Open Sans', Arial, Helvetica, sans-serif;\"><span style=\"font-size: medium;\">S\u00f3 no Brasil, s\u00e3o mais de 2,6 milh\u00f5es de deficientes intelectuais. No Esp\u00edrito Santo s\u00e3o mais de 47 mil pessoas que possuem defici\u00eancia intelectual, segundo dados do IBGE.<\/span><\/span><\/span><\/p>\n<p style=\"text-align: justify;\"><span style=\"color: #000000;\"><span style=\"font-family: 'Pontano Sans', 'Open Sans', Arial, Helvetica, sans-serif;\"><span style=\"font-size: medium;\">A estimativa mundial da Organiza\u00e7\u00e3o Mundial da Sa\u00fade (OMS) \u00e9 de que a cada 700 pessoas nascidas, uma tem S\u00edndrome de Down, que \u00e9 a defici\u00eancia intelectual com maior incid\u00eancia no Pa\u00eds. No Esp\u00edrito Santo, estima-se que s\u00e3o cerca de 5.550 pessoas com essa s\u00edndrome.<\/span><\/span><\/span><\/p>\n<p style=\"text-align: justify;\"><span style=\"color: #000000;\"><span style=\"font-family: 'Pontano Sans', 'Open Sans', Arial, Helvetica, sans-serif;\"><span style=\"font-size: medium;\">Diante desses n\u00fameros, as APAE\u2019s de todo o Estado atendem atualmente 7.524 pessoas com defici\u00eancia intelectual. As institui\u00e7\u00f5es, localizadas em 40 dos 78 munic\u00edpios do Esp\u00edrito Santo empregam direta e indiretamente mais de 2.500 pessoas.<\/span><\/span><\/span><\/p>\n<p style=\"text-align: justify;\"><span style=\"color: #000000;\"><span style=\"font-family: 'Pontano Sans', 'Open Sans', Arial, Helvetica, sans-serif;\"><span style=\"font-size: medium;\">Maiara Lopes \u00e9 aluna da APAE e conta que a institui\u00e7\u00e3o se tornou um novo lar para ela. \u201cGosto muito daqui, aqui \u00e9 o meu segundo endere\u00e7o. Gosto dos meus amigos, amo muito eles. Quando tenho d\u00favidas, eu pergunto aos professores, aos assistentes sociais, a gente conversa, bate papo\u2026\u201d, conta Maiara, que participa da banda de Congo, dentre outras atividades da institui\u00e7\u00e3o.<\/span><\/span><\/span><\/p>\n<p style=\"text-align: justify;\"><span style=\"color: #000000;\"><span style=\"font-family: 'Pontano Sans', 'Open Sans', Arial, Helvetica, sans-serif;\"><span style=\"font-size: medium;\">O presidente da APAE Vit\u00f3ria, Pedro Bassini, revela que a APAE faz um trabalho muito especial, que toda a sociedade deve conhecer. \u201cA APAE tem 51 anos de hist\u00f3ria ajudando muita gente. Eu queria aproveitar a oportunidade para agradecer a voc\u00eas da TV Vit\u00f3ria. Voc\u00eas n\u00e3o t\u00eam ideia do bem que est\u00e3o fazendo \u00e0 nossa institui\u00e7\u00e3o. O trabalho que \u00e9 realizado aqui \u00e9 maravilhoso e voc\u00eas est\u00e3o tendo a oportunidade de mostrar isso para a sociedade\u201d, diz Pedro Bassini.<\/span><\/span><\/span><\/p>\n<p><span style=\"color: #000000;\"><span style=\"font-family: 'Pontano Sans', 'Open Sans', Arial, Helvetica, sans-serif;\"><span style=\"font-size: medium;\">Fonte<a href=\"http:\/\/:http:\/\/www.folhavitoria.com.br\/geral\/blogs\/es-solidario\/2016\/12\/02\/dia-d-da-campanha-es-solidario-leva-alegria-e-diversao-para-alunos\/\" target=\"_blank\">:<span style=\"font-size: small;\">ht02tp:\/\/www.folhavitoria.com.br\/geral\/blogs\/es-solidario\/2016\/12\/02\/dia-d-da-campanha-es-solidario-leva-alegria-e-diversao-para-alunos\/<\/span><\/a><\/span><\/span><\/span><\/p>\n","protected":false},"excerpt":{"rendered":"<p>&nbsp; Nesta sexta-feira (02) foi\u00a0realizado o Dia D da campanha Esp\u00edrito Santo Solid\u00e1rio. Em virtude desse dia t\u00e3o especial, o programa Fala Esp\u00edrito Santo, da TV Vit\u00f3ria, esteve na sede da Associa\u00e7\u00e3o de Pais e Amigos dos Excepcionais (APAE), que fica no bairro Bento Ferreira, em\u00a0Vit\u00f3ria, para realizar diversas a\u00e7\u00f5es com as pessoas da APAE. [&hellip;]<\/p>\n","protected":false},"author":4,"featured_media":0,"comment_status":"open","ping_status":"open","sticky":false,"template":"","format":"standard","meta":{"footnotes":""},"categories":[28,43],"tags":[],"class_list":["post-3820","post","type-post","status-publish","format-standard","hentry","category-geral","category-noticia"],"_links":{"self":[{"href":"https:\/\/socepel.com.br\/index.php?rest_route=\/wp\/v2\/posts\/3820","targetHints":{"allow":["GET"]}}],"collection":[{"href":"https:\/\/socepel.com.br\/index.php?rest_route=\/wp\/v2\/posts"}],"about":[{"href":"https:\/\/socepel.com.br\/index.php?rest_route=\/wp\/v2\/types\/post"}],"author":[{"embeddable":true,"href":"https:\/\/socepel.com.br\/index.php?rest_route=\/wp\/v2\/users\/4"}],"replies":[{"embeddable":true,"href":"https:\/\/socepel.com.br\/index.php?rest_route=%2Fwp%2Fv2%2Fcomments&post=3820"}],"version-history":[{"count":1,"href":"https:\/\/socepel.com.br\/index.php?rest_route=\/wp\/v2\/posts\/3820\/revisions"}],"predecessor-version":[{"id":3822,"href":"https:\/\/socepel.com.br\/index.php?rest_route=\/wp\/v2\/posts\/3820\/revisions\/3822"}],"wp:attachment":[{"href":"https:\/\/socepel.com.br\/index.php?rest_route=%2Fwp%2Fv2%2Fmedia&parent=3820"}],"wp:term":[{"taxonomy":"category","embeddable":true,"href":"https:\/\/socepel.com.br\/index.php?rest_route=%2Fwp%2Fv2%2Fcategories&post=3820"},{"taxonomy":"post_tag","embeddable":true,"href":"https:\/\/socepel.com.br\/index.php?rest_route=%2Fwp%2Fv2%2Ftags&post=3820"}],"curies":[{"name":"wp","href":"https:\/\/api.w.org\/{rel}","templated":true}]}}