{"id":3811,"date":"2016-12-02T18:34:31","date_gmt":"2016-12-02T18:34:31","guid":{"rendered":"http:\/\/www.socepel.com.br\/wpress\/?p=3811"},"modified":"2016-12-18T18:42:38","modified_gmt":"2016-12-18T18:42:38","slug":"pastoral-de-surdos-forma-mais-de-100-alunos-em-curso-de-libras-no-df","status":"publish","type":"post","link":"https:\/\/socepel.com.br\/?p=3811","title":{"rendered":"Pastoral de Surdos forma mais de 100 alunos em curso de Libras no DF"},"content":{"rendered":"<h3 style=\"text-align: justify;\"><span style=\"color: #000080;\"><strong><span style=\"font-family: Merriweather, Georgia, Cambria, 'Times New Roman', Times, serif;\"><span style=\"font-size: medium;\"><i>Forma\u00e7\u00e3o durou tr\u00eas meses e terminou no s\u00e1bado (26\/11) e pretende ajudar a incluir a comunidade surda nas par\u00f3quias<\/i><\/span><\/span><\/strong><\/span><\/h3>\n<p style=\"text-align: justify;\"><span style=\"color: #000000;\"><span style=\"font-family: Merriweather, Georgia, Cambria, 'Times New Roman', Times, serif;\"><span style=\"font-size: medium;\"><a href=\"http:\/\/www.socepel.com.br\/wpress\/?attachment_id=3812\" rel=\"attachment wp-att-3812\"><img loading=\"lazy\" decoding=\"async\" class=\"aligncenter size-full wp-image-3812\" src=\"http:\/\/www.socepel.com.br\/wpress\/wp-content\/uploads\/2016\/12\/Noticia_20161212-2_Imagem.jpg\" alt=\"noticia_20161212-2_imagem\" width=\"600\" height=\"326\" srcset=\"https:\/\/socepel.com.br\/wp-content\/uploads\/2016\/12\/Noticia_20161212-2_Imagem.jpg 600w, https:\/\/socepel.com.br\/wp-content\/uploads\/2016\/12\/Noticia_20161212-2_Imagem-300x163.jpg 300w\" sizes=\"auto, (max-width: 600px) 100vw, 600px\" \/><\/a>Durante tr\u00eas meses, mais de 100 alunos reuniram-se para aprender a L\u00edngua Brasileira de Sinais (Libras). O curso, promovido pela Par\u00f3quias da Arquidiocese promovido pela Pastoral de Surdos de Bras\u00edlia, pretende ajudar os evangelizadores a incluir a comunidade surda nas atividades religiosas das igrejas do Distrito Federal. A forma\u00e7\u00e3o foi conclu\u00edda no s\u00e1bado (26\/11).\u00a0<\/span><\/span><\/span><\/p>\n<p style=\"text-align: justify;\"><span style=\"color: #000000;\"><span style=\"font-family: Merriweather, Georgia, Cambria, 'Times New Roman', Times, serif;\"><span style=\"font-size: medium;\">Alessandra Santos, coordenadora do projeto, conta que o curso ocorreu simultaneamente em cinco par\u00f3quias do Distrito Federal, para mais de 100 alunos. \u201cEles v\u00e3o trabalhar em prol dos surdos, na sua evangeliza\u00e7\u00e3o e promo\u00e7\u00e3o social\u201d, afirma.<\/span><\/span><\/span><\/p>\n<p style=\"text-align: justify;\"><span style=\"color: #000000;\"><span style=\"font-family: Merriweather, Georgia, Cambria, 'Times New Roman', Times, serif;\"><span style=\"font-size: medium;\">A coordenadora explica que o curso faz parte de um projeto para aumentar o n\u00famero de membros das pastorais que compreendem e se comunicam em Libras. Com isso, eles esperam que a presen\u00e7a da comunidade surda nas par\u00f3quias aumente. \u201cEstamos muito felizes com o projeto, que come\u00e7ou no ano passado e j\u00e1 certificou 136 alunos de v\u00e1rias regi\u00f5es\u201d, conta.<\/span><\/span><\/span><\/p>\n<p style=\"text-align: justify;\"><span style=\"color: #000000;\"><span style=\"font-family: Merriweather, Georgia, Cambria, 'Times New Roman', Times, serif;\"><span style=\"font-size: medium;\">O encerramento do curso ocorreu simultaneamente nas par\u00f3quias S\u00e3o Pedro Ap\u00f3stolo, no P Sul; S\u00e3o Marcos e S\u00e3o Lucas, no P Norte; S\u00e3o Francisco de Assis II, na Expans\u00e3o do Setor O; na Igreja Santa Maria dos Pobres, localizada no Parano\u00e1, e na Casa de Ora\u00e7\u00e3o Felipo Smaldone. A conclus\u00e3o do curso foi comemorada com missa e\u00a0caf\u00e9 da manh\u00e3.<\/span><\/span><\/span><\/p>\n<p><span style=\"color: #000000;\">Fonte:<a href=\"http:\/\/www.metropoles.com\/distrito-federal\/pastoral-de-surdos-forma-mais-de-100-alunos-em-curso-de-libras-no-d\" target=\"_blank\">http:\/\/www.metropoles.com\/<\/a>f<\/span><\/p>\n","protected":false},"excerpt":{"rendered":"<p>Forma\u00e7\u00e3o durou tr\u00eas meses e terminou no s\u00e1bado (26\/11) e pretende ajudar a incluir a comunidade surda nas par\u00f3quias Durante tr\u00eas meses, mais de 100 alunos reuniram-se para aprender a L\u00edngua Brasileira de Sinais (Libras). O curso, promovido pela Par\u00f3quias da Arquidiocese promovido pela Pastoral de Surdos de Bras\u00edlia, pretende ajudar os evangelizadores a incluir [&hellip;]<\/p>\n","protected":false},"author":4,"featured_media":0,"comment_status":"open","ping_status":"open","sticky":false,"template":"","format":"standard","meta":{"footnotes":""},"categories":[14,35,43,52],"tags":[],"class_list":["post-3811","post","type-post","status-publish","format-standard","hentry","category-curso-de-libras","category-libras","category-noticia","category-surdez"],"_links":{"self":[{"href":"https:\/\/socepel.com.br\/index.php?rest_route=\/wp\/v2\/posts\/3811","targetHints":{"allow":["GET"]}}],"collection":[{"href":"https:\/\/socepel.com.br\/index.php?rest_route=\/wp\/v2\/posts"}],"about":[{"href":"https:\/\/socepel.com.br\/index.php?rest_route=\/wp\/v2\/types\/post"}],"author":[{"embeddable":true,"href":"https:\/\/socepel.com.br\/index.php?rest_route=\/wp\/v2\/users\/4"}],"replies":[{"embeddable":true,"href":"https:\/\/socepel.com.br\/index.php?rest_route=%2Fwp%2Fv2%2Fcomments&post=3811"}],"version-history":[{"count":2,"href":"https:\/\/socepel.com.br\/index.php?rest_route=\/wp\/v2\/posts\/3811\/revisions"}],"predecessor-version":[{"id":3814,"href":"https:\/\/socepel.com.br\/index.php?rest_route=\/wp\/v2\/posts\/3811\/revisions\/3814"}],"wp:attachment":[{"href":"https:\/\/socepel.com.br\/index.php?rest_route=%2Fwp%2Fv2%2Fmedia&parent=3811"}],"wp:term":[{"taxonomy":"category","embeddable":true,"href":"https:\/\/socepel.com.br\/index.php?rest_route=%2Fwp%2Fv2%2Fcategories&post=3811"},{"taxonomy":"post_tag","embeddable":true,"href":"https:\/\/socepel.com.br\/index.php?rest_route=%2Fwp%2Fv2%2Ftags&post=3811"}],"curies":[{"name":"wp","href":"https:\/\/api.w.org\/{rel}","templated":true}]}}